{"id":263503,"date":"2025-07-12T21:57:17","date_gmt":"2025-07-12T21:57:17","guid":{"rendered":"https:\/\/www.europesays.com\/de\/263503\/"},"modified":"2025-07-12T21:57:17","modified_gmt":"2025-07-12T21:57:17","slug":"hamburg-familienfeier-endet-mit-schlaegerei-und-verletzten-regional","status":"publish","type":"post","link":"https:\/\/www.europesays.com\/de\/263503\/","title":{"rendered":"Hamburg: Familienfeier endet mit Schl\u00e4gerei und Verletzten | Regional"},"content":{"rendered":"<p>Hamburg \u2013 <b>Auf dieser Familienfeier setzte man auf schlagkr\u00e4ftige Argumente. <\/b><\/p>\n<p>Eigentlich sollte es am Samstag eine fr\u00f6hliche Familienfeier werden. Doch gegen 17.20 Uhr schlug die Partystimmung in Gewalt um. Offenbar gerieten mehrere G\u00e4ste in Streit und begannen sich zu pr\u00fcgeln. Zeugen alarmierten die Polizei, als die Situation eskalierte. <\/p>\n<p>Mehrere Streifenwagen der <a href=\"https:\/\/www.bild.de\/regional\/aktuelles\/polizei\/polizeieinsatz-alle-infos-76681760.bild.html\" class=\"text-link\" rel=\"nofollow noopener\" target=\"_blank\">Polizei<\/a> und Rettungswagen r\u00fcckten in der Sonninstra\u00dfe in <a href=\"https:\/\/www.bild.de\/regional\/hamburg\/hamburg-regional\/home-16344102.bild.html\" class=\"text-link\" rel=\"nofollow noopener\" target=\"_blank\">Hamburg <\/a>an. Bis zum sp\u00e4ten Abend blieb unklar, wie viele M\u00e4nner sich an der Auseinandersetzung beteiligten.<\/p>\n<p><img decoding=\"async\" width=\"992\" height=\"558\" alt=\"Ein Sanit\u00e4ter begleitet eine geschockte Frau\" src=\"https:\/\/www.europesays.com\/de\/wp-content\/uploads\/2025\/07\/1f12b48e2314a00d41ec5ff55205aea2,323f28a1\"   class=\"landscape\" loading=\"lazy\"\/><\/p>\n<p class=\"fig__caption__text\">Ein Sanit\u00e4ter begleitet eine geschockte Frau<\/p>\n<p>Foto: Marco Zitzow<\/p>\n<p>Auch war f\u00fcr die <a href=\"https:\/\/www.bild.de\/themen\/organisationen\/rettungsdienst\/politik-nachrichten-news-fotos-videos-19795274.bild.html\" class=\"text-link\" rel=\"nofollow noopener\" target=\"_blank\">Einsatzkr\u00e4fte<\/a> nicht klar, ob die G\u00e4ste eine Verlobung feiern wollten oder sich f\u00fcr die Vorbereitung auf eine Hochzeit trafen. Vor Ort nahm die Polizei einen Mann in Gewahrsam. Eine Frau musste wegen eines Schocks von Sanit\u00e4tern behandelt werden.<\/p>\n<p>Lesen Sie auch<\/p>\n<p><b>Eine zweite Frau kam mit Prellungen in die Klinik. Der Ausl\u00f6ser des Streits ist noch unbekannt. <\/b><\/p>\n","protected":false},"excerpt":{"rendered":"Hamburg \u2013 Auf dieser Familienfeier setzte man auf schlagkr\u00e4ftige Argumente. Eigentlich sollte es am Samstag eine fr\u00f6hliche Familienfeier&hellip;\n","protected":false},"author":2,"featured_media":263504,"comment_status":"","ping_status":"","sticky":false,"template":"","format":"standard","meta":{"footnotes":""},"categories":[1826],"tags":[29,30,1000,692,46947,1292,3263,121,3906,7083,2127,45,2627],"class_list":{"0":"post-263503","1":"post","2":"type-post","3":"status-publish","4":"format-standard","5":"has-post-thumbnail","7":"category-hamburg","8":"tag-deutschland","9":"tag-germany","10":"tag-gewalt","11":"tag-hamburg","12":"tag-hammerbrook","13":"tag-hochzeit","14":"tag-krankenhaus","15":"tag-polizei","16":"tag-rettungsdienst","17":"tag-rettungssanitaeter","18":"tag-streit","19":"tag-texttospeech","20":"tag-verletzungen"},"share_on_mastodon":{"url":"https:\/\/pubeurope.com\/@de\/114842504193898211","error":""},"_links":{"self":[{"href":"https:\/\/www.europesays.com\/de\/wp-json\/wp\/v2\/posts\/263503","targetHints":{"allow":["GET"]}}],"collection":[{"href":"https:\/\/www.europesays.com\/de\/wp-json\/wp\/v2\/posts"}],"about":[{"href":"https:\/\/www.europesays.com\/de\/wp-json\/wp\/v2\/types\/post"}],"author":[{"embeddable":true,"href":"https:\/\/www.europesays.com\/de\/wp-json\/wp\/v2\/users\/2"}],"replies":[{"embeddable":true,"href":"https:\/\/www.europesays.com\/de\/wp-json\/wp\/v2\/comments?post=263503"}],"version-history":[{"count":0,"href":"https:\/\/www.europesays.com\/de\/wp-json\/wp\/v2\/posts\/263503\/revisions"}],"wp:featuredmedia":[{"embeddable":true,"href":"https:\/\/www.europesays.com\/de\/wp-json\/wp\/v2\/media\/263504"}],"wp:attachment":[{"href":"https:\/\/www.europesays.com\/de\/wp-json\/wp\/v2\/media?parent=263503"}],"wp:term":[{"taxonomy":"category","embeddable":true,"href":"https:\/\/www.europesays.com\/de\/wp-json\/wp\/v2\/categories?post=263503"},{"taxonomy":"post_tag","embeddable":true,"href":"https:\/\/www.europesays.com\/de\/wp-json\/wp\/v2\/tags?post=263503"}],"curies":[{"name":"wp","href":"https:\/\/api.w.org\/{rel}","templated":true}]}}