{"id":263505,"date":"2025-07-12T21:58:12","date_gmt":"2025-07-12T21:58:12","guid":{"rendered":"https:\/\/www.europesays.com\/de\/263505\/"},"modified":"2025-07-12T21:58:12","modified_gmt":"2025-07-12T21:58:12","slug":"brandenburg-friederike-benda-zur-neuen-bsw-landesvorsitzenden-in-brandenburg-gewaehlt","status":"publish","type":"post","link":"https:\/\/www.europesays.com\/de\/263505\/","title":{"rendered":"Brandenburg: Friederike Benda zur neuen BSW-Landesvorsitzenden in Brandenburg gew\u00e4hlt"},"content":{"rendered":"<p class=\"metatextline\">Stand: 12.07.2025 21:24 Uhr<\/p>\n<p class=\"textabsatz columns twelve  m-ten  m-offset-one l-eight l-offset-two\">\n        <strong>Das B\u00fcndnis Sahra Wagenknecht in Brandenburg hat eine neue F\u00fchrung. Auf einem Parteitag in Kleinmachnow w\u00e4hlten die Mitglieder Friederike Benda zur neuen Landeschefin der Regierungspartei.<\/strong>\n    <\/p>\n<p class=\"textabsatz m-ten m-offset-one l-eight l-offset-two columns twelve\">\nDas Brandenburger B\u00fcndnis Sahra Wagenknecht (BSW) hat eine neue Landeschefin. Auf einem Parteitag in Kleinmachnow w\u00e4hlten die Delegierten am Samstag die Juristin und stellvertretende BSW-Bundeschefin Friederike Benda mit 106 von 136 Stimmen zur neuen Vorsitzenden.<br \/>\u00a0<br \/>Auf ihren Gegenkandidaten, den Landwirt Vinzenz Lorenz, entfielen 30 Stimmen.<\/p>\n<p>            <img loading=\"lazy\" decoding=\"async\" class=\"ts-image\" src=\"https:\/\/www.europesays.com\/de\/wp-content\/uploads\/2025\/07\/rbb-audio-rbb24-inforadio-11-07-2025-amelie-ernst-100.jpg\" alt=\"Robert Crumbach beim Au\u00dferordentlichen Landesparteitag des BSW in der Eventlocation Pirschheide. Potsdam, 06.12.2024\" title=\"Audio: rbb24 Inforadio | 11.07.2025 | Amelie Ernst | picture alliance \/ Geisler-Fotopress\"\/><\/p>\n<p>Brandenburger BSW w\u00e4hlt neue F\u00fchrung<\/p>\n<p>            Nach Wahlerfolgen mit Regierungsbeteiligung scheiterte das BSW knapp am Einzug in den Bundestag. Brandenburg geh\u00f6rt damit zu den neuen Kraftzentren der Partei. Nun stehen deren Mitglieder vor einer richtungsweisenden Entscheidung. Von Hanno Christ<a href=\"https:\/\/www.rbb24.de\/politik\/beitrag\/2025\/07\/bsw-brandenburg-parteitag-neue-fuehrung-.html\" title=\"mehr\" class=\"textlink--extern\" target=\"_blank\" rel=\"noopener nofollow\">mehr<\/a><\/p>\n<p>    Benda lehnt AfD-Brandmauer ab<\/p>\n<p class=\"textabsatz m-ten m-offset-one l-eight l-offset-two columns twelve\">\nVor ihrer Wahl hatte sich Benda in einer Rede gegen einen Brandmauer gegen die AfD ausgesprochen. Sie sagte: &#8222;Wir sind \u00fcberzeugt, die sogenannte Brandmauer und die Verbotsdebatte machen die AfD erst richtig gro\u00df. Diese Strategien sind gescheitert.&#8220; Das BSW werde sich weiter inhaltlich und politisch mit der AfD auseinandersetzen. Ein AfD-Verbotsverfahren lehnt Benda ab.<br \/>\u00a0<br \/>AfD-Landeschef Ren\u00e9 Springer nannte Bendas Aussage einen politischen Dammbruch. &#8222;Brandmauer, Verbotsfantasien und Russland-Sanktionen&#8220; seien Konzepte der Altparteien, die nur steigende Preise, gef\u00e4hrdete Arbeitspl\u00e4tze und eine gespaltene Gesellschaft gebracht h\u00e4tten, so Springer laut einer AfD-Mitteilung.<br \/>\u00a0<br \/>Der AfD-Landesverband in Brandenburg ist vom Landesverfassungsschutz als rechtsextremistischer Verdachtsfall eingestuft. Die j\u00fcngst getroffene Bewertung als gesichert rechtsextremistische Bestrebung liegt wegen der juristischen Auseinandersetzung dar\u00fcber vorerst auf Eis.<\/p>\n<p>            <img loading=\"lazy\" decoding=\"async\" class=\"ts-image\" src=\"https:\/\/www.europesays.com\/de\/wp-content\/uploads\/2025\/07\/rbb-532245110-woidke-100.jpg\" alt=\"Symbolbild: Ministerpr\u00e4sident Dietmar Woidke, SPD w\u00e4hrend der 16. Landtagssitzung.\" title=\"Audio: rbb24 Inforadio | 26.06.2025 | Thomas Bittner | dpa\/dts Nachrichtenagentur\"\/><\/p>\n<p>Das neue Normal: Die Unzufriedenheit regiert<\/p>\n<p>            Ein halbes Jahr nach dem Start der SPD-BSW-Koalition ist in Brandenburg Ern\u00fcchterung eingetreten. Die Unzufriedenen sind in der Mehrheit. Es profitieren die Oppositionellen von rechts und links. Von Thomas Bittner<a href=\"https:\/\/www.rbb24.de\/politik\/beitrag\/2025\/06\/brandenburg-trend-analyse-sonntagsfrage-spd-bsw-bildungspolitik-woidke.html\" title=\"mehr\" class=\"textlink--extern\" target=\"_blank\" rel=\"noopener nofollow\">mehr<\/a><\/p>\n<p>    Kritik an Russland-Sanktionen<\/p>\n<p class=\"textabsatz m-ten m-offset-one l-eight l-offset-two columns twelve\">\nAu\u00dferdem sprach sich die 38-j\u00e4hrige Benda aus dem Kreis Oberhavel gegen Russland-Sanktionen aus, die etwa die \u00d6lraffinerie PCK in Schwedt tr\u00e4fen. &#8222;Es war und ist die falsche Politik der Bundesregierung, die Wohlstand und Arbeitspl\u00e4tze regelrecht vernichtet und die ganze Region in Brandenburg und anderswo in die Krise gest\u00fcrzt hat.&#8220;<br \/>\u00a0<br \/>Benda sagte, das BSW m\u00fcsse sich auf seine eigene St\u00e4rke besinnen und d\u00fcrfe sich nicht anpassen. &#8222;Wir sind ein sehr gutes Korrektiv f\u00fcr unseren Koalitionspartner und vor allem zeigen wir auch, dass wir das k\u00f6nnen&#8220;, so Benda weiter. &#8222;Aber wir d\u00fcrfen auch nicht ignorieren, dass die Regierungsbeteiligungen in Brandenburg, aber vor allem in Th\u00fcringen, viele unserer W\u00e4hlerinnen und W\u00e4hler entt\u00e4uscht haben, die von uns erwarten, dass wir keine Kompromisse eingehen.&#8220;<br \/>\u00a0<br \/>Der Brandenburger CDU-Generalsekret\u00e4r Gordon Hoffmann warf dem BSW vor, die Forderungen seien ein Freibrief f\u00fcr Kremlchef Wladimir Putin. &#8222;Ein Stopp der Waffenlieferungen und das Ende der Sanktionen st\u00e4rken allein Putin&#8220;, so Hoffmann laut einer Mitteilung.<\/p>\n<p>    Crumbach im Fr\u00fchjahr zur\u00fcckgetreten<\/p>\n<p class=\"textabsatz m-ten m-offset-one l-eight l-offset-two columns twelve\">\nDer bisherige BSW-Chef <a href=\"https:\/\/www.rbb24.de\/politik\/beitrag\/2025\/04\/finanzminister-robert-crumbach-aufgabe-bsw-landesvorsitz-brandenburg.html\" title=\"Crumbach\" class=\"textlink--extern\" target=\"_blank\" rel=\"noopener nofollow\">Crumbach<\/a> hatte im Fr\u00fchjahr angek\u00fcndigt, den Landesvorsitz abzugeben. Er begr\u00fcndete das mit der Belastung durch seine \u00c4mter als Finanzminister und Vize-Ministerpr\u00e4sident. Zudem gab es innerhalb der Partei in Th\u00fcringen eine Debatte um die Trennung von Amt und Mandat.<br \/>\u00a0<br \/>Seit vergangenem Dezember regieren SPD und BSW in Brandenburg gemeinsam.<\/p>\n<p>                                        <a class=\"backlink__link\" href=\"https:\/\/www.rbb24.de\/politik\/beitrag\/2025\/07\/bsw-landesparteitag-brandenburg-parteispitze-wahl-buendnis-sahra-wagenknecht.html\" rel=\"nofollow noopener\" target=\"_blank\"><\/p>\n<p>                                                <img decoding=\"async\" src=\"https:\/\/images.tagesschau.de\/image\/898f19c3-6760-4be2-a33f-1fa765216ec2\/AAABlap_olM\/AAABkZLrr6A\/original\/lra-rbb-logo-100.svg\" alt=\"Rundfunk Berlin-Brandenburg\"\/><\/p>\n<p>                                        <\/a><\/p>\n","protected":false},"excerpt":{"rendered":"Stand: 12.07.2025 21:24 Uhr Das B\u00fcndnis Sahra Wagenknecht in Brandenburg hat eine neue F\u00fchrung. Auf einem Parteitag in&hellip;\n","protected":false},"author":2,"featured_media":263506,"comment_status":"","ping_status":"","sticky":false,"template":"","format":"standard","meta":{"footnotes":""},"categories":[1816],"tags":[1960,1958,1959,1957,1956,1890,29,30,2239],"class_list":{"0":"post-263505","1":"post","2":"type-post","3":"status-publish","4":"format-standard","5":"has-post-thumbnail","7":"category-brandenburg","8":"tag-aktuelle-nachrichten-aus-berlin-und-brandenburg","9":"tag-aktuelle-nachrichten-aus-brandenburg","10":"tag-aktuelle-news-aus-berlin-und-brandenburg","11":"tag-aktuelle-news-aus-brandenburg","12":"tag-berlin-und-brandenburg","13":"tag-brandenburg","14":"tag-deutschland","15":"tag-germany","16":"tag-rbb"},"share_on_mastodon":{"url":"https:\/\/pubeurope.com\/@de\/114842508148160592","error":""},"_links":{"self":[{"href":"https:\/\/www.europesays.com\/de\/wp-json\/wp\/v2\/posts\/263505","targetHints":{"allow":["GET"]}}],"collection":[{"href":"https:\/\/www.europesays.com\/de\/wp-json\/wp\/v2\/posts"}],"about":[{"href":"https:\/\/www.europesays.com\/de\/wp-json\/wp\/v2\/types\/post"}],"author":[{"embeddable":true,"href":"https:\/\/www.europesays.com\/de\/wp-json\/wp\/v2\/users\/2"}],"replies":[{"embeddable":true,"href":"https:\/\/www.europesays.com\/de\/wp-json\/wp\/v2\/comments?post=263505"}],"version-history":[{"count":0,"href":"https:\/\/www.europesays.com\/de\/wp-json\/wp\/v2\/posts\/263505\/revisions"}],"wp:featuredmedia":[{"embeddable":true,"href":"https:\/\/www.europesays.com\/de\/wp-json\/wp\/v2\/media\/263506"}],"wp:attachment":[{"href":"https:\/\/www.europesays.com\/de\/wp-json\/wp\/v2\/media?parent=263505"}],"wp:term":[{"taxonomy":"category","embeddable":true,"href":"https:\/\/www.europesays.com\/de\/wp-json\/wp\/v2\/categories?post=263505"},{"taxonomy":"post_tag","embeddable":true,"href":"https:\/\/www.europesays.com\/de\/wp-json\/wp\/v2\/tags?post=263505"}],"curies":[{"name":"wp","href":"https:\/\/api.w.org\/{rel}","templated":true}]}}