{"id":263507,"date":"2025-07-12T21:59:18","date_gmt":"2025-07-12T21:59:18","guid":{"rendered":"https:\/\/www.europesays.com\/de\/263507\/"},"modified":"2025-07-12T21:59:18","modified_gmt":"2025-07-12T21:59:18","slug":"hertha-bsc-maurice-krattenmacher-ueber-jamal-musiala-und-sandro-wagner-sport","status":"publish","type":"post","link":"https:\/\/www.europesays.com\/de\/263507\/","title":{"rendered":"Hertha BSC: Maurice Krattenmacher \u00fcber Jamal Musiala und Sandro Wagner | Sport"},"content":{"rendered":"<p><b>\u00dcber den gro\u00dfen Teich an die Spree!<\/b><\/p>\n<p>Er kam, sah und traf \u2013 Maurice Krattenmacher (19), gerade noch mit dem FC Bayern bei der Klub-WM in den USA, ist jetzt schon mitten im Trainingslager von Hertha BSC in Kitzb\u00fchel (\u00d6sterreich).<\/p>\n<p>Bereits bei seinem Deb\u00fct gegen den BFC Dynamo (6:0) \u00fcberzeugte die Bayern-Leihgabe: ein Tor, ein Assist. Auch im zweiten Test gegen den TSV Havelse (3:2) wirbelte er gemeinsam mit Fabian Reese (27) \u00fcber den Platz und legte ihm ein Tor auf.<\/p>\n<p><b>Die Hertha-Fans schw\u00e4rmen vom neuen Traumduo \u2013 und der Maza-Ersatz von seinen fr\u00fcheren Weggef\u00e4hrten!<\/b><\/p>\n<p>Lesen Sie auch<\/p>\n<p><b>Krattenmacher \u00fcber seinen Ex-Trainer Sandro Wagner (37) bei Unterhaching: <\/b>\u201eEr war ein gro\u00dfer Wegbegleiter f\u00fcr mich. Ich konnte sehr viel von ihm lernen, und ich glaube, dass er seine Trainerkarriere in Augsburg sehr gut fortsetzen wird, sie werden eine Top-Saison spielen und er wird jeden pers\u00f6nlich und das Team weiterbringen. Es war eine gro\u00dfe Ehre unter ihm spielen zu d\u00fcrfen.\u201c<\/p>\n<p>Auch interessant<\/p>\n<p>Anzeige<\/p>\n<p>Auch interessant<\/p>\n<p>Anzeige<\/p>\n<p><b>&#8230;\u00fcber sein Vorbild <\/b><a href=\"https:\/\/www.bild.de\/sport\/fussball\/jamal-musiala-antwortet-gianluigi-donnarumma-grosse-geste-nach-verletzung-686f6d5542216d6f5d536751\" class=\"text-link\" target=\"_blank\" rel=\"noopener\"><b>Jamal Musiala<\/b><\/a><b> (22): <\/b>\u201eIch muss schon sagen, vor allem im Training bei Bayern, Jamal ist ein krasser Spieler, zu ihm kann man hoch schauen. Und wenn man auch nur ann\u00e4hernd so gut wird, dann hat man schon viel erreicht.\u201c<\/p>\n<p><b>&#8230;\u00fcber die Klub-WM mit den <\/b><a href=\"https:\/\/www.bild.de\/sport\/fussball\/bayern-muenchen\/startseite-fc-bayern-muenchen-31074450.bild.html\" class=\"text-link\" target=\"_blank\" rel=\"noopener\"><b>Bayern<\/b><\/a><b>: <\/b>\u201eAls mir mitgeteilt wurde, dass ich in die USA mitfahre, habe ich mich nat\u00fcrlich sehr gefreut. Ich habe mein Bestes gegeben und wollte auch spielen. Dass es jetzt nicht geklappt hat, ist nat\u00fcrlich schade (&#8230;). Die Erfahrung war unbeschreiblich, mit den Besten der Besten trainieren zu d\u00fcrfen, mit ihnen in der Kabine zu sein. F\u00fcr dieses sch\u00f6ne Erlebnis muss man auch dankbar sein.\u201c<\/p>\n<p>\u201eDanke f\u00fcr das sch\u00f6nste Jahr!\u201c: Emotionaler Selke-Abschied im Video<a href=\"https:\/\/www.bild.de\/sport\/fussball\/danke-fuer-das-schoenste-jahr-emotionaler-selke-abschied-im-video-68717542151ec83419fd31fa\" class=\"anchor\" target=\"_blank\" rel=\"noopener\"><img decoding=\"async\" width=\"992\" height=\"558\" alt=\"Teaser-Bild\" src=\"https:\/\/www.europesays.com\/de\/wp-content\/uploads\/2025\/07\/d305073c0187fe14a03c35abed0963b2,6e942031\"   class=\"landscape teaser__image\" loading=\"lazy\"\/><\/a><\/p>\n<p>Quelle: BILD\/Instagram @davieselke12.07.2025<\/p>\n<p><b>&#8230;warum er sich gegen die Erstliga-Angebote entschieden hat: <\/b>\u201eHertha ist ein Riesenverein, es ist eine gro\u00dfe Ehre, f\u00fcr den Klub spielen zu d\u00fcrfen. Und ich glaube einfach, dass es sinnvoll ist, nochmal einen kleinen Zwischenstep zu machen, damit ich dann im besten Fall fr\u00fcher oder sp\u00e4ter ganz oben angreifen kann.\u201c<\/p>\n<p><b>&#8230;\u00fcber seine die individuellen Ziele: <\/b>\u201eDer Traum von jedem Spieler ist es irgendwann f\u00fcr Deutschland spielen zu k\u00f6nnen, aber ich mache das Step by Step. Ich will jetzt erstmal hier ankommen, eine gute Saison spielen, und dann schaue ich mal, wie es weitergeht.\u201c<\/p>\n<p><b>Mit Wagner als Wegweiser und Musiala als Ma\u00dfstab \u2013 Krattenmachers Reise hat gerade erst begonnen!<\/b><\/p>\n","protected":false},"excerpt":{"rendered":"\u00dcber den gro\u00dfen Teich an die Spree! Er kam, sah und traf \u2013 Maurice Krattenmacher (19), gerade noch&hellip;\n","protected":false},"author":2,"featured_media":263508,"comment_status":"","ping_status":"","sticky":false,"template":"","format":"standard","meta":{"footnotes":""},"categories":[1825],"tags":[1941,1939,296,1937,1260,29,30,1088,38745,1940,1938,806,45],"class_list":{"0":"post-263507","1":"post","2":"type-post","3":"status-publish","4":"format-standard","5":"has-post-thumbnail","7":"category-berlin","8":"tag-aktuelle-nachrichten-aus-berlin","9":"tag-aktuelle-news-aus-berlin","10":"tag-berlin","11":"tag-berlin-news","12":"tag-deutsche-nationalmannschaft","13":"tag-deutschland","14":"tag-germany","15":"tag-hertha-bsc","16":"tag-musiala-jamal","17":"tag-nachrichten-aus-berlin","18":"tag-news-aus-berlin","19":"tag-sport-leuchtturm-berlin","20":"tag-texttospeech"},"share_on_mastodon":{"url":"https:\/\/pubeurope.com\/@de\/114842512007197999","error":""},"_links":{"self":[{"href":"https:\/\/www.europesays.com\/de\/wp-json\/wp\/v2\/posts\/263507","targetHints":{"allow":["GET"]}}],"collection":[{"href":"https:\/\/www.europesays.com\/de\/wp-json\/wp\/v2\/posts"}],"about":[{"href":"https:\/\/www.europesays.com\/de\/wp-json\/wp\/v2\/types\/post"}],"author":[{"embeddable":true,"href":"https:\/\/www.europesays.com\/de\/wp-json\/wp\/v2\/users\/2"}],"replies":[{"embeddable":true,"href":"https:\/\/www.europesays.com\/de\/wp-json\/wp\/v2\/comments?post=263507"}],"version-history":[{"count":0,"href":"https:\/\/www.europesays.com\/de\/wp-json\/wp\/v2\/posts\/263507\/revisions"}],"wp:featuredmedia":[{"embeddable":true,"href":"https:\/\/www.europesays.com\/de\/wp-json\/wp\/v2\/media\/263508"}],"wp:attachment":[{"href":"https:\/\/www.europesays.com\/de\/wp-json\/wp\/v2\/media?parent=263507"}],"wp:term":[{"taxonomy":"category","embeddable":true,"href":"https:\/\/www.europesays.com\/de\/wp-json\/wp\/v2\/categories?post=263507"},{"taxonomy":"post_tag","embeddable":true,"href":"https:\/\/www.europesays.com\/de\/wp-json\/wp\/v2\/tags?post=263507"}],"curies":[{"name":"wp","href":"https:\/\/api.w.org\/{rel}","templated":true}]}}