{"id":263515,"date":"2025-07-12T22:04:13","date_gmt":"2025-07-12T22:04:13","guid":{"rendered":"https:\/\/www.europesays.com\/de\/263515\/"},"modified":"2025-07-12T22:04:13","modified_gmt":"2025-07-12T22:04:13","slug":"vanessa-hudgens-verkuendet-zweite-schwangerschaft-auf-instagram-unterhaltung","status":"publish","type":"post","link":"https:\/\/www.europesays.com\/de\/263515\/","title":{"rendered":"Vanessa Hudgens verk\u00fcndet zweite Schwangerschaft auf Instagram | Unterhaltung"},"content":{"rendered":"<p>Los Angeles &#8211; <b>Nur knapp ein Jahr nach der Geburt ihres ersten Kindes ist \u201eHigh School Musical\u201c-Star Vanessa Hudgens wieder schwanger. Die Schauspielerin erwartet zusammen mit Ehemann Cole Tucker ihr zweites Kind. <\/b><\/p>\n<p>Auf Instagram postete sie ein verliebtes P\u00e4rchenbild. Darauf strahlen die beiden \u00fcber beide Ohren. Deutlich zu sehen: ihre wundersch\u00f6ne Babykugel. Zu den Fotos schreibt sie: \u201eRunde zwei\u201c. <\/p>\n<p><img decoding=\"async\" width=\"992\" height=\"1488\" alt=\"Vanessa und Cole bei der \u201eVanity Fair\u201c-Party im M\u00e4rz. Da konnte die Schauspielerin ihren Bauch noch verstecken\" src=\"https:\/\/www.europesays.com\/de\/wp-content\/uploads\/2025\/07\/bba41d25cf41e4dc5e806b381d5d2bbd,dbf55b8\"   class=\"dynamic\" loading=\"lazy\"\/><\/p>\n<p class=\"fig__caption__text\">Vanessa und Cole bei der \u201eVanity Fair\u201c-Party im M\u00e4rz. Da konnte die Schauspielerin ihren Bauch noch verstecken<\/p>\n<p>Foto: picture alliance\/Evan Agostini\/Invision\/AP<\/p>\n<p>Vanessa und Cole sollen bereits einen Sohn haben<\/p>\n<p>Erst am 3. Juli 2024 kam ihr erstes Kind zur Welt. Medienberichten zufolge soll Vanessa einen kleinen Jungen zur Welt gebracht haben. Offiziell haben <a href=\"https:\/\/www.bild.de\/unterhaltung\/leute\/leute\/vanessa-hudgens-erstes-foto-mit-ihrem-neuen-freund-75395722.bild.html\" class=\"text-link\" target=\"_blank\" rel=\"noopener\">sie und der Ex-Baseballspieler<\/a> dies aber bisher nicht best\u00e4tigt. <\/p>\n<p><img decoding=\"async\" width=\"992\" height=\"1178\" alt=\"Im M\u00e4rz 2024 kam sie hochschwanger zu der Oscar-Verleihung in Los Angeles\" src=\"https:\/\/www.europesays.com\/de\/wp-content\/uploads\/2025\/07\/dfc5380953b8d240179af4b707b7ec69,15bd2447\"   class=\"portrait\" loading=\"lazy\"\/><\/p>\n<p class=\"fig__caption__text\">Im M\u00e4rz 2024 kam sie hochschwanger zur Oscar-Verleihung in Los Angeles<\/p>\n<p>Foto: picture alliance \/ newscom<\/p>\n<p>Das Promi-Portal \u201eTMZ\u201c hatte damals die Geburt verk\u00fcndet, worauf Vanessa auf Instagram schrieb: \u201eWir sind entt\u00e4uscht, dass die Privatsph\u00e4re unserer Familie w\u00e4hrend dieser ganz besonderen Zeit durch die Gier einer Kamera mit langem Objektiv, die die Medien f\u00fcttert, missachtet und ausgenutzt wurde. Trotz alledem sind Mama, Papa und das Baby gl\u00fccklich und gesund.\u201c <\/p>\n<p>Lesen Sie auchVanessa und Cole hatten 2023 in Mexiko geheiratet<\/p>\n<p>Vanessa und Cole sind seit mehr als vier Jahren ein Paar. Valentinstag 2021 machten <a href=\"https:\/\/www.bild.de\/unterhaltung\/leute\/leute\/vanessa-hudgens-erstes-foto-mit-ihrem-neuen-freund-75395722.bild.html\" class=\"text-link\" target=\"_blank\" rel=\"noopener\">sie ihre Liebe \u00f6ffentlich<\/a>, knapp drei Jahre sp\u00e4ter heirateten sie in Tulum an der Karibikk\u00fcste der mexikanischen Yukat\u00e1n-Halbinsel. <\/p>\n<p> An dieser Stelle findest du Inhalte aus Instagram <\/p>\n<p> Um mit Inhalten aus Instagram und anderen sozialen Netzwerken zu interagieren oder diese darzustellen, brauchen wir deine Zustimmung. <\/p>\n<p> soziale Netzwerke aktivieren  Um eingebettete Inhalte anzuzeigen, ist Ihre jederzeit widerrufliche Einwilligung (\u00fcber den Schalter oder \u00fcber &#8220; <a class=\"embed-placeholder__text-link\" href=\"#\" rel=\"noopener noreferrer\" title=\"Tracking widerrufen\"> Widerruf Tracking und Cookies<\/a> &#8220; am Seitenende) zur Verarbeitung personenbezogener Daten n\u00f6tig.  Dabei k\u00f6nnen Daten in Drittl\u00e4nder wie die USA \u00fcbermittelt werden (Art. 49 Abs. 1 lit. a DSGVO). Mit dem Aktivieren des Inhalts stimmen Sie zu. Weitere Infos finden Sie <a class=\"embed-placeholder__text-link\" href=\"#\" rel=\"noopener noreferrer\" title=\"Zu den Privatsph\u00e4re Einstellungen\"> hier<\/a>. <\/p>\n<p>Im Interview mit \u201eEntertainment Tonight\u201c schw\u00e4rmte sie: \u201eEr ist einfach perfekt f\u00fcr mich. Ich bin gl\u00fccklich. Das bin ich wirklich. Ich denke, es ist so wichtig, dankbar f\u00fcr alles zu sein, was man im Leben hat. Ich habe das zu einer Priorit\u00e4t gemacht, und ich habe das Gef\u00fchl, dass dadurch noch mehr Magie entsteht.\u201c<\/p>\n","protected":false},"excerpt":{"rendered":"Los Angeles &#8211; Nur knapp ein Jahr nach der Geburt ihres ersten Kindes ist \u201eHigh School Musical\u201c-Star Vanessa&hellip;\n","protected":false},"author":2,"featured_media":263516,"comment_status":"","ping_status":"","sticky":false,"template":"","format":"standard","meta":{"footnotes":""},"categories":[1776],"tags":[1290,1801,29,214,30,79701,152,1802,1291,834,45,215],"class_list":{"0":"post-263515","1":"post","2":"type-post","3":"status-publish","4":"format-standard","5":"has-post-thumbnail","7":"category-prominente","8":"tag-baby","9":"tag-celebrities","10":"tag-deutschland","11":"tag-entertainment","12":"tag-germany","13":"tag-hudgens-vanessa","14":"tag-instagram","15":"tag-prominente","16":"tag-schwanger","17":"tag-schwangerschaft","18":"tag-texttospeech","19":"tag-unterhaltung"},"share_on_mastodon":{"url":"https:\/\/pubeurope.com\/@de\/114842531510854983","error":""},"_links":{"self":[{"href":"https:\/\/www.europesays.com\/de\/wp-json\/wp\/v2\/posts\/263515","targetHints":{"allow":["GET"]}}],"collection":[{"href":"https:\/\/www.europesays.com\/de\/wp-json\/wp\/v2\/posts"}],"about":[{"href":"https:\/\/www.europesays.com\/de\/wp-json\/wp\/v2\/types\/post"}],"author":[{"embeddable":true,"href":"https:\/\/www.europesays.com\/de\/wp-json\/wp\/v2\/users\/2"}],"replies":[{"embeddable":true,"href":"https:\/\/www.europesays.com\/de\/wp-json\/wp\/v2\/comments?post=263515"}],"version-history":[{"count":0,"href":"https:\/\/www.europesays.com\/de\/wp-json\/wp\/v2\/posts\/263515\/revisions"}],"wp:featuredmedia":[{"embeddable":true,"href":"https:\/\/www.europesays.com\/de\/wp-json\/wp\/v2\/media\/263516"}],"wp:attachment":[{"href":"https:\/\/www.europesays.com\/de\/wp-json\/wp\/v2\/media?parent=263515"}],"wp:term":[{"taxonomy":"category","embeddable":true,"href":"https:\/\/www.europesays.com\/de\/wp-json\/wp\/v2\/categories?post=263515"},{"taxonomy":"post_tag","embeddable":true,"href":"https:\/\/www.europesays.com\/de\/wp-json\/wp\/v2\/tags?post=263515"}],"curies":[{"name":"wp","href":"https:\/\/api.w.org\/{rel}","templated":true}]}}