{"id":263519,"date":"2025-07-12T22:07:17","date_gmt":"2025-07-12T22:07:17","guid":{"rendered":"https:\/\/www.europesays.com\/de\/263519\/"},"modified":"2025-07-12T22:07:17","modified_gmt":"2025-07-12T22:07:17","slug":"kim-virginia-geht-es-endlich-wieder-besser","status":"publish","type":"post","link":"https:\/\/www.europesays.com\/de\/263519\/","title":{"rendered":"Kim Virginia geht es endlich wieder besser"},"content":{"rendered":"<p style=\"order:0\" class=\"spanFix max-w-[750px] leading-[30px] sm:text-[22px] sm:leading-[38px] sm:text-[22px] sm:leading-[38px]\"><a target=\"_self\" data-google-interstitial=\"true\" href=\"https:\/\/www.promiflash.de\/thema\/kim-virginia-hartung\/\" rel=\"nofollow noopener\">Kim Virginia Hartung<\/a> (30) hat schwere Monate hinter sich gebracht. Die TV-Bekanntheit erlebte nicht nur eine Stillgeburt, sondern auch Krisen in ihrer Beziehung und einen Umzug. Jetzt gibt es jedoch endlich gute Neuigkeiten von dem Realitystar. In einer Instagram-Story meldet sie sich nun mit einem optimistischen Update. <b>&#8222;Mir geht&#8217;s jetzt auch endlich wieder ein wenig besser und es geht gesundheitlich bergauf&#8220;<\/b>, lie\u00df sie ihre Follower wissen. W\u00e4hrend des Einzugs in ihr Strandhaus in Dubai war Kim krank geworden. Die Influencerin und ihr Partner <a target=\"_self\" data-google-interstitial=\"true\" href=\"https:\/\/www.promiflash.de\/thema\/nikola-glumac\/\" rel=\"nofollow noopener\">Nikola Glumac<\/a> (29) vermuteten, dass die Klimaanlage in ihrem neuen Zuhause etwas damit zu tun hatte.<\/p>\n<p style=\"order:3\" class=\"spanFix max-w-[750px] leading-[30px] sm:text-[22px] sm:leading-[38px] sm:text-[22px] sm:leading-[38px]\">Auch bei den Renovierungsarbeiten in ihrem neuen Zuhause scheint es voranzugehen. <b>Kim arbeitet bereits an Pl\u00e4nen f\u00fcr die Einrichtung, darunter die Auswahl einer neuen Couch.<\/b> Bis zuletzt gab es auch in diesem Bereich immer wieder Probleme. Das Auswanderer-P\u00e4rchen war mehr als unzufrieden mit den Umzugsarbeitern und Nikola schilderte, dass viele Aufgaben sehr viel l\u00e4nger dauerten, als er es sich erhofft hatte. Obendrein sorgten ein Wasserschaden und eine <a target=\"_self\" data-google-interstitial=\"true\" href=\"https:\/\/www.promiflash.de\/news\/2025\/07\/08\/brand-feuerwehreinsatz-bei-kim-virginia-und-nikola-glumac.html\" rel=\"nofollow noopener\">brennende Waschmaschine<\/a> f\u00fcr Schreckmomente im Hause Kimola.<\/p>\n<p style=\"order:6\" class=\"spanFix max-w-[750px] leading-[30px] sm:text-[22px] sm:leading-[38px] sm:text-[22px] sm:leading-[38px]\">Vor dem Umzug wohnte Kim in einer Wohnung im Herzen von Dubai. <a target=\"_self\" data-google-interstitial=\"true\" href=\"https:\/\/www.promiflash.de\/news\/2025\/07\/11\/darum-wollte-kim-virginia-hartung-nicht-in-dubai-bleiben.html\" rel=\"nofollow noopener\">Die neue Bleibe<\/a> ist nun in einem ruhigeren und naturn\u00e4heren Umfeld in einem anderen Emirat. Auf Social Media begr\u00fcndete die einstige <a target=\"_self\" data-google-interstitial=\"true\" href=\"https:\/\/www.promiflash.de\/thema\/dschungelcamp\/\" rel=\"nofollow noopener\">Dschungelcamperin<\/a> ihre Entscheidung, die Metropole zu verlassen und erkl\u00e4rte: <b>&#8222;Ich komme immer wieder gerne f\u00fcr Termine, um Freunde zu besuchen und so weiter nach Dubai, aber f\u00fcr den Alltag mag ich doch gerne Natur, Ruhe und Einklang.&#8220;<\/b><\/p>\n<p><img class=\"top-0  absolute h-full w-full object-cover\" alt=\"Kim Virginia Hartung, Realitystar\" width=\"854\" height=\"480\" decoding=\"async\"  loading=\"lazy\" style=\"background-size:cover;background-position:50% 50%;background-repeat:no-repeat;background-image:url(&quot;data:image\/svg+xml;charset=utf-8,%3Csvg xmlns='http:\/\/www.w3.org\/2000\/svg' viewBox='0 0 640 640'%3E%3Cfilter id='b' color-interpolation-filters='sRGB'%3E%3CfeGaussianBlur stdDeviation='20'\/%3E%3CfeColorMatrix values='1 0 0 0 0 0 1 0 0 0 0 0 1 0 0 0 0 0 100 -1' result='s'\/%3E%3CfeFlood x='0' y='0' width='100%25' height='100%25'\/%3E%3CfeComposite operator='out' in='s'\/%3E%3CfeComposite in2='SourceGraphic'\/%3E%3CfeGaussianBlur stdDeviation='20'\/%3E%3C\/filter%3E%3Cimage width='100%25' height='100%25' x='0' y='0' preserveAspectRatio='none' style='filter: url(%23b);' href='data:image\/png;base64,iVBORw0KGgoAAAANSUhEUgAAABAAAAAQCAYAAAAf8\/9hAAAEG0lEQVR4AQEQBO\/7AIqprf+Nqa3\/kqqs\/5mqq\/+eqKj\/oKak\/5+hn\/+anJr\/lJmY\/4+Zmf+NnZ\/\/kaeq\/5qzt\/+lv8T\/r8rP\/7bR1v8Ai6mt\/46prf+Tqqz\/mqqr\/6Cpqf+jpqX\/oaKg\/5ycmv+WmJf\/kJeX\/46cnf+Spaj\/m7G2\/6a+xP+wyc\/\/t9HX\/wCNqKz\/kKis\/5eqrf+fq6z\/pqqq\/6mnpv+ooqD\/o5yZ\/5yWlP+VlJP\/kpeY\/5WhpP+drrP\/qLzC\/7PIz\/+60Nj\/AI+nrP+TqKz\/m6qt\/6asrv+urK3\/s6mo\/7Kjof+smpj\/o5KP\/5uOjP+WkJH\/mJqe\/6Cpr\/+rucH\/t8fQ\/7\/Q2v8AkKWr\/5SmrP+fqa7\/rK2v\/7atrv+8qqr\/u6Oh\/7WZlf+rjor\/oIaD\/5mHh\/+akpb\/oqSq\/662v\/+7xtH\/w9Hc\/wCPo6r\/lKWr\/6Gprv+wrbD\/vK+w\/8Osq\/\/Do6D\/vJeS\/7CIg\/+kfnr\/m359\/5uKjv+jn6f\/sbS\/\/77H0\/\/H0+D\/AI2iqf+TpKr\/oamu\/7KtsP\/Ar7D\/x6yq\/8ejnv\/AlI7\/s4N8\/6V2cP+bdnT\/moSI\/6ObpP+xtL\/\/wMjV\/8rW4\/8AiaGo\/5Cjqf+gqK3\/sq2v\/8Gvrv\/JrKj\/yKKb\/8GSif+zf3X\/pHFn\/5lwbf+YgIT\/oZqi\/7G0wP\/Bytf\/zNjm\/wCHoKf\/jqKo\/56nq\/+xrK3\/wK6s\/8eqpP\/HoJf\/v4+D\/7F8bv+hbWH\/lm5o\/5V\/gv+gmqL\/sLbA\/8HM2P\/M2uf\/AIehpv+Oo6f\/nqep\/6+rqv+9rKf\/xKif\/8Odkf+7jX7\/rXpq\/55tXv+Tb2f\/k4GC\/5+cov+wt7\/\/wc3X\/8zb5v8AjaKl\/5Kkpf+gp6b\/r6mm\/7upov\/BpJn\/v5qL\/7eLef+pemb\/m3Be\/5Jzaf+UhYL\/oJ6h\/7G3vf\/By9P\/zNnh\/wCXpaT\/m6Wk\/6Wno\/+wqKH\/uaac\/72gk\/+7loX\/s4l0\/6d8Zf+bdGD\/lXlr\/5iJg\/+jn5\/\/s7W4\/8LIzP\/N1Nn\/AKOno\/+mqKL\/rKih\/7Smnf+6o5b\/u5yM\/7iTf\/+wiHH\/pn5l\/516Y\/+Zf27\/nY2D\/6mgm\/+3srH\/xcLD\/87Mzv8AsKqi\/7Gqof+1qJ7\/uaWZ\/7ugkf+7mYf\/t5B6\/6+Hbv+ngGb\/oX9m\/5+Ecf+kkIP\/r5+X\/7yuqf\/Hu7j\/z8PC\/wC7raH\/u6yg\/72pnP++pJb\/vZ6N\/7uWgv+2jnf\/r4dt\/6mCZ\/+lg2n\/pYlz\/6uSgv+1npL\/wKqi\/8q0rv\/RurX\/AMKvof\/CrZ\/\/wqqb\/8GklP+\/nIr\/vJR\/\/7aMdP+whmz\/qoRo\/6iFa\/+pi3T\/r5SB\/7iej\/\/Dp5z\/zK6m\/9KzrP8jaeossKkR4QAAAABJRU5ErkJggg=='\/%3E%3C\/svg%3E&quot;)\" src=\"https:\/\/www.europesays.com\/de\/wp-content\/uploads\/2025\/07\/kim-virginia-hartung-laechelt-12.jpg\" fetchpriority=\"auto\"\/>Instagram \/ kimvirginiaa<img decoding=\"async\" alt=\"Bilder Gallerie Button\" class=\"absolute bottom-[7px] right-[3px] w-[54px] h-[54px] group-hover:scale-110 transition-transform duration-300\" src=\"https:\/\/www.europesays.com\/de\/wp-content\/uploads\/2025\/03\/galerie_button.png\" loading=\"lazy\"\/>Kim Virginia Hartung, Realitystar<img class=\"top-0  absolute h-full w-full object-cover\" alt=\"Kim Virginia Hartung und Nikola Glumac, Juli 2025\" width=\"854\" height=\"480\" decoding=\"async\"  loading=\"lazy\" style=\"background-size:cover;background-position:50% 50%;background-repeat:no-repeat;background-image:url(&quot;data:image\/svg+xml;charset=utf-8,%3Csvg xmlns='http:\/\/www.w3.org\/2000\/svg' viewBox='0 0 640 640'%3E%3Cfilter id='b' color-interpolation-filters='sRGB'%3E%3CfeGaussianBlur stdDeviation='20'\/%3E%3CfeColorMatrix values='1 0 0 0 0 0 1 0 0 0 0 0 1 0 0 0 0 0 100 -1' result='s'\/%3E%3CfeFlood x='0' y='0' width='100%25' height='100%25'\/%3E%3CfeComposite operator='out' in='s'\/%3E%3CfeComposite in2='SourceGraphic'\/%3E%3CfeGaussianBlur stdDeviation='20'\/%3E%3C\/filter%3E%3Cimage width='100%25' height='100%25' x='0' y='0' preserveAspectRatio='none' style='filter: url(%23b);' href='data:image\/png;base64,iVBORw0KGgoAAAANSUhEUgAAABAAAAAQCAYAAAAf8\/9hAAAEG0lEQVR4AQEQBO\/7AMPCuv\/Bwbn\/vr+3\/7q8tP+2urL\/s7mx\/7K5sf+yurL\/sruz\/7K6sv+wtq7\/q7Cn\/6Smnf+bmpD\/kY6C\/4qEeP8Aw8G5\/8HAuP++vbX\/ubqy\/7S3rv+xta3\/sLWt\/7C3r\/+yuLD\/s7mx\/7K2rv+tsKf\/paad\/5uZj\/+RjIH\/iIJ1\/wDDwLf\/wb61\/7y5sP+1s6r\/rq2k\/6qqof+pqqL\/rK6m\/7Gyq\/+1ta7\/tbWu\/7GwqP+ppZ3\/nZeO\/4+Hff+Eem7\/AMO9s\/\/Au7H\/ubOp\/6+pnv+ln5T\/oJmO\/6CakP+noJj\/r6mi\/7exqv+6s63\/t7Cq\/62lnv+elY3\/jYF3\/35vY\/8Awruw\/7+3rP+1rKD\/p52Q\/5qOgf+ThHj\/lYZ7\/5+Rif+toJn\/uKyn\/76yrv+8sKz\/saWg\/6CSjP+KenL\/dmJX\/wDBuaz\/vbSn\/7Gnmf+gk4T\/j31u\/4ZwYf+Kcmf\/mIN7\/6qYk\/+5qaX\/wbKv\/7+xr\/+0pqP\/oJGO\/4d1cP9vWE\/\/AL+4qv+6sqX\/raOU\/5mMfP+Gc2H\/e2JQ\/4BlWf+Se3T\/p5SQ\/7iopv\/Cs7L\/wbOy\/7Wop\/+gkpD\/hHRx\/2hUT\/8Avbiq\/7iypP+popT\/lYt7\/4BwX\/90X07\/emNZ\/416df+klJL\/tqmo\/8C0tf+\/tbX\/tKqq\/56UlP+Cd3b\/ZVdV\/wC6uKv\/trOm\/6ikl\/+TjoD\/fnZn\/3JmWv93amP\/in98\/6GXl\/+zq6z\/vba3\/7y2uP+xrK3\/nJeZ\/4B7ff9kX2D\/ALm6r\/+1tar\/p6ic\/5SUiP+Af3T\/dHJp\/3h1cP+JhoT\/npuc\/6+srv+4trj\/uLa5\/62sr\/+ZmZz\/f4CD\/2Vnav8Aur2z\/7a4r\/+prKP\/l5qR\/4SHf\/95e3X\/e316\/4mLi\/+bnZ7\/q6yv\/7O1uP+ztbj\/qayv\/5aanf9+hIf\/Zm5x\/wC8v7j\/uLu0\/6yvqf+bnpj\/iYyH\/32Aff9+gH\/\/iYyM\/5qcnv+oqqz\/sLK1\/6+ytf+mqaz\/lJmc\/36Eh\/9ocXT\/AMHBvf+8vbn\/sbGt\/6CgnP+Ojov\/gYB\/\/4B+fv+KiIn\/mJeZ\/6alqP+trbD\/ra2w\/6SlqP+Tlpn\/foKF\/2lvc\/8AxcPB\/8G\/vf+1srH\/pKCe\/5GLiv+Ee3v\/gXd4\/4mAgv+YkJL\/pZ6h\/6ynqv+sqKv\/o6Cj\/5ORlP9+fYD\/ampu\/wDKxcX\/xcDA\/7mzs\/+nnp\/\/lIeI\/4V0dv+BbnD\/iXZ5\/5eHiv+ll5r\/raGj\/6yjpf+km57\/k4yP\/353ev9pY2f\/AM3Gx\/\/IwcL\/vLO0\/6mdnv+Vg4X\/hW1w\/4FlaP+JbnH\/l4CD\/6WSlP+tnZ\/\/rZ+h\/6SYmv+UiIv\/fnN2\/2ldYf8fv9BXd60uFAAAAABJRU5ErkJggg=='\/%3E%3C\/svg%3E&quot;)\" src=\"https:\/\/www.europesays.com\/de\/wp-content\/uploads\/2025\/07\/kim-virginia-hartung-und-nikola-glumac-kuessen-sich-2.jpg\" fetchpriority=\"auto\"\/>Instagram \/ nikola_glumac<img decoding=\"async\" alt=\"Bilder Gallerie Button\" class=\"absolute bottom-[7px] right-[3px] w-[54px] h-[54px] group-hover:scale-110 transition-transform duration-300\" src=\"https:\/\/www.europesays.com\/de\/wp-content\/uploads\/2025\/03\/galerie_button.png\" loading=\"lazy\"\/>Kim Virginia Hartung und Nikola Glumac, Juli 2025<img class=\"top-0  absolute h-full w-full object-cover\" alt=\"Kim Virginia und Nikola Glumac, Realitystars\" width=\"854\" height=\"480\" decoding=\"async\"  loading=\"lazy\" style=\"background-size:cover;background-position:50% 50%;background-repeat:no-repeat;background-image:url(&quot;data:image\/svg+xml;charset=utf-8,%3Csvg xmlns='http:\/\/www.w3.org\/2000\/svg' viewBox='0 0 640 640'%3E%3Cfilter id='b' color-interpolation-filters='sRGB'%3E%3CfeGaussianBlur stdDeviation='20'\/%3E%3CfeColorMatrix values='1 0 0 0 0 0 1 0 0 0 0 0 1 0 0 0 0 0 100 -1' result='s'\/%3E%3CfeFlood x='0' y='0' width='100%25' height='100%25'\/%3E%3CfeComposite operator='out' in='s'\/%3E%3CfeComposite in2='SourceGraphic'\/%3E%3CfeGaussianBlur stdDeviation='20'\/%3E%3C\/filter%3E%3Cimage width='100%25' height='100%25' x='0' y='0' preserveAspectRatio='none' style='filter: url(%23b);' href='data:image\/png;base64,iVBORw0KGgoAAAANSUhEUgAAABAAAAAQCAYAAAAf8\/9hAAAEG0lEQVR4AQEQBO\/7AH1YTv99WU\/\/f1pR\/4FdVv+DYFv\/hWRg\/4ZoZv+HbGv\/h3Bv\/4Vycv+DcnT\/gHF0\/31vc\/96bHL\/d2lw\/3Vmb\/8AgGNc\/4BjXf+BZF\/\/g2Vh\/4VoZf+Ha2r\/iG9v\/4lzdP+Jdnj\/h3l8\/4V6fv+DeX7\/f3d+\/3x0ff95cXv\/d296\/wCIenr\/iHp6\/4l5ev+KeXv\/i3p8\/4x8f\/+Of4T\/joOI\/46Hjf+NipH\/i4yU\/4mMlv+Fipb\/goiV\/3+FlP99g5P\/AJKSl\/+Skpf\/k5GW\/5OPlf+UjpX\/lY+W\/5aSmv+WlZ7\/lpqk\/5Wdqf+UoK3\/kaGv\/46gsP+Knq\/\/h5uu\/4WZrf8Anqeu\/56mrf+epKv\/nqKp\/56gp\/+foKj\/n6Kr\/6CmsP+gqrb\/n668\/52ywf+as8T\/l7LF\/5OwxP+QrsP\/jazC\/wCptbz\/qbS7\/6myuP+pr7X\/qayy\/6mssv+prbT\/qbG6\/6m2wP+ousf\/pr7N\/6O\/0P+fv9H\/nLzR\/5i6z\/+WuM7\/ALK7wP+yur\/\/sri8\/7K0t\/+ysrT\/srGz\/7Kytf+ytrr\/sbvC\/7DAyf+tw8\/\/qsTT\/6bE1P+iwdP\/n77S\/5280P8AuLq7\/7i5uf+5t7b\/ubSx\/7qxrf+6sKv\/urKt\/7m2sv+4urr\/tr\/B\/7PCx\/+vw8v\/q8HN\/6e\/zP+ju8r\/objJ\/wC7s63\/vLKr\/7ywp\/+9raL\/vque\/7+rnP+\/rZ3\/vrCj\/7y0qv+5uLL\/tru4\/7G7vP+tub3\/qLW8\/6Sxuv+irrj\/ALyomf+8qJj\/vaaU\/76kjv\/Aoon\/waKH\/8Gkif\/AqI7\/vayV\/7qvnf+2sKP\/sa+m\/6uspv+mp6X\/oqKi\/5+eoP8AuZ2E\/7mcgv+6m37\/vJl5\/76YdP+\/mXL\/v5x0\/76fev+8o4H\/uKWH\/7OljP+to4\/\/p56O\/6GYi\/+ckYj\/mYyE\/wCzk3L\/tJNx\/7WSbv+3kWn\/uZFm\/7qSZf+7lWf\/upls\/7iccv+0nXj\/rp18\/6iZfP+gknr\/mYp1\/5KCcP+Oe2v\/AKyPbP+tj2v\/ro5o\/6+NZv+xjmT\/s5Bk\/7STZ\/+zlmz\/splx\/66adf+omXf\/oZR1\/5iMcf+Ogmr\/hndj\/4BvXP8ApZBw\/6WQcP+mj27\/p45t\/6iPbf+qkW\/\/q5Ry\/6yYd\/+qm3v\/p5t9\/6KZff+ZlHr\/j4t0\/4N\/bf93c2T\/b2pd\/wCelHr\/npR6\/56Tef+fknn\/oJJ6\/6GUff+jl4D\/pJuE\/6SeiP+hn4n\/m52J\/5KXhf+GjX\/\/eIF2\/2l1bv9damf\/AJmYgv+Zl4L\/mJaC\/5iWg\/+ZloT\/m5iH\/52bi\/+fno\/\/n6GS\/52ik\/+XoJL\/jpqO\/4CRiP9vhID\/XXd3\/05tcf9Phsc0u9mCmwAAAABJRU5ErkJggg=='\/%3E%3C\/svg%3E&quot;)\" src=\"https:\/\/www.europesays.com\/de\/wp-content\/uploads\/2025\/07\/kim-virginia-und-nikola-glumac-auf-einem-boot.jpg\" fetchpriority=\"auto\"\/>Instagram \/ kimvirginiaa<img decoding=\"async\" alt=\"Bilder Gallerie Button\" class=\"absolute bottom-[7px] right-[3px] w-[54px] h-[54px] group-hover:scale-110 transition-transform duration-300\" src=\"https:\/\/www.europesays.com\/de\/wp-content\/uploads\/2025\/03\/galerie_button.png\" loading=\"lazy\"\/>Kim Virginia und Nikola Glumac, Realitystars<\/p>\n<p>Glaubt ihr, Kim wird die neue Umgebung gesundheitlich guttun?<\/p>\n<p>Ergebnis anzeigen<\/p>\n","protected":false},"excerpt":{"rendered":"Kim Virginia Hartung (30) hat schwere Monate hinter sich gebracht. Die TV-Bekanntheit erlebte nicht nur eine Stillgeburt, sondern&hellip;\n","protected":false},"author":2,"featured_media":263520,"comment_status":"","ping_status":"","sticky":false,"template":"","format":"standard","meta":{"footnotes":""},"categories":[1773],"tags":[29,214,30,471,1780,215],"class_list":{"0":"post-263519","1":"post","2":"type-post","3":"status-publish","4":"format-standard","5":"has-post-thumbnail","7":"category-serien","8":"tag-deutschland","9":"tag-entertainment","10":"tag-germany","11":"tag-serien","12":"tag-series","13":"tag-unterhaltung"},"share_on_mastodon":{"url":"https:\/\/pubeurope.com\/@de\/114842543610494260","error":""},"_links":{"self":[{"href":"https:\/\/www.europesays.com\/de\/wp-json\/wp\/v2\/posts\/263519","targetHints":{"allow":["GET"]}}],"collection":[{"href":"https:\/\/www.europesays.com\/de\/wp-json\/wp\/v2\/posts"}],"about":[{"href":"https:\/\/www.europesays.com\/de\/wp-json\/wp\/v2\/types\/post"}],"author":[{"embeddable":true,"href":"https:\/\/www.europesays.com\/de\/wp-json\/wp\/v2\/users\/2"}],"replies":[{"embeddable":true,"href":"https:\/\/www.europesays.com\/de\/wp-json\/wp\/v2\/comments?post=263519"}],"version-history":[{"count":0,"href":"https:\/\/www.europesays.com\/de\/wp-json\/wp\/v2\/posts\/263519\/revisions"}],"wp:featuredmedia":[{"embeddable":true,"href":"https:\/\/www.europesays.com\/de\/wp-json\/wp\/v2\/media\/263520"}],"wp:attachment":[{"href":"https:\/\/www.europesays.com\/de\/wp-json\/wp\/v2\/media?parent=263519"}],"wp:term":[{"taxonomy":"category","embeddable":true,"href":"https:\/\/www.europesays.com\/de\/wp-json\/wp\/v2\/categories?post=263519"},{"taxonomy":"post_tag","embeddable":true,"href":"https:\/\/www.europesays.com\/de\/wp-json\/wp\/v2\/tags?post=263519"}],"curies":[{"name":"wp","href":"https:\/\/api.w.org\/{rel}","templated":true}]}}