{"id":263523,"date":"2025-07-12T22:09:14","date_gmt":"2025-07-12T22:09:14","guid":{"rendered":"https:\/\/www.europesays.com\/de\/263523\/"},"modified":"2025-07-12T22:09:14","modified_gmt":"2025-07-12T22:09:14","slug":"naechster-disney-klassiker-bekommt-bald-eine-verrueckte-horror-adaption","status":"publish","type":"post","link":"https:\/\/www.europesays.com\/de\/263523\/","title":{"rendered":"N\u00e4chster Disney-Klassiker bekommt bald eine verr\u00fcckte Horror-Adaption"},"content":{"rendered":"<ol class=\"id-DonaldBreadcrumb lp_west_breadcrumb id-DonaldBreadcrumb--default\" data-k5a-pos=\"west_breadcrumb\">\n<li class=\"id-Breadcrumb-item\"><a href=\"https:\/\/www.serienjunkies.de\/\" class=\"id-Breadcrumb-link\" data-id-ec=\"{\" shn=\"\" textlink=\"\" data-k5a-pos=\"1_serienjunkies\" rel=\"nofollow noopener\" target=\"_blank\">serienjunkies<\/a><\/li>\n<li class=\"id-Breadcrumb-item\"><a href=\"https:\/\/www.serienjunkies.de\/news\/\" class=\"id-Breadcrumb-link\" data-id-ec=\"{\" shn=\"\" textlink=\"\" data-k5a-pos=\"2_news\" rel=\"nofollow noopener\" target=\"_blank\">News<\/a><\/li>\n<li class=\"id-Breadcrumb-item\"><a href=\"https:\/\/www.serienjunkies.de\/news\/film\/\" class=\"id-Breadcrumb-link\" data-id-ec=\"{\" shn=\"\" textlink=\"\" data-k5a-pos=\"3_film\" rel=\"nofollow noopener\" target=\"_blank\">Film<\/a><\/li>\n<\/ol>\n<p class=\"id-Story-timestamp id-Story-timestamp--default\">Stand: 12.07.2025, 19:00 Uhr<\/p>\n<p class=\"id-Story-authors id-Story-authors--default\">Von: <a class=\"id-Story-authors-link lp_west_author\" href=\"https:\/\/www.serienjunkies.de\/autor\/rebecca-holzapfel-jg7gt6bir.html\" title=\"Zur Autorenseite von Rebecca Holzapfel\" data-id-ec=\"{\" shn=\"\" author-link=\"\" holzapfel=\"\" data-k5a-pos=\"west_author\" rel=\"nofollow noopener\" target=\"_blank\">Rebecca Holzapfel<\/a><\/p>\n<p class=\"id-Story-interactionBar id-Story-interactionBar--default\">DruckenTeilen<\/p>\n<p class=\"id-StoryElement-leadText\">Ein Disney-Klassiker verwandelt sich in einen Horror-Film \u2013 sogar Teile des Casts stehen bereits fest: Aladdin kehrt mit Gruselfaktor zur\u00fcck.<\/p>\n<p class=\"id-StoryElement-paragraph\">Disney-Filme, besonders die Klassiker, wecken bei den meisten von uns Nostalgie. Sie erinnern uns an sorglose Zeiten, an M\u00e4rchen mit Happy End und an Charaktere, die wir seit unserer Kindheit lieben. Was also, wenn man aus ihnen einen Horrorfilm machen w\u00fcrde? Genau das soll nun mit Aladdin passieren \u2013 und die Ergebnisse versprechen, alles andere als m\u00e4rchenhaft zu werden.<\/p>\n<p><img decoding=\"async\" class=\"id-RatioPlaceholder-element wv_story_el_image\" src=\"https:\/\/www.europesays.com\/de\/wp-content\/uploads\/2025\/07\/38930852-eine-wunderlampe-aus-der-schwarze-fluessigkeit-herauslaeuft-symbolbild.png\" loading=\"lazy\"  height=\"768\" width=\"1360\" alt=\"Eine Wunderlampe, aus der schwarze Fl&#xFC;ssigkeit herausl&#xE4;uft. (Symbolbild)\"\/>In den Aladdin-Horror-Filmen wird eine magische Lampe zum Verh\u00e4ngnis. \u00a9\u00a0Reve (Montage)Zwei Aladdin-Horror-Filme sollen kommen<\/p>\n<p class=\"id-StoryElement-paragraph\">Wie das kanadische Nachrichtenportal Screen Rant berichtet, plant das Produktionsstudio B22 Films eine zweiteilige Horror-Neuinterpretation der Aladdin-Geschichte. Die beiden Filme sollen die Titel \u201eAladdin\u201c und \u201eAladdin\u2018s Revenge\u201c tragen und von Brett Bentman geschrieben und inszeniert werden, w\u00e4hrend Tiffany McDonald als Produzentin fungiert.<\/p>\n<p class=\"id-StoryElement-paragraph\">Die Handlung soll sich um eine junge Frau drehen, die auf eine magische Lampe st\u00f6\u00dft, die drei W\u00fcnsche erf\u00fcllen kann \u2013 doch diese W\u00fcnsche sollen auf schreckliche Weise schiefgehen. Regisseur Bentman hat gegen\u00fcber dem US-amerikanischen Nachrichtenportal Bloody Disgusting angegeben, dass diese Version von Aladdin in der alten Geschichte verwurzelt sei. Es gehe darum, dass die Charaktere Dinge so sehr wollen, dass sie einfach danach w\u00fcnschen \u2013 ohne sich der Konsequenzen bewusst zu sein, sodass schlie\u00dflich alles schiefgeht. Die Hauptrollen sollen \u00fcbrigens Scream-Queen Devanny Pinn (\u201cPretty Boy\u201c) und Billy Blair (\u201cMachete\u201c oder \u201eOne Day as a Lion\u201c) \u00fcbernehmen.<\/p>\n<p>Von \u201eSuperman\u201c bis \u201eBallerina\u201c: Diese Sommer-Blockbuster solltet ihr nicht verpassen<img decoding=\"async\" class=\"id-RatioPlaceholder-element wv_story_el_interstitialImage\" src=\"https:\/\/www.europesays.com\/de\/wp-content\/uploads\/2025\/06\/38306078-die-filmposter-von-superman-ballerina-und-nobody-1ffe.jpg\" loading=\"lazy\"   height=\"1125\" width=\"2000\" alt=\"Die Filmposter von Superman, Ballerina und Nobody 2\"\/><a href=\"https:\/\/www.serienjunkies.de\/news\/storys\/kino-vorschau-diese-sommer-blockbuster-solltet-ihr-nicht-verpassen-zr-93744297.html\" class=\"id-StoryElement-intestitialLink-link\" data-id-ec=\"{\" shn=\"\" ansehen=\"\" data-k5a-pos=\"west_story_14_photoGalleryLink\" title=\"Zur Fotostrecke: Von &#x201E;Superman&#x201C; bis &#x201E;Ballerina&#x201C;: Diese Sommer-Blockbuster solltet ihr nicht verpassen\" rel=\"nofollow noopener\" target=\"_blank\">Fotostrecke ansehen<\/a><\/p>\n<p class=\"id-StoryElement-paragraph\">Die Dreharbeiten sollen noch in diesem Monat (Juli 2025) in Oklahoma beginnen, mit einer geplanten Ver\u00f6ffentlichung f\u00fcr 2026. Interessant ist, dass laut Bloody Disgusting dies nicht das einzige Aladdin-Horror-Projekt w\u00e4re: Parallel dazu entsteht gerade \u201eAladdin: The Monkey\u2018s Paw\u201c, ein weiterer Horrorfilm, der die Geschichte mit dem Konzept der Affenpfote verbinden soll und bei dem W\u00fcnsche ebenfalls einen schrecklichen Preis haben sollen.<\/p>\n<p>Wenn Kindheitshelden zu Monstern werden<\/p>\n<p class=\"id-StoryElement-paragraph\">Unsere Gehirne sind darauf programmiert, bei Micky Maus und Co. an Magie und Happy Ends zu denken. Wenn diese vertrauten Gesichter pl\u00f6tzlich zur Gefahr mutieren, entsteht eine emotionale Verwirrung, die unter die Haut geht. Warum funktioniert\u2018s? Weil nichts verst\u00f6render ist, als wenn das \u201eSichere\u201c zur Bedrohung wird. Pure Nostalgie-Folter f\u00fcr Erwachsene!<\/p>\n<p class=\"id-StoryElement-paragraph\">Wer jetzt schon Lust auf diesen Extra-Kick hat, kann sich die Horror-Filme zum allseits bekannten \u201eWinnie the Pooh\u201c ansehen. Die beiden Filme \u201eWinnie the Pooh: Blood and Honey\u201c und \u201eWinnie the Pooh: Blood and Honey 2\u201c sind gerade auf <a href=\"https:\/\/www.serienjunkies.de\/sender\/amazon\/\" class=\"id-import-Link\" data-id-ec=\"{&quot;sht&quot;:&quot;Container&quot;,&quot;shn&quot;:&quot;Story&quot;,&quot;p&quot;:{&quot;containerType&quot;:&quot;Paragraph&quot;,&quot;displayType&quot;:&quot;Paragraph InlineLink&quot;,&quot;type&quot;:&quot;INLINE_LINK&quot;,&quot;value&quot;:&quot;Amazon Prime Video&quot;,&quot;variant&quot;:&quot;standardLink&quot;,&quot;sponsored&quot;:false,&quot;linkHref&quot;:&quot;https:\/\/www.serienjunkies.de\/sender\/amazon\/&quot;,&quot;storyElementPosition&quot;:21,&quot;storyElementCount&quot;:21}}\" rel=\"nofollow noopener\" target=\"_blank\">Amazon Prime Video<\/a> verf\u00fcgbar. Mit einem Prime-Abo oder einem Testabo k\u00f6nnt ihr euch den Nostalgie-zerfressenden Horror geben. Und wer Lust hat, eine schrecklich-brutale Seite von \u201eBambi\u201c, kann sich <a href=\"https:\/\/www.serienjunkies.de\/news\/film\/bambi-the-reckoning-brutaler-horrorfilm-geplant-92601441.html\" class=\"id-import-Link\" data-id-ec=\"{&quot;sht&quot;:&quot;Container&quot;,&quot;shn&quot;:&quot;Story&quot;,&quot;p&quot;:{&quot;containerType&quot;:&quot;Paragraph&quot;,&quot;displayType&quot;:&quot;Paragraph InlineLink&quot;,&quot;type&quot;:&quot;INLINE_LINK&quot;,&quot;value&quot;:&quot;weiter zu &#x201E;Bambi &#x2013; The Reckoning&#x201C; belesen&quot;,&quot;variant&quot;:&quot;standardLink&quot;,&quot;sponsored&quot;:false,&quot;linkHref&quot;:&quot;https:\/\/www.serienjunkies.de\/news\/film\/bambi-the-reckoning-brutaler-horrorfilm-geplant-92601441.html&quot;,&quot;storyElementPosition&quot;:21,&quot;storyElementCount&quot;:21}}\" rel=\"nofollow noopener\" target=\"_blank\">weiter zu \u201eBambi \u2013 The Reckoning\u201c belesen<\/a>.<\/p>\n","protected":false},"excerpt":{"rendered":"serienjunkies News Film Stand: 12.07.2025, 19:00 Uhr Von: Rebecca Holzapfel DruckenTeilen Ein Disney-Klassiker verwandelt sich in einen Horror-Film&hellip;\n","protected":false},"author":2,"featured_media":263524,"comment_status":"","ping_status":"","sticky":false,"template":"","format":"standard","meta":{"footnotes":""},"categories":[1771],"tags":[1778,29,214,30,95,1777,215],"class_list":{"0":"post-263523","1":"post","2":"type-post","3":"status-publish","4":"format-standard","5":"has-post-thumbnail","7":"category-kino","8":"tag-cinema","9":"tag-deutschland","10":"tag-entertainment","11":"tag-germany","12":"tag-kino","13":"tag-movie","14":"tag-unterhaltung"},"share_on_mastodon":{"url":"https:\/\/pubeurope.com\/@de\/114842551357862285","error":""},"_links":{"self":[{"href":"https:\/\/www.europesays.com\/de\/wp-json\/wp\/v2\/posts\/263523","targetHints":{"allow":["GET"]}}],"collection":[{"href":"https:\/\/www.europesays.com\/de\/wp-json\/wp\/v2\/posts"}],"about":[{"href":"https:\/\/www.europesays.com\/de\/wp-json\/wp\/v2\/types\/post"}],"author":[{"embeddable":true,"href":"https:\/\/www.europesays.com\/de\/wp-json\/wp\/v2\/users\/2"}],"replies":[{"embeddable":true,"href":"https:\/\/www.europesays.com\/de\/wp-json\/wp\/v2\/comments?post=263523"}],"version-history":[{"count":0,"href":"https:\/\/www.europesays.com\/de\/wp-json\/wp\/v2\/posts\/263523\/revisions"}],"wp:featuredmedia":[{"embeddable":true,"href":"https:\/\/www.europesays.com\/de\/wp-json\/wp\/v2\/media\/263524"}],"wp:attachment":[{"href":"https:\/\/www.europesays.com\/de\/wp-json\/wp\/v2\/media?parent=263523"}],"wp:term":[{"taxonomy":"category","embeddable":true,"href":"https:\/\/www.europesays.com\/de\/wp-json\/wp\/v2\/categories?post=263523"},{"taxonomy":"post_tag","embeddable":true,"href":"https:\/\/www.europesays.com\/de\/wp-json\/wp\/v2\/tags?post=263523"}],"curies":[{"name":"wp","href":"https:\/\/api.w.org\/{rel}","templated":true}]}}