{"id":263556,"date":"2025-07-12T22:27:19","date_gmt":"2025-07-12T22:27:19","guid":{"rendered":"https:\/\/www.europesays.com\/de\/263556\/"},"modified":"2025-07-12T22:27:19","modified_gmt":"2025-07-12T22:27:19","slug":"oeffentlichkeitsfahndung-nach-der-vermissten-13-jaehrigen-aaliyah-a-blicklokal","status":"publish","type":"post","link":"https:\/\/www.europesays.com\/de\/263556\/","title":{"rendered":"\u00d6ffentlichkeitsfahndung nach der vermissten 13-J\u00e4hrigen Aaliyah A. \u2013 BlickLokal"},"content":{"rendered":"<p><a data-category=\"citylink-story-view\" data-action=\"click\" data-label=\"Citylink in Meldungsansicht\" class=\"story-city event-trigger\" href=\"https:\/\/www.presseportal.de\/regional\/Mannheim\" title=\"News aus Mannheim\" target=\"_blank\" rel=\"noopener\">Mannheim<\/a> (ots)<\/p>\n<p>Seit Donnerstag, den 10.07.2025, wird die 13-j\u00e4hrige Aaliyah A. aus Mannheim vermisst. Sie verlie\u00df an diesem Tag nach einem Streitgespr\u00e4ch mit ihren Vater gegen 06:20 Uhr das Elternhaus, um in die Schule zu gehen. Dort kam sie nie an. Sie ist seither unbekannten Aufenthaltes.<\/p>\n<p>Die Bekleidung der vermissten Person ist nicht bekannt. Sie f\u00fchrt kein Mobiltelefon mit sich.<\/p>\n<p>Ein Lichtbild ist abrufbar unter folgendem Link:<br \/><a target=\"_blank\" class=\"uri-ext outbound\" rel=\"noopener\" href=\"https:\/\/fahndung.polizei-bw.de\/tracing\/mannheim-vermisstenfahndung\/\">https:\/\/fahndung.polizei-bw.de\/tracing\/mannheim-vermisstenfahndung\/<\/a><\/p>\n<p>Hinweise nimmt der Kriminaldauerdienst in Heidelberg unter 0621 174-4444 oder jede andere Polizeidienststelle entgegen.<\/p>\n<p class=\"contact-headline\">R\u00fcckfragen bitte an:<\/p>\n<p class=\"contact-text\">Polizeipr\u00e4sidium Mannheim<br \/>F\u00fchrungs- und Lagezentrum<br \/>Adrian Rehberger<br \/>Telefon: 0621 174-1111<br \/>E-Mail: <a href=\"https:\/\/www.blicklokal.de\/pol-ma-mannheim-oeffentlichkeitsfahndung-nach-der-vermissten-13-jaehrigen-aaliyah-a-2\/mailto:%20mannheim.pp@polizei.bwl.de\" class=\"uri-mailto\" target=\"_blank\" rel=\"noopener\"> mannheim.pp@polizei.bwl.de<\/a><br \/><a target=\"_blank\" class=\"uri-ext outbound\" rel=\"noopener\" href=\"http:\/\/www.polizei-bw.de\/\">http:\/\/www.polizei-bw.de\/<\/a><\/p>\n<p class=\"originator\">Original-Content von: Polizeipr\u00e4sidium Mannheim, \u00fcbermittelt durch news aktuell<\/p>\n","protected":false},"excerpt":{"rendered":"Mannheim (ots) Seit Donnerstag, den 10.07.2025, wird die 13-j\u00e4hrige Aaliyah A. aus Mannheim vermisst. Sie verlie\u00df an diesem&hellip;\n","protected":false},"author":2,"featured_media":101342,"comment_status":"","ping_status":"","sticky":false,"template":"","format":"standard","meta":{"footnotes":""},"categories":[1845],"tags":[40332,40331,12277,1634,40330,40337,3364,29,548,663,3934,4447,30,13,40333,2096,14,15,40335,40329,40334,23879,12,3866,40336,40328],"class_list":{"0":"post-263556","1":"post","2":"type-post","3":"status-publish","4":"format-standard","5":"has-post-thumbnail","7":"category-mannheim","8":"tag-anzeigenblatt-main-tauber","9":"tag-anzeigenblatt-neckar-odenwald","10":"tag-anzeigenwerbung","11":"tag-baden-wuerttemberg","12":"tag-beilagenwerbung-wertheim","13":"tag-blicklokal","14":"tag-de","15":"tag-deutschland","16":"tag-eu","17":"tag-europa","18":"tag-europe","19":"tag-events","20":"tag-germany","21":"tag-headlines","22":"tag-kleinanzeigen-main-tauber","23":"tag-mannheim","24":"tag-nachrichten","25":"tag-news","26":"tag-printwerbung-main-tauber","27":"tag-prospektbeilage-tauberbischofsheim","28":"tag-prospektverteilung-tauberbischofsheim","29":"tag-rothenburg-ob-der-tauber","30":"tag-schlagzeilen","31":"tag-veranstaltungen","32":"tag-wertheim","33":"tag-wochenzeitung-main-tauber"},"share_on_mastodon":{"url":"","error":"Validation failed: Text character limit of 500 exceeded"},"_links":{"self":[{"href":"https:\/\/www.europesays.com\/de\/wp-json\/wp\/v2\/posts\/263556","targetHints":{"allow":["GET"]}}],"collection":[{"href":"https:\/\/www.europesays.com\/de\/wp-json\/wp\/v2\/posts"}],"about":[{"href":"https:\/\/www.europesays.com\/de\/wp-json\/wp\/v2\/types\/post"}],"author":[{"embeddable":true,"href":"https:\/\/www.europesays.com\/de\/wp-json\/wp\/v2\/users\/2"}],"replies":[{"embeddable":true,"href":"https:\/\/www.europesays.com\/de\/wp-json\/wp\/v2\/comments?post=263556"}],"version-history":[{"count":0,"href":"https:\/\/www.europesays.com\/de\/wp-json\/wp\/v2\/posts\/263556\/revisions"}],"wp:featuredmedia":[{"embeddable":true,"href":"https:\/\/www.europesays.com\/de\/wp-json\/wp\/v2\/media\/101342"}],"wp:attachment":[{"href":"https:\/\/www.europesays.com\/de\/wp-json\/wp\/v2\/media?parent=263556"}],"wp:term":[{"taxonomy":"category","embeddable":true,"href":"https:\/\/www.europesays.com\/de\/wp-json\/wp\/v2\/categories?post=263556"},{"taxonomy":"post_tag","embeddable":true,"href":"https:\/\/www.europesays.com\/de\/wp-json\/wp\/v2\/tags?post=263556"}],"curies":[{"name":"wp","href":"https:\/\/api.w.org\/{rel}","templated":true}]}}