{"id":26365,"date":"2025-04-12T16:10:38","date_gmt":"2025-04-12T16:10:38","guid":{"rendered":"https:\/\/www.europesays.com\/de\/26365\/"},"modified":"2025-04-12T16:10:38","modified_gmt":"2025-04-12T16:10:38","slug":"fan-attackiert-bundespolizisten-in-hannover","status":"publish","type":"post","link":"https:\/\/www.europesays.com\/de\/26365\/","title":{"rendered":"Fan attackiert Bundespolizisten in Hannover"},"content":{"rendered":"<p>Vorfall am Hauptbahnhof Hannover <\/p>\n<p>RWE-Fan greift Bundespolizisten an<\/p>\n<p>Aktualisiert am 10.04.2025Lesedauer: 1 Min.<\/p>\n<p><a href=\"#focus-0\" class=\"transition-colors duration-200 focus-within:text-magenta block text-current relative\" data-sctrack=\"FocusGalleryImage.Reference\"><img fetchpriority=\"high\" data-testid=\"Opener.Image\" style=\"--lqipURL:url('https:\/\/images.t-online.de\/2025\/04\/u-n4lVRxa8vV\/0x169:3200x1800\/fit-in\/150x0\/filters:blur(25)\/image.jpg')\"   loading=\"eager\" src=\"https:\/\/www.europesays.com\/de\/wp-content\/uploads\/2025\/04\/1744474237_333_image.jpg\" alt=\"imago images 107625217\" title=\"imago images 107625217\" width=\"3200\" height=\"1800\" class=\"bg-[url:var(--lqipURL)] bg-cover bg-center flex w-full max-w-full h-full\" decoding=\"async\"\/><img style=\"--width:32;--height:32\" loading=\"lazy\" src=\"https:\/\/www.europesays.com\/de\/wp-content\/uploads\/2025\/03\/zoom-in.f7dae02f.svg.svg+xml\" alt=\"Vergr\u00f6\u00dfern des Bildes\" title=\"Vergr\u00f6\u00dfern des Bildes\" class=\"&#10;        block&#10;        h-[calc(var(--height)_\/_16_*_1rem)]&#10;        w-[calc(var(--width)_\/_16_*_1rem)]&#10;        max-w-none&#10;        absolute bottom-8 right-8 rounded-4 bg-snow p-8\" decoding=\"async\"\/><\/a><\/p>\n<p>Bundespolizisten in einem ICE (Symbolbild): Auf der Fahrt zum Ausw\u00e4rtsspiel in Cottbus hat es Probleme mit Fans von Rot-Wei\u00df Essen gegeben. (Quelle: Peter Hartenfelser via www.imago-images.de)<\/p>\n<p class=\"font-bold text-18 leading-17\">Ein Fu\u00dfballfan greift am Hauptbahnhof Hannover einen Bundespolizisten an. Die Anh\u00e4nger von Rot-Weiss Essen hatten zuvor in einem ICE f\u00fcr Unruhe gesorgt.<\/p>\n<p class=\"text-18 leading-17\">Am Mittwoch (9. April) kam es am Hauptbahnhof <a class=\"transition-colors duration-200 cursor-pointer text-inherit no-underline text-salemsfur md:hover:text-magenta md:hover:border-magenta md:focus:text-magenta border-current border-b border-solid break-words\" href=\"https:\/\/www.t-online.de\/region\/hannover\/\" data-sctrack=\"BodyAnchor\" target=\"_blank\" rel=\"noopener\">Hannover<\/a> zu einem Zwischenfall mit Fans des Drittligisten Rot-Weiss Essen. Wie die Bundespolizeiinspektion Hannover mitteilte, musste die Polizei eingreifen, nachdem die Anh\u00e4nger im ICE auf dem Weg nach <a class=\"transition-colors duration-200 cursor-pointer text-inherit no-underline text-salemsfur md:hover:text-magenta md:hover:border-magenta md:focus:text-magenta border-current border-b border-solid break-words\" href=\"https:\/\/www.t-online.de\/themen\/cottbus\/\" data-sctrack=\"BodyAnchor\" target=\"_blank\" rel=\"noopener\">Cottbus<\/a> f\u00fcr ordnungswidriges Verhalten gesorgt hatten. W\u00e4hrend der Kontrolle attackierte ein 18-j\u00e4hriger Fan einen Bundespolizisten mit einer Hartplastikstange und Faustschl\u00e4gen gegen den Kopf.<\/p>\n<p class=\"text-18 leading-17\">Der Angriff f\u00fchrte dazu, dass die Weiterfahrt der Gruppe verz\u00f6gert wurde. Der verletzte Polizist musste ins Krankenhaus gebracht werden. Die Beamten nahmen den Angreifer vor Ort fest und leiteten Ermittlungen wegen t\u00e4tlichen Angriffs, Widerstands gegen Vollstreckungsbeamte und gef\u00e4hrlicher K\u00f6rperverletzung ein. Die \u00fcbrigen Fans zeigten sich kooperativ und konnten nach der Feststellung ihrer Personalien weiterreisen.<\/p>\n<p class=\"text-18 leading-17\">Polizeidirektor Martin Kr\u00f6ger betonte, dass St\u00f6rungen oder Angriffe auf Polizeibeamte konsequent verfolgt werden. &#8222;Wie in der Vergangenheit muss auch zuk\u00fcnftig jedem Fan bewusst sein: Wer bereits auf der Anreise zu einem Fu\u00dfballspiel st\u00f6rt oder wie gestern sogar Polizeibeamte angreift, der sieht das Spiel nicht&#8220;, sagte Kr\u00f6ger.<\/p>\n","protected":false},"excerpt":{"rendered":"Vorfall am Hauptbahnhof Hannover RWE-Fan greift Bundespolizisten an Aktualisiert am 10.04.2025Lesedauer: 1 Min. Bundespolizisten in einem ICE (Symbolbild):&hellip;\n","protected":false},"author":2,"featured_media":26366,"comment_status":"","ping_status":"","sticky":false,"template":"","format":"standard","meta":{"footnotes":""},"categories":[1836],"tags":[722,2072,8432,3364,29,3688,347,30,46,3601,2229,1411,1209,176,121,3714,3856],"class_list":{"0":"post-26365","1":"post","2":"type-post","3":"status-publish","4":"format-standard","5":"has-post-thumbnail","7":"category-hannover","8":"tag-722","9":"tag-2072","10":"tag-cottbus","11":"tag-de","12":"tag-deutschland","13":"tag-essen","14":"tag-fussball","15":"tag-germany","16":"tag-hannover","17":"tag-hauptbahnhof","18":"tag-ice","19":"tag-niedersachsen","20":"tag-nordrhein-westfalen","21":"tag-nrw","22":"tag-polizei","23":"tag-rot-weiss-essen","24":"tag-ruhrgebiet"},"share_on_mastodon":{"url":"https:\/\/pubeurope.com\/@de\/114325869265227591","error":""},"_links":{"self":[{"href":"https:\/\/www.europesays.com\/de\/wp-json\/wp\/v2\/posts\/26365","targetHints":{"allow":["GET"]}}],"collection":[{"href":"https:\/\/www.europesays.com\/de\/wp-json\/wp\/v2\/posts"}],"about":[{"href":"https:\/\/www.europesays.com\/de\/wp-json\/wp\/v2\/types\/post"}],"author":[{"embeddable":true,"href":"https:\/\/www.europesays.com\/de\/wp-json\/wp\/v2\/users\/2"}],"replies":[{"embeddable":true,"href":"https:\/\/www.europesays.com\/de\/wp-json\/wp\/v2\/comments?post=26365"}],"version-history":[{"count":0,"href":"https:\/\/www.europesays.com\/de\/wp-json\/wp\/v2\/posts\/26365\/revisions"}],"wp:featuredmedia":[{"embeddable":true,"href":"https:\/\/www.europesays.com\/de\/wp-json\/wp\/v2\/media\/26366"}],"wp:attachment":[{"href":"https:\/\/www.europesays.com\/de\/wp-json\/wp\/v2\/media?parent=26365"}],"wp:term":[{"taxonomy":"category","embeddable":true,"href":"https:\/\/www.europesays.com\/de\/wp-json\/wp\/v2\/categories?post=26365"},{"taxonomy":"post_tag","embeddable":true,"href":"https:\/\/www.europesays.com\/de\/wp-json\/wp\/v2\/tags?post=26365"}],"curies":[{"name":"wp","href":"https:\/\/api.w.org\/{rel}","templated":true}]}}