{"id":263690,"date":"2025-07-12T23:46:14","date_gmt":"2025-07-12T23:46:14","guid":{"rendered":"https:\/\/www.europesays.com\/de\/263690\/"},"modified":"2025-07-12T23:46:14","modified_gmt":"2025-07-12T23:46:14","slug":"pol-ge-unfall-mit-polizeifahrzeug-presseportal","status":"publish","type":"post","link":"https:\/\/www.europesays.com\/de\/263690\/","title":{"rendered":"POL-GE: Unfall mit Polizeifahrzeug | Presseportal"},"content":{"rendered":"<p class=\"date\">12.07.2025 \u2013 23:34<\/p>\n<p class=\"customer\">\n                        <a class=\"story-customer\" title=\"weiter zum newsroom von Polizei Gelsenkirchen\" href=\"https:\/\/www.presseportal.de\/blaulicht\/nr\/51056\" rel=\"nofollow noopener\" target=\"_blank\">Polizei Gelsenkirchen<\/a>\n                    <\/p>\n<p><a class=\"glightbox event-trigger\" href=\"https:\/\/cache.pressmailing.net\/thumbnail\/story_hires\/66ac0790-30b0-4879-aab6-6f3674e5bbd1\/UnfallWildenbruchstra%C3%9Fe.png.jpg\" data-description=\"An beiden Fahrzeugen entstand Totalschaden\" data-category=\"medialightbox\" data-action=\"click\" data-label=\"single\" data-value=\"6872d4df270000fd2cf20314\" rel=\"nofollow noopener\" target=\"_blank\"><img decoding=\"async\" height=\"540\" with=\"720\" src=\"https:\/\/www.europesays.com\/de\/wp-content\/uploads\/2025\/07\/pol-ge-unfall-mit-polizeifahrzeug.jpeg\"   alt=\"POL-GE: Unfall mit Polizeifahrzeug\" class=\"single\"\/><\/a><\/p>\n<p><a data-category=\"citylink-story-view\" data-action=\"click\" data-label=\"Citylink in Meldungsansicht\" class=\"story-city event-trigger\" href=\"https:\/\/www.presseportal.de\/regional\/Gelsenkirchen\" title=\"News aus Gelsenkirchen \" rel=\"nofollow noopener\" target=\"_blank\">Gelsenkirchen<\/a> (ots)<\/p>\n<p>Am Samstag, 12.07.25 um 20:10 Uhr kam es auf der Kreuzung Ringstra\u00dfe \/ Wildenbruchstra\u00dfe in Gelsenkirchen-Altstadt zum frontalen Zusammensto\u00df zwischen einem Cabriolet einer 22j\u00e4hrigen Gelsenkirchenerin, die von der Wildenbruchstra\u00dfe nach links abbiegen wollte und einem Streifenwagen der Polizei Gelsenkirchen, der den Kreuzungsbereich geradeaus passieren wollte. Insgesamt wurden bei dem Unfall sieben Personen verletzt, vier Insassen des Cabriolets und drei Insassen des Polizeifahrzeuges. F\u00fcr die Unfallaufnahme musste der Kreuzungsbereich f\u00fcr mehrere Stunden gesperrt werden. Ein Unfallaufnahmeteam der Polizei Dortmund unterst\u00fctzte vor Ort. Die Ermittlungen zur Unfallursache dauern an.<\/p>\n<p class=\"contact-headline\">Nachfragen f\u00fcr Journalistinnen und Journalisten:<\/p>\n<p class=\"contact-text\">Polizei Gelsenkirchen<br \/>Leitstelle<br \/>Gayko, EPHK <br \/>Telefon: 0209\/365 2160<br \/>E-Mail: <a href=\"https:\/\/www.presseportal.de\/blaulicht\/pm\/51056\/mailto: leitstelle.gelsenkirchen@polizei.nrw.de\" class=\"uri-mailto\" rel=\"nofollow noopener\" target=\"_blank\"> leitstelle.gelsenkirchen@polizei.nrw.de<\/a><br \/><a target=\"_blank\" class=\"uri-ext outbound\" rel=\"noopener nofollow\" href=\"https:\/\/gelsenkirchen.polizei.nrw\/\">https:\/\/gelsenkirchen.polizei.nrw\/<\/a><\/p>\n<p class=\"originator\">Original-Content von: Polizei Gelsenkirchen, \u00fcbermittelt durch news aktuell<\/p>\n","protected":false},"excerpt":{"rendered":"12.07.2025 \u2013 23:34 Polizei Gelsenkirchen Gelsenkirchen (ots) Am Samstag, 12.07.25 um 20:10 Uhr kam es auf der Kreuzung&hellip;\n","protected":false},"author":2,"featured_media":263691,"comment_status":"","ping_status":"","sticky":false,"template":"","format":"standard","meta":{"footnotes":""},"categories":[1848],"tags":[3364,29,548,663,3934,3658,30,13,177,14,15,1209,176,121,178,180,179,181,12],"class_list":{"0":"post-263690","1":"post","2":"type-post","3":"status-publish","4":"format-standard","5":"has-post-thumbnail","7":"category-gelsenkirchen","8":"tag-de","9":"tag-deutschland","10":"tag-eu","11":"tag-europa","12":"tag-europe","13":"tag-gelsenkirchen","14":"tag-germany","15":"tag-headlines","16":"tag-kriminalitt","17":"tag-nachrichten","18":"tag-news","19":"tag-nordrhein-westfalen","20":"tag-nrw","21":"tag-polizei","22":"tag-presse","23":"tag-pressemeldung","24":"tag-pressemitteilung","25":"tag-pressemitteilungen","26":"tag-schlagzeilen"},"share_on_mastodon":{"url":"https:\/\/pubeurope.com\/@de\/114842932569129198","error":""},"_links":{"self":[{"href":"https:\/\/www.europesays.com\/de\/wp-json\/wp\/v2\/posts\/263690","targetHints":{"allow":["GET"]}}],"collection":[{"href":"https:\/\/www.europesays.com\/de\/wp-json\/wp\/v2\/posts"}],"about":[{"href":"https:\/\/www.europesays.com\/de\/wp-json\/wp\/v2\/types\/post"}],"author":[{"embeddable":true,"href":"https:\/\/www.europesays.com\/de\/wp-json\/wp\/v2\/users\/2"}],"replies":[{"embeddable":true,"href":"https:\/\/www.europesays.com\/de\/wp-json\/wp\/v2\/comments?post=263690"}],"version-history":[{"count":0,"href":"https:\/\/www.europesays.com\/de\/wp-json\/wp\/v2\/posts\/263690\/revisions"}],"wp:featuredmedia":[{"embeddable":true,"href":"https:\/\/www.europesays.com\/de\/wp-json\/wp\/v2\/media\/263691"}],"wp:attachment":[{"href":"https:\/\/www.europesays.com\/de\/wp-json\/wp\/v2\/media?parent=263690"}],"wp:term":[{"taxonomy":"category","embeddable":true,"href":"https:\/\/www.europesays.com\/de\/wp-json\/wp\/v2\/categories?post=263690"},{"taxonomy":"post_tag","embeddable":true,"href":"https:\/\/www.europesays.com\/de\/wp-json\/wp\/v2\/tags?post=263690"}],"curies":[{"name":"wp","href":"https:\/\/api.w.org\/{rel}","templated":true}]}}