{"id":263716,"date":"2025-07-13T00:03:11","date_gmt":"2025-07-13T00:03:11","guid":{"rendered":"https:\/\/www.europesays.com\/de\/263716\/"},"modified":"2025-07-13T00:03:11","modified_gmt":"2025-07-13T00:03:11","slug":"medien-rund-130-tote-nach-us-sturzfluten-panorama","status":"publish","type":"post","link":"https:\/\/www.europesays.com\/de\/263716\/","title":{"rendered":"Medien: Rund 130 Tote nach US-Sturzfluten | Panorama"},"content":{"rendered":"<p>Rund eine Woche nach den verheerenden Sturzfluten in Texas steigt die Zahl der Toten weiter. Und es gibt neue Vorw\u00fcrfe gegen die \u00f6rtlichen Beh\u00f6rden.<\/p>\n<p id=\"absatz1\" class=\"em_text\">Rund eine Woche nach den t\u00f6dlichen Sturzfluten in Texas steigt die Zahl der Toten weiter. Im besonders betroffenen Gebiet Kerr County z\u00e4hlen die Beh\u00f6rden mittlerweile 103 Tote, darunter 36 Kinder. Nach \u00fcbereinstimmenden Medienberichten kamen in Texas insgesamt rund 130 Menschen durch die Fluten ums Leben, zudem werden weiterhin viele vermisst.<\/p>\n<p id=\"absatz2\" class=\"em_text\">Die Gefahr ist bislang nicht gebannt: Wetterbeh\u00f6rden warnen vor neuen Hochwassern bis Sonntagabend (Ortszeit). Dabei k\u00f6nnte es starke Regenf\u00e4lle geben, die zu neuen Sturzfluten f\u00fchren k\u00f6nnten.<\/p>\n<p>\u00abWashington Post\u00bb: Wichtiges Alarmsystem wurde nicht aktiviert<\/p>\n<p id=\"absatz4\" class=\"em_text\">Unterdessen berichtete die \u00abWashington Post\u00bb, dass die \u00f6rtlichen Beh\u00f6rden zum H\u00f6hepunkt der Katastrophe ein besonders weitreichendes Alarmsystem nicht aktiviert hatten. Es seien lediglich SMS-Warnungen an zuvor registrierte Menschen verschickt worden. \u00dcber das leistungsst\u00e4rkere System h\u00e4tten die Beh\u00f6rden Mobilfunktelefone vibrieren und dar\u00fcber einen schrillen Ton abspielen lassen k\u00f6nnen, hie\u00df es in dem Bericht.<\/p>\n<p><a class=\"link-img\" href=\"https:\/\/www.mt.de\/_em_daten\/_cache\/image\/1xSkZrbm5qenlidjRuZ05UTUhWYjVSaG5UYWJjT2FpY0lTbWQxRzE2UmhmUStIUW1SVFhTSmtIK1A4MW43eHc3eTNnNUhxY3M1aEZnVFBZVXh1N3A2dmtGYUxhb3pkaFdLeHV6bHlBMGFaZ1B3aVBLUkVzUHAzSnJ1VlZ1YkVQeVc\/250712-2133-urn-newsml-dpa-com-20090101-250712-935-709675.jpg\" data-fancybox=\"images\" data-caption=\"Eine US-Flagge. - \u00a9 Eric Gay\/AP\/dpa\" rel=\"nofollow noopener\" target=\"_blank\"><br \/>\n<img decoding=\"async\"  src=\"https:\/\/www.europesays.com\/de\/wp-content\/uploads\/2025\/07\/250712-2133-urn-newsml-dpa-com-20090101-250712-935-709675.jpg\" loading=\"lazy\" width=\"1000\" alt=\"Eine US-Flagge. - \u00a9 Eric Gay\/AP\/dpa\"\/><\/p>\n<p><\/a><\/p>\n<p>Eine US-Flagge. &#8211; \u00a9 Eric Gay\/AP\/dpa<\/p>\n<p id=\"absatz6\" class=\"em_text\">Gegen die \u00f6rtlichen Beh\u00f6rden w\u00e4chst der Unmut &#8211; ihnen wird vorgeworfen, dass sie die Bev\u00f6lkerung bereits viel fr\u00fcher h\u00e4tten warnen m\u00fcssen. US-Pr\u00e4sident Donald Trump war am Freitag in das republikanische Texas gereist und hatte dabei Kritik an m\u00f6glicherweise zu sp\u00e4ten Alarmmeldungen abgetan. <\/p>\n","protected":false},"excerpt":{"rendered":"Rund eine Woche nach den verheerenden Sturzfluten in Texas steigt die Zahl der Toten weiter. Und es gibt&hellip;\n","protected":false},"author":2,"featured_media":263717,"comment_status":"","ping_status":"","sticky":false,"template":"","format":"standard","meta":{"footnotes":""},"categories":[3977],"tags":[331,332,13,14,15,12,77967,797,18758,4017,4018,4016,64,4019,4020],"class_list":{"0":"post-263716","1":"post","2":"type-post","3":"status-publish","4":"format-standard","5":"has-post-thumbnail","7":"category-usa","8":"tag-aktuelle-nachrichten","9":"tag-aktuelle-news","10":"tag-headlines","11":"tag-nachrichten","12":"tag-news","13":"tag-schlagzeilen","14":"tag-sturzflut","15":"tag-texas","16":"tag-the-washington-post","17":"tag-united-states","18":"tag-united-states-of-america","19":"tag-us","20":"tag-usa","21":"tag-vereinigte-staaten","22":"tag-vereinigte-staaten-von-amerika"},"share_on_mastodon":{"url":"https:\/\/pubeurope.com\/@de\/114842999415581535","error":""},"_links":{"self":[{"href":"https:\/\/www.europesays.com\/de\/wp-json\/wp\/v2\/posts\/263716","targetHints":{"allow":["GET"]}}],"collection":[{"href":"https:\/\/www.europesays.com\/de\/wp-json\/wp\/v2\/posts"}],"about":[{"href":"https:\/\/www.europesays.com\/de\/wp-json\/wp\/v2\/types\/post"}],"author":[{"embeddable":true,"href":"https:\/\/www.europesays.com\/de\/wp-json\/wp\/v2\/users\/2"}],"replies":[{"embeddable":true,"href":"https:\/\/www.europesays.com\/de\/wp-json\/wp\/v2\/comments?post=263716"}],"version-history":[{"count":0,"href":"https:\/\/www.europesays.com\/de\/wp-json\/wp\/v2\/posts\/263716\/revisions"}],"wp:featuredmedia":[{"embeddable":true,"href":"https:\/\/www.europesays.com\/de\/wp-json\/wp\/v2\/media\/263717"}],"wp:attachment":[{"href":"https:\/\/www.europesays.com\/de\/wp-json\/wp\/v2\/media?parent=263716"}],"wp:term":[{"taxonomy":"category","embeddable":true,"href":"https:\/\/www.europesays.com\/de\/wp-json\/wp\/v2\/categories?post=263716"},{"taxonomy":"post_tag","embeddable":true,"href":"https:\/\/www.europesays.com\/de\/wp-json\/wp\/v2\/tags?post=263716"}],"curies":[{"name":"wp","href":"https:\/\/api.w.org\/{rel}","templated":true}]}}