{"id":263795,"date":"2025-07-13T00:48:45","date_gmt":"2025-07-13T00:48:45","guid":{"rendered":"https:\/\/www.europesays.com\/de\/263795\/"},"modified":"2025-07-13T00:48:45","modified_gmt":"2025-07-13T00:48:45","slug":"416-neue-feuerwehrleute-treten-in-berlin-zum-dienst-an","status":"publish","type":"post","link":"https:\/\/www.europesays.com\/de\/263795\/","title":{"rendered":"416 neue Feuerwehrleute treten in Berlin zum Dienst an"},"content":{"rendered":"<p class=\"tspAMht tspAMhu\">Mit einem feierlichen Gel\u00f6bnis vor dem Roten Rathaus haben 416 Menschen bei der Berliner Feuerwehr offiziell ihre Ausbildung begonnen. Berlins Regierender B\u00fcrgermeister Kai Wegner (CDU), Innensenatorin Iris Spranger (SPD) und Landesbranddirektor Karsten Homrighausen begr\u00fc\u00dften zugleich 27 neue Mitglieder der Freiwilligen Feuerwehr.\u00a0<\/p>\n<p class=\"tspAMht\">Mit der zentralen Willkommensveranstaltung, an der viele Angeh\u00f6rige teilnahmen, sollten die k\u00fcnftigen Feuerwehrleute besonders gew\u00fcrdigt werden. \u201eEs ist ein starkes Zeichen, wenn sich junge Menschen heute bewusst f\u00fcr den Dienst bei der Berliner Feuerwehr entscheiden \u2013 und Verantwortung f\u00fcr unsere Stadt \u00fcbernehmen\u201c, sagte Regierungschef Wegner.\u00a0<\/p>\n<p><img decoding=\"async\" src=\"https:\/\/www.europesays.com\/de\/wp-content\/uploads\/2025\/07\/zentrale-willkommensveranstaltung-der-berliner-feuerwehr.jpeg\" alt=\"\" aria-labelledby=\"caption-14013125\" loading=\"lazy\" class=\"tspA5jw\"\/> Landesbranddirektor Karsten Homrighausen (l-r), Innnensenatorin Iris Spranger (SPD) und Berlins Regierender B\u00fcrgermeister Kai Wegner (CDU) empfingen die neuen Feuerwehrleute vor dem Roten Rathaus.  <\/p>\n<p class=\"tspAPh6\"> \u00a9 Joerg Carstensen\/dpa <\/p>\n<p class=\"tspAMht\">Berliner Feuerwehr und Freiwillige Feuerwehr seien \u201eunverzichtbare St\u00fctzen\u201c, betonte Innensenatorin Spranger. \u201eIch w\u00fcnsche allen, die heute neu in die Berliner Feuerwehr eintreten, dass Sie jederzeit gesund nach Hause kommen!\u201c Spranger erkl\u00e4rte, sie werde sich weiterhin f\u00fcr gute Bedingungen einsetzen. Dazu z\u00e4hlte sie mehr Stellen sowie den Neubau der Feuerwehr- und Rettungsdienst-Akademie.<\/p>\n<p><img decoding=\"async\" src=\"https:\/\/www.europesays.com\/de\/wp-content\/uploads\/2025\/07\/1752367725_258_zentrale-willkommensveranstaltung-der-berliner-feuerwehr.jpeg\" alt=\"\" aria-labelledby=\"caption-14013734\" loading=\"lazy\" class=\"tspA5jw\"\/> Feuerwehranw\u00e4rterinnen und Feuerwehranw\u00e4rter sowie neue Mitglieder der Freiwilligen Feuerwehr werden willkommen gehei\u00dfen werden.  <\/p>\n<p class=\"tspAPh6\"> \u00a9 dpa\/J\u00f6rg Carstensen <\/p>\n<p class=\"tspAMht\">\u201eIhre Haltung und Ihre Bereitschaft, f\u00fcr andere da zu sein, machen die Berliner Feuerwehr zu dem, was sie ist: eine verl\u00e4ssliche, starke Gemeinschaft im Dienst der Stadt\u201c, so Landesbranddirektor Homrighausen.\u00a0<\/p>\n<p class=\"tspAMht\">Im vergangenen Jahr sind Berliner Feuerwehrleute Jahr zu 532.157 Not- und Krankheitsf\u00e4llen sowie Br\u00e4nden ausger\u00fcckt &#8211; ein neuer Rekord (2023: 514.866). Die Feuerwehr hat nach eigenen Angaben 4.780 Besch\u00e4ftigte. Zudem gibt es knapp 2.970 Ehrenamtliche bei den Freiwilligen Feuerwehren und den Jugendfeuerwehren der Hauptstadt. <\/p>\n<p> Mehr vom Tagesspiegel <a href=\"https:\/\/www.tagesspiegel.de\/berlin\/bezirke\/reinickendorf\/berliner-senat-streicht-schnelle-hilfe-fur-grossbezirk-nur-noch-ein-notarzt-stutzpunkt-fur-ganz-reinickendorf-geplant-13990742.html?icid=topic-list_14013128___\" data-gtm-class=\"article-mzt-link\" class=\"tspBJk9\" target=\"_blank\" rel=\"noopener\">Berliner Senat streicht schnelle Hilfe im Gro\u00dfbezirk Nur noch ein Notarzt-St\u00fctzpunkt f\u00fcr ganz Reinickendorf geplant <\/a><a href=\"https:\/\/www.tagesspiegel.de\/berlin\/bezirke\/reinickendorf\/ich-habe-hier-einen-fahrgast-der-ist-alt-und-blind-wie-die-bvg-einen-96-jahrigen-im-berliner-sturmchaos-rettete-13994498.html?icid=topic-list_14013128___\" data-gtm-class=\"article-mzt-link\" class=\"tspBJk9\" target=\"_blank\" rel=\"noopener\">\u201eIch habe hier einen Fahrgast, der ist alt und blind\u201c Wie die BVG einen 96-J\u00e4hrigen im Berliner Sturmchaos rettete <\/a><a href=\"https:\/\/www.tagesspiegel.de\/berlin\/bezirke\/treptow-koepenick\/katastrophenschutz-in-treptow-kopenick-leuchtturme-neue-sirenen-und-fehlende-bunker-13825771.html?icid=topic-list_14013128___\" data-gtm-class=\"article-mzt-link\" class=\"tspBJk9\" target=\"_blank\" rel=\"noopener\">Katastrophenschutz in Treptow-K\u00f6penick \u201eLeuchtt\u00fcrme\u201c, neue Sirenen und fehlende Bunker <\/a><\/p>\n<p class=\"tspAMht\">Um den dringend ben\u00f6tigten Nachwuchs zu gewinnen, hat die Berliner Feuerwehr eine Ausbildungsoffensive gestartet. Pro Jahr sollen rund 500 Nachwuchskr\u00e4fte ausgebildet werden. Im Jahr 2024 konnten<a href=\"https:\/\/www.tagesspiegel.de\/berlin\/berliner-feuerwehr-in-der-krise-zahl-der-auszubildenden-bricht-ein--mangel-an-rettungswagen-12527957.html?icid=in-text-link_14013128\" class=\"link link--internal\" data-gtm-class=\"article-text-link\" data-gtm-val=\"internal\" target=\"_blank\" rel=\"noopener\"> von 520 Ausbildungspl\u00e4tzen jedoch nur 392 besetzt<\/a> werden. Zugleich gehen in den kommenden Jahren viele Feuerwehrleute in den Ruhestand. (Tsp\/dpa)<\/p>\n","protected":false},"excerpt":{"rendered":"Mit einem feierlichen Gel\u00f6bnis vor dem Roten Rathaus haben 416 Menschen bei der Berliner Feuerwehr offiziell ihre Ausbildung&hellip;\n","protected":false},"author":2,"featured_media":263796,"comment_status":"","ping_status":"","sticky":false,"template":"","format":"standard","meta":{"footnotes":""},"categories":[1825],"tags":[296,31,29,985,30,21425,2384,525,184],"class_list":{"0":"post-263795","1":"post","2":"type-post","3":"status-publish","4":"format-standard","5":"has-post-thumbnail","7":"category-berlin","8":"tag-berlin","9":"tag-cdu","10":"tag-deutschland","11":"tag-feuerwehr","12":"tag-germany","13":"tag-iris-spranger","14":"tag-kai-wegner","15":"tag-mitte","16":"tag-spd"},"share_on_mastodon":{"url":"https:\/\/pubeurope.com\/@de\/114843176678377844","error":""},"_links":{"self":[{"href":"https:\/\/www.europesays.com\/de\/wp-json\/wp\/v2\/posts\/263795","targetHints":{"allow":["GET"]}}],"collection":[{"href":"https:\/\/www.europesays.com\/de\/wp-json\/wp\/v2\/posts"}],"about":[{"href":"https:\/\/www.europesays.com\/de\/wp-json\/wp\/v2\/types\/post"}],"author":[{"embeddable":true,"href":"https:\/\/www.europesays.com\/de\/wp-json\/wp\/v2\/users\/2"}],"replies":[{"embeddable":true,"href":"https:\/\/www.europesays.com\/de\/wp-json\/wp\/v2\/comments?post=263795"}],"version-history":[{"count":0,"href":"https:\/\/www.europesays.com\/de\/wp-json\/wp\/v2\/posts\/263795\/revisions"}],"wp:featuredmedia":[{"embeddable":true,"href":"https:\/\/www.europesays.com\/de\/wp-json\/wp\/v2\/media\/263796"}],"wp:attachment":[{"href":"https:\/\/www.europesays.com\/de\/wp-json\/wp\/v2\/media?parent=263795"}],"wp:term":[{"taxonomy":"category","embeddable":true,"href":"https:\/\/www.europesays.com\/de\/wp-json\/wp\/v2\/categories?post=263795"},{"taxonomy":"post_tag","embeddable":true,"href":"https:\/\/www.europesays.com\/de\/wp-json\/wp\/v2\/tags?post=263795"}],"curies":[{"name":"wp","href":"https:\/\/api.w.org\/{rel}","templated":true}]}}