{"id":263809,"date":"2025-07-13T00:57:18","date_gmt":"2025-07-13T00:57:18","guid":{"rendered":"https:\/\/www.europesays.com\/de\/263809\/"},"modified":"2025-07-13T00:57:18","modified_gmt":"2025-07-13T00:57:18","slug":"arabella-kiesbauer-im-bild-interview-mama-und-oma-waren-meine-eltern-unterhaltung","status":"publish","type":"post","link":"https:\/\/www.europesays.com\/de\/263809\/","title":{"rendered":"Arabella Kiesbauer im BILD-Interview: Mama und Oma waren meine Eltern | Unterhaltung"},"content":{"rendered":"<p>Wien (\u00d6sterreich) \u2013 <b>Sie hat einen Hype ausgel\u00f6st, in vielerlei Hinsicht. Und ganz sicher ist die \u00f6sterreichische TV-Moderatorin<\/b><a href=\"https:\/\/www.bild.de\/unterhaltung\/stars-und-leute\/arabella-kiesbauer-feiert-tv-comeback-in-deutschland-6819b5dcc956e61cc27ae443\" class=\"text-link\" target=\"_blank\" rel=\"noopener\"><b> Arabella Kiesbauer <\/b><\/a><b>mitverantwortlich daf\u00fcr, dass ihr Vorname seit mehr als 30 Jahren (damals startete ihre Fernsehkarriere auch in Deutschland) an viele kleine M\u00e4dchen von deren M\u00fcttern (und Fans von Arabella Kiesbauer) weitergegeben wurde. <\/b><\/p>\n<p>Von BILD darauf angesprochen, schmunzelt das Original. \u201eEinige junge Frauen, die so hei\u00dfen wie ich, habe ich schon kennengelernt. Sie meinten tats\u00e4chlich, sie h\u00e4tten mir ihren Namen zu verdanken. Da muss ich dann immer lachen.\u201c<\/p>\n<p><b>Hier ist die <\/b><a href=\"https:\/\/podcasts.apple.com\/de\/podcast\/may-way-promi-deep-talk\/id1785225601\" target=\"_blank\" rel=\"noopener\" class=\"text-link--external text-link\"><b>Podcastreihe bei Apple<\/b><\/a><b>. Und hier <\/b><a href=\"https:\/\/open.spotify.com\/show\/28DPJ4T8h7RlNeMQbSTv9R?si=94338d0175ef4c7b\" target=\"_blank\" rel=\"noopener\" class=\"text-link--external text-link\"><b>bei Spotify<\/b><\/a><b>. <\/b><\/p>\n<p>Mit ihrer Talkshow \u201eArabella\u201c, die von 1994 bis 2004 auf <a href=\"https:\/\/www.bild.de\/themen\/organisationen\/prosieben\/organisation-news-fotos-videos-19409844.bild.html\" class=\"text-link\" target=\"_blank\" rel=\"noopener\">ProSieben<\/a> ausgestrahlt wurde, etablierte sie ein neues Format: Statt Prominenten standen Alltagsmenschen mit ihren pers\u00f6nlichen Geschichten im Mittelpunkt. Dieses Konzept war damals neu und sorgte f\u00fcr gro\u00dfe Aufmerksamkeit. Kiesbauer wurde zum Quoten-Star, die Zuschauer liebten ihre unkonventionelle Herangehensweise und ihre direkte Art, die Gespr\u00e4che zu f\u00fchren. <\/p>\n<p><img decoding=\"async\" width=\"992\" height=\"625\" alt=\"Das Aufwachsen mit drei Generationen pr\u00e4gte Arabella Kiesbauers Leben von Beginn an\" src=\"https:\/\/www.europesays.com\/de\/wp-content\/uploads\/2025\/07\/b098e9c38e2a0eb97c150012829b19ae,b44d1fbf\"   class=\"dynamic\" loading=\"lazy\"\/><\/p>\n<p class=\"fig__caption__text\">Das Aufwachsen mit drei Generationen pr\u00e4gte Arabella Kiesbauers Leben von Beginn an<\/p>\n<p>Foto: Privat<\/p>\n<p>F\u00fcr \u201eKampf der Realitystars\u201c kehrte sie zur\u00fcck ins TV<\/p>\n<p>Nach dem Ende ihrer t\u00e4glichen Talkshow moderierte sie u.\u00a0a. \u201eThe Masked Singer Austria\u201c und \u201eStarmania\u201c. 2015 pr\u00e4sentierte sie den <a href=\"https:\/\/www.bild.de\/unterhaltung\/tv\/eurovision-song-contest\/eurovision-song-contest-alle-infos-76681574.bild.html\" class=\"text-link\" target=\"_blank\" rel=\"noopener\">Eurovision Song Contest <\/a>in Wien und bis heute die \u00f6sterreichische Version von \u201eBauer sucht Frau\u201c. Anfang dieses Jahres kehrte Kiesbauer ins deutsche Fernsehen zur\u00fcck als Moderatorin der Show \u201e<a href=\"https:\/\/www.bild.de\/unterhaltung\/tv\/kampf-der-realitystars\/kampf-der-reality-stars-alle-infos-76681374.bild.html\" class=\"text-link\" target=\"_blank\" rel=\"noopener\">Kampf der Realitystars<\/a>\u201c (RTLZWEI). <\/p>\n<p>Zu den Dreharbeiten in Thailand (fast f\u00fcnf Wochen) kam ihr Mann nachgeflogen. Seit 2004 ist sie mit dem Wiener Unternehmer Florens Eblinger verheiratet, sie haben zwei Kinder, Tochter Nika und Sohn Neo. \u201eDie Kinder konnten nicht mitkommen, sie hatten Schule. Aber wir haben jeden Tag telefoniert. Ich bin \u00fcbers Handy auch mit der Schule verbunden. Trotz der Entfernung war ich sehr nah an ihrem Leben dran.\u201c<\/p>\n<p><img decoding=\"async\" width=\"992\" height=\"699\" alt=\"TV-Kult: Zwischen 1994 und 2004 pr\u00e4sentierte Arabella Kiesbauer ihre t\u00e4gliche Talkshow \u201eArabella\u201c bei ProSieben\" src=\"https:\/\/www.europesays.com\/de\/wp-content\/uploads\/2025\/07\/9a4afa5a3e7475866213776b16de6d5e,f8b57ee9\"   class=\"dynamic\" loading=\"lazy\"\/><\/p>\n<p class=\"fig__caption__text\">TV-Kult: Zwischen 1994 und 2004 pr\u00e4sentierte Arabella Kiesbauer ihre t\u00e4gliche Talkshow \u201eArabella\u201c bei ProSieben<\/p>\n<p>Foto: ullstein bild<\/p>\n<p>Sie und ihr Mann seien gerade in der Phase, \u201ein der wir akzeptieren m\u00fcssen, die Kinder immer mehr gehen zu lassen\u201c, erz\u00e4hlt sie. \u201eDas ist ein Lernprozess. Wir sind ein wenig gluckenhaft veranlagt und eng verbunden mit unseren Kindern. Sie strampeln sich gerade frei. Das ist der Lauf des Lebens, aber weh tut es anfangs schon. Wir sind auf einem guten Weg. Unsere beiden sind jetzt schon ganz tolle Menschen.\u201c<\/p>\n<p><b>Wollten Sie immer schon Mutter werden? \u201eNein. Ich hatte mir dazu nie Gedanken gemacht, bis ich 30 war. Als ich meinen Mann kennenlernte, wusste ich, jetzt habe ich den Richtigen. Das ist der Papa meiner Kinder.\u201c <\/b><\/p>\n<p><img decoding=\"async\" width=\"992\" height=\"744\" alt=\"Sommer 2025: Arabella Kiesbauer mit ihrem Mann Florens Eblinger und den Kindern Nika (17) und Neo (14)\" src=\"https:\/\/www.europesays.com\/de\/wp-content\/uploads\/2025\/07\/38d2aa1e30b92d637cb08f75e01df81c,adb58ecd\"   class=\"dynamic\" loading=\"lazy\"\/><\/p>\n<p class=\"fig__caption__text\">Sommer 2025: Arabella Kiesbauer mit ihrem Mann Florens Eblinger und den Kindern Nika (17) und Neo (14)<\/p>\n<p>Foto: arabellakiesbauer\/Instagram<\/p>\n<p>Zwei starke Frauen pr\u00e4gten ihr Leben <\/p>\n<p>Arabella Kiesbauer wurde von zwei starken Frauen erzogen, die sie im Gespr\u00e4ch mit BILD als \u201emeine Eltern\u201c bezeichnet. \u201eMeine Oma und meine Mama.\u201c Der Vater, ein Maschinenbauingenieur aus Ghana\/Westafrika, spielte in ihrer Kindheit keine pr\u00e4gende Rolle. Ihre Mutter, die deutsche Theaterschauspielerin Hannelore Kiesbauer, trennte sich von Sammy Ammissah (\u20201999) kurz nach Arabellas Geburt. <\/p>\n<p><img decoding=\"async\" width=\"992\" height=\"680\" alt=\"Enge Bindung: Arabella Kiesbauer (damals 27) 1996 mit ihrer Gro\u00dfmutter Elisabeth (l.) und ihrer Mutter Hannelore (damals 56)\" src=\"https:\/\/www.europesays.com\/de\/wp-content\/uploads\/2025\/07\/7d763249f0f3c3303ff14d86c882e1a6,513e78d6\"   class=\"dynamic\" loading=\"lazy\"\/><\/p>\n<p class=\"fig__caption__text\">Enge Bindung: Arabella Kiesbauer (damals 27) 1996 mit ihrer Gro\u00dfmutter Elisabeth (l.) und ihrer Mutter Hannelore (damals 56)<\/p>\n<p>Foto: picture-alliance \/ dpa<\/p>\n<p>Das M\u00e4dchen wuchs bei seiner Oma in Wien auf, in den Ferien besuchte es die Mutter in Berlin. \u201eIch wollte Architektur studieren und Innenarchitektin werden. Das war mein Herzensprojekt. Aber mich schreckten die F\u00e4cher Mathematik und Statik ab. Dann wollte ich Jura studieren und Anw\u00e4ltin werden, weil ich einen gro\u00dfen Gerechtigkeitssinn habe. Geworden ist es dann Publizistik und Theaterwissenschaften. Mein Stiefvater f\u00fchrte das Hansa-Theater in Alt-Moabit, ich wollte es \u00fcbernehmen. Das war der Plan. Dann kam es anders, wie so oft im Leben, und ich landete beim Fernsehen.\u201c<\/p>\n<p>Lesen Sie auch<\/p>\n<p>Der Lebensmensch war ihre Gro\u00dfmutter (\u20201999). \u201eSie hatte eine nat\u00fcrliche Autorit\u00e4t und gab mir ihre Werte mit auf den Weg und nat\u00fcrlich auch ganz viel Liebe. Die Rollenverteilung bei meinen Eltern war klar aufgeteilt: Meine Oma erzog mich, meine Mutter durfte mich verw\u00f6hnen.\u201c Kannten Sie Ihren Vater? Sie nickt. \u201eIch habe ihn nicht oft gesehen. Er besuchte mich ein paar Mal, aber eine richtige Verbindung haben wir nie aufgebaut. Dazu kam er zu selten. Ich habe ihn auch gar nicht vermisst. Meine Eltern, also meine Mutter und Gro\u00dfmutter, deckten alles an Emotionen ab, was ich brauchte. Meine Role Models sind starke Frauen mit Herz. Sie gaben mir das n\u00f6tige Selbstvertrauen auf den Weg. So erziehen mein Mann und ich auch unsere Kinder.\u201c<\/p>\n<p><b>Vielleicht ist es ihre Lust am Tanzen, die sie von ihrem Vater und seiner Heimat vererbt bekam. \u201eMusik ist ein wichtiger Bestandteil in meinem Leben. Ich tanze einfach gern.\u201c <\/b><\/p>\n<p><img decoding=\"async\" width=\"992\" height=\"1139\" alt=\"Moderatorin Arabella Kiesbauer als Schulkind\" src=\"https:\/\/www.europesays.com\/de\/wp-content\/uploads\/2025\/07\/c56933e4e0651e2293c1bf5634081945,34f7c4e5\"   class=\"dynamic\" loading=\"lazy\"\/><\/p>\n<p class=\"fig__caption__text\">Moderatorin Arabella Kiesbauer als Schulkind<\/p>\n<p>Foto: Privat<\/p>\n<p>Die Familie ihres Vaters war bettelarm<\/p>\n<p>Als Arabella vor 18 Jahren mit ihrem ersten Kind schwanger war, reiste sie erstmals in die Heimat ihres Vaters. \u201eEs liegt wohl in der Natur der Dinge, dass ich mich fragte, welche Wurzeln ich meinem Kind einmal weitergeben m\u00f6chte. Ich sp\u00fcrte, da fehlt einfach ein Teil von mir. In Afrika begab ich mich auf eine Spurensuche, auch wenn mein Vater damals bereits verstorben war. Ich machte seine Familie ausfindig, lernte meine Halbgeschwister kennen und wurde herzlich in den Kreis aufgenommen.\u201c<\/p>\n<p>Sie l\u00e4chelt. \u201eDas war heilsam f\u00fcr die Seele. Ich habe sehr viel \u00fcber meinen Vater erfahren. Viele kleine Puzzleteile, die sich zu einem Bild zusammenf\u00fcgten. Er kam aus einem kleinen Dorf, seine Familie war bettelarm. Er schaffte es, sich von der Dorfschule hochzuarbeiten bis zum Studium in Deutschland. Sp\u00e4ter ging er nach Amerika, gr\u00fcndete seine eigene Firma und eine neue Familie. Einer meiner Halbbr\u00fcder lebt in den USA.\u201c<\/p>\n<p><img decoding=\"async\" width=\"992\" height=\"912\" alt=\"Die Moderatorin mit BILD-Vize und Unterhaltungschefin Tanja May (52, l.)\" src=\"https:\/\/www.europesays.com\/de\/wp-content\/uploads\/2025\/07\/6c863dda4dbb567d5a129b4324f31b5c,5202a9d8\"   class=\"dynamic\" loading=\"lazy\"\/><\/p>\n<p class=\"fig__caption__text\">Die Moderatorin mit BILD-Vize und Unterhaltungschefin Tanja May (52, l.)<\/p>\n<p>Foto: Niels Starnick\/BILD<\/p>\n<p>Ihre Mutter sagt, optisch und von ihrem fr\u00f6hlichen Wesen her (\u201eIch bin ein Sonnenschein\u201c) komme sie voll nach ihrem Vater. Ihr selbst sei erst w\u00e4hrend ihrer Anfangsjahre beim Fernsehen bewusst geworden, dass ihre Hautfarbe dunkler ist als die ihrer Kolleginnen. \u201eIch war etwa 18, als ich anfing zu moderieren. Pl\u00f6tzlich wurde meine Hautfarbe in den Medien thematisiert, und ich wurde \u201adie erste dunkelh\u00e4utige Moderatorin\u2018 im Fernsehen. Beliebt war damals die Schlagzeile: \u201aArabella bringt Farbe ins Fernsehen\u2018.\u201c <\/p>\n<p><b>Arabella Kiesbauer sei \u00fcberrascht gewesen, \u201edenn das war f\u00fcr mich nicht das Interessanteste an meiner Person\u201c. Verletzt oder diskriminiert gef\u00fchlt habe sie sich deswegen nicht. \u201eIch war auf einer Privatschule. Dort gab es Kinder, die noch dunklere Haut hatten als ich.\u201c Ein einziges Mal sei ihre Oma in die Schule gekommen und habe mit dem Lehrer geschimpft, weil ein Mitsch\u00fcler ihre Enkelin geh\u00e4nselt hatte. Danach war Ruhe.<\/b><\/p>\n","protected":false},"excerpt":{"rendered":"Wien (\u00d6sterreich) \u2013 Sie hat einen Hype ausgel\u00f6st, in vielerlei Hinsicht. Und ganz sicher ist die \u00f6sterreichische TV-Moderatorin&hellip;\n","protected":false},"author":2,"featured_media":263810,"comment_status":"","ping_status":"","sticky":false,"template":"","format":"standard","meta":{"footnotes":""},"categories":[155],"tags":[3477,29,214,441,30,79748,20706,2043,45,684,215],"class_list":{"0":"post-263809","1":"post","2":"type-post","3":"status-publish","4":"format-standard","5":"has-post-thumbnail","7":"category-unterhaltung","8":"tag-bild","9":"tag-deutschland","10":"tag-entertainment","11":"tag-fernsehen","12":"tag-germany","13":"tag-kiesbauer-arabella","14":"tag-moderatorin","15":"tag-podcast","16":"tag-texttospeech","17":"tag-tv","18":"tag-unterhaltung"},"share_on_mastodon":{"url":"https:\/\/pubeurope.com\/@de\/114843211993454053","error":""},"_links":{"self":[{"href":"https:\/\/www.europesays.com\/de\/wp-json\/wp\/v2\/posts\/263809","targetHints":{"allow":["GET"]}}],"collection":[{"href":"https:\/\/www.europesays.com\/de\/wp-json\/wp\/v2\/posts"}],"about":[{"href":"https:\/\/www.europesays.com\/de\/wp-json\/wp\/v2\/types\/post"}],"author":[{"embeddable":true,"href":"https:\/\/www.europesays.com\/de\/wp-json\/wp\/v2\/users\/2"}],"replies":[{"embeddable":true,"href":"https:\/\/www.europesays.com\/de\/wp-json\/wp\/v2\/comments?post=263809"}],"version-history":[{"count":0,"href":"https:\/\/www.europesays.com\/de\/wp-json\/wp\/v2\/posts\/263809\/revisions"}],"wp:featuredmedia":[{"embeddable":true,"href":"https:\/\/www.europesays.com\/de\/wp-json\/wp\/v2\/media\/263810"}],"wp:attachment":[{"href":"https:\/\/www.europesays.com\/de\/wp-json\/wp\/v2\/media?parent=263809"}],"wp:term":[{"taxonomy":"category","embeddable":true,"href":"https:\/\/www.europesays.com\/de\/wp-json\/wp\/v2\/categories?post=263809"},{"taxonomy":"post_tag","embeddable":true,"href":"https:\/\/www.europesays.com\/de\/wp-json\/wp\/v2\/tags?post=263809"}],"curies":[{"name":"wp","href":"https:\/\/api.w.org\/{rel}","templated":true}]}}