{"id":263815,"date":"2025-07-13T01:03:12","date_gmt":"2025-07-13T01:03:12","guid":{"rendered":"https:\/\/www.europesays.com\/de\/263815\/"},"modified":"2025-07-13T01:03:12","modified_gmt":"2025-07-13T01:03:12","slug":"iranischer-geistlicher-setzt-kopfgeld-auf-trump-aus","status":"publish","type":"post","link":"https:\/\/www.europesays.com\/de\/263815\/","title":{"rendered":"Iranischer Geistlicher setzt Kopfgeld auf Trump aus"},"content":{"rendered":"<p>Fatwa ausgesprochen <\/p>\n<p>Iranischer Geistlicher setzt Kopfgeld auf Trump aus<\/p>\n<p>13.07.2025 &#8211; 01:13 UhrLesedauer: 2 Min.<\/p>\n<p><a href=\"#focus-0\" class=\"transition-colors duration-200 focus-within:text-magenta block text-current relative\" data-sctrack=\"FocusGalleryImage.Reference\"><img fetchpriority=\"high\" data-testid=\"Opener.Image\" style=\"--lqipURL:url('https:\/\/images.t-online.de\/2025\/06\/H9shoPCcyNXO\/0x107:2048x1152\/fit-in\/150x0\/filters:blur(25)\/trump-hatte-dem-obersten-fuehrer-des-irans-vor-wenigen-tagen-gedroht-archivbild.jpg')\"   loading=\"eager\" src=\"https:\/\/www.europesays.com\/de\/wp-content\/uploads\/2025\/07\/trump-hatte-dem-obersten-fuehrer-des-irans-vor-wenigen-tagen-gedroht-archivbild.jpg\" alt=\"US-Pr\u00e4sident Donald Trump.\" title=\"US-Pr\u00e4sident Donald Trump.\" width=\"2048\" height=\"1152\" class=\"bg-[url:var(--lqipURL)] bg-cover bg-center flex h-full w-full max-w-full\" decoding=\"async\"\/><img style=\"--width:32;--height:32\" loading=\"lazy\" src=\"https:\/\/www.t-online.de\/s\/paper\/_next\/static\/media\/zoom-in.f7dae02f.svg\" alt=\"Vergr\u00f6\u00dfern des Bildes\" title=\"Vergr\u00f6\u00dfern des Bildes\" class=\"block h-[calc(var(--height)_\/_16_*_1rem)] w-[calc(var(--width)_\/_16_*_1rem)] max-w-none absolute bottom-8 right-8 rounded-4 bg-snow p-8\" decoding=\"async\"\/><\/a><\/p>\n<p>Trump hatte dem obersten F\u00fchrer des Irans vor wenigen Tagen gedroht. (Archivbild) (Quelle: Manuel Balce Ceneta\/AP\/dpa\/dpa-bilder)<\/p>\n<p class=\"font-bold text-18 leading-17\">Ein iranischer Geistlicher hat eine Millionensumme f\u00fcr die T\u00f6tung von Donald Trump angeboten. Irans Pr\u00e4sident Masoud Pezeshkian \u00e4u\u00dfert sich dazu.<\/p>\n<p class=\"text-18 leading-17\">Ein iranischer Geistlicher hat \u00f6ffentlich eine Millionensumme f\u00fcr die T\u00f6tung von <a class=\"transition-colors duration-200 cursor-pointer text-inherit no-underline text-salemsfur md:hover:text-magenta md:hover:border-magenta md:focus:text-magenta border-current border-b border-solid break-words\" href=\"https:\/\/www.t-online.de\/themen\/donald-trump\/\" data-sctrack=\"BodyAnchor\" target=\"_blank\" rel=\"noopener\">Donald Trump<\/a> angeboten. Die Basis ist ein religi\u00f6ses Rechtsgutachten, das ihn und Israels Premier Netanyahu zum Tode verurteilt. Unterst\u00fctzung erh\u00e4lt er von weiteren hochrangigen Klerikern, berichtet das Nachrichtenportal &#8222;Iran International&#8220;.<\/p>\n<p class=\"text-18 leading-17\">Der Geistliche Mansour Emami hat nach eigenen Angaben eine Belohnung in H\u00f6he von rund 1,14 Millionen Dollar f\u00fcr die T\u00f6tung des fr\u00fcheren US-Pr\u00e4sidenten Donald Trump ausgelobt. &#8222;Wir werden 100 Milliarden Toman (etwa 20,37\u202fMillionen \u202fEuro) geben f\u00fcr denjenigen, der Trumps Kopf bringt&#8220;, sagte Emami dem Bericht nach in einer Rede auf Aserbaidschanisch. Er leitet die staatliche Organisation f\u00fcr Islamische Propaganda in der iranischen Provinz West-Aserbaidschan.<\/p>\n<p class=\"text-18 leading-17\">Bereits zuvor hatten zwei hochrangige Geistliche eine Fatwa \u2013 ein islamisches Rechtsgutachten \u2013 gegen Trump und den israelischen Ministerpr\u00e4sidenten <a class=\"transition-colors duration-200 cursor-pointer text-inherit no-underline text-salemsfur md:hover:text-magenta md:hover:border-magenta md:focus:text-magenta border-current border-b border-solid break-words\" href=\"https:\/\/www.t-online.de\/themen\/benjamin-netanjahu\/\" data-sctrack=\"BodyAnchor\" target=\"_blank\" rel=\"noopener\">Benjamin Netanjahu<\/a> ver\u00f6ffentlicht. Darin bezeichneten sie beide als &#8222;ungl\u00e4ubige K\u00e4mpfer&#8220;, ein Begriff, der im islamischen Recht die T\u00f6tung rechtfertigen soll. In einem offenen Brief erhielten sie Unterst\u00fctzung von zehn weiteren staatlich bestellten Klerikern.<\/p>\n<p class=\"text-18 leading-17\">Auf der iranischen Website thaar.ir l\u00e4uft laut eigenen Angaben eine Spendenkampagne zur Finanzierung der angek\u00fcndigten T\u00f6tung. Dort wurde zuletzt ein Betrag von mehr als 40 Millionen Dollar angezeigt. Die Echtheit dieser Summe konnte bislang nicht unabh\u00e4ngig best\u00e4tigt werden.<\/p>\n<p class=\"text-18 leading-17\">Irans Pr\u00e4sident Masoud Pezeshkian distanzierte sich bereits am Montag in einem Interview mit dem US-Moderator Tucker Carlson von Mordaufrufen gegen Trump. Die Fatwas seien nicht auf bestimmte Personen bezogen und h\u00e4tten nichts mit der Regierung oder dem Obersten F\u00fchrer zu tun, sagte Pezeshkian. Dennoch \u00e4u\u00dferten weitere einflussreiche Kleriker wie Ahmad Alamolhoda und Alireza Panahian \u00f6ffentlich ihre Zustimmung zu den Aufrufen.<\/p>\n<p class=\"text-18 leading-17\">W\u00e4hrend der Pr\u00e4sident versucht, die Lage zu beruhigen, gie\u00dfen iranische Scharfmacher aber weiter \u00d6l ins Feuer des Nahostkonflikts. Am Samstag hat ein Berater des iranischen Parlamentspr\u00e4sidenten ein Bild geteilt, das einen Atomangriff auf <a class=\"transition-colors duration-200 cursor-pointer text-inherit no-underline text-salemsfur md:hover:text-magenta md:hover:border-magenta md:focus:text-magenta border-current border-b border-solid break-words\" href=\"https:\/\/www.t-online.de\/themen\/israel\/\" data-sctrack=\"BodyAnchor\" target=\"_blank\" rel=\"noopener\">Israel<\/a> zu zeigen scheint. Mehdi Mohammadi, ein strategischer Berater von Mohammad-Bagher Ghalibaf, postete das Bild am Samstag in einer Instagram-Story. Das Bild zeigte eine Karte Israels mit zwei Atompilzen \u00fcber dem Land &#8211; eine Ikonographie, die allgemein als Symbol f\u00fcr Atomexplosionen gilt.<\/p>\n<p class=\"text-18 leading-17\">Der <a class=\"transition-colors duration-200 cursor-pointer text-inherit no-underline text-salemsfur md:hover:text-magenta md:hover:border-magenta md:focus:text-magenta border-current border-b border-solid break-words\" href=\"https:\/\/www.t-online.de\/themen\/iran\/\" data-sctrack=\"BodyAnchor\" target=\"_blank\" rel=\"noopener\">Iran<\/a> hat selbst immer wieder betont, keine Atomwaffen zu bauen und sein Atomprogramm f\u00fcr zivile Zwecke zu nutzen. Die <a class=\"transition-colors duration-200 cursor-pointer text-inherit no-underline text-salemsfur md:hover:text-magenta md:hover:border-magenta md:focus:text-magenta border-current border-b border-solid break-words\" href=\"https:\/\/www.t-online.de\/themen\/usa\/\" data-sctrack=\"BodyAnchor\" target=\"_blank\" rel=\"noopener\">USA<\/a> griffen im Juni die iranischen Atomanlagen mit Bombern an und besch\u00e4digten sie dabei schwer.<\/p>\n","protected":false},"excerpt":{"rendered":"Fatwa ausgesprochen Iranischer Geistlicher setzt Kopfgeld auf Trump aus 13.07.2025 &#8211; 01:13 UhrLesedauer: 2 Min. Trump hatte dem&hellip;\n","protected":false},"author":2,"featured_media":263816,"comment_status":"","ping_status":"","sticky":false,"template":"","format":"standard","meta":{"footnotes":""},"categories":[3],"tags":[1217,522,499,106,13,345,79751,411,54602,13585,14,15,56366,12,10,8,9,11,2866,76549,103,79752,104],"class_list":{"0":"post-263815","1":"post","2":"type-post","3":"status-publish","4":"format-standard","5":"has-post-thumbnail","7":"category-welt","8":"tag-1217","9":"tag-522","10":"tag-benjamin-netanjahu","11":"tag-donald-trump","12":"tag-headlines","13":"tag-iran","14":"tag-iran-international","15":"tag-israel","16":"tag-kopfgeld","17":"tag-millionensumme","18":"tag-nachrichten","19":"tag-news","20":"tag-rechtsgutachten","21":"tag-schlagzeilen","22":"tag-top-news","23":"tag-top-meldungen","24":"tag-topmeldungen","25":"tag-topnews","26":"tag-toetung","27":"tag-tucker-carlson","28":"tag-welt","29":"tag-west-aserbaidschan","30":"tag-world"},"share_on_mastodon":{"url":"https:\/\/pubeurope.com\/@de\/114843243611093672","error":""},"_links":{"self":[{"href":"https:\/\/www.europesays.com\/de\/wp-json\/wp\/v2\/posts\/263815","targetHints":{"allow":["GET"]}}],"collection":[{"href":"https:\/\/www.europesays.com\/de\/wp-json\/wp\/v2\/posts"}],"about":[{"href":"https:\/\/www.europesays.com\/de\/wp-json\/wp\/v2\/types\/post"}],"author":[{"embeddable":true,"href":"https:\/\/www.europesays.com\/de\/wp-json\/wp\/v2\/users\/2"}],"replies":[{"embeddable":true,"href":"https:\/\/www.europesays.com\/de\/wp-json\/wp\/v2\/comments?post=263815"}],"version-history":[{"count":0,"href":"https:\/\/www.europesays.com\/de\/wp-json\/wp\/v2\/posts\/263815\/revisions"}],"wp:featuredmedia":[{"embeddable":true,"href":"https:\/\/www.europesays.com\/de\/wp-json\/wp\/v2\/media\/263816"}],"wp:attachment":[{"href":"https:\/\/www.europesays.com\/de\/wp-json\/wp\/v2\/media?parent=263815"}],"wp:term":[{"taxonomy":"category","embeddable":true,"href":"https:\/\/www.europesays.com\/de\/wp-json\/wp\/v2\/categories?post=263815"},{"taxonomy":"post_tag","embeddable":true,"href":"https:\/\/www.europesays.com\/de\/wp-json\/wp\/v2\/tags?post=263815"}],"curies":[{"name":"wp","href":"https:\/\/api.w.org\/{rel}","templated":true}]}}