{"id":263823,"date":"2025-07-13T01:07:50","date_gmt":"2025-07-13T01:07:50","guid":{"rendered":"https:\/\/www.europesays.com\/de\/263823\/"},"modified":"2025-07-13T01:07:50","modified_gmt":"2025-07-13T01:07:50","slug":"aachen-testet-e-fahrzeuge-fuer-gefangenentransporte","status":"publish","type":"post","link":"https:\/\/www.europesays.com\/de\/263823\/","title":{"rendered":"Aachen testet E-Fahrzeuge f\u00fcr Gefangenentransporte"},"content":{"rendered":"<p>Pilotprojekt in NRW <\/p>\n<p>Aachen testet E-Fahrzeuge f\u00fcr Gefangenentransporte<\/p>\n<p>12.07.2025 &#8211; 16:30 UhrLesedauer: 1 Min.<\/p>\n<p><a href=\"#focus-0\" class=\"transition-colors duration-200 focus-within:text-magenta block text-current relative\" data-sctrack=\"FocusGalleryImage.Reference\"><img fetchpriority=\"high\" data-testid=\"Opener.Image\" style=\"--lqipURL:url('https:\/\/images.t-online.de\/2025\/07\/mUBtEo56ho6y\/0x417:4000x2250\/fit-in\/150x0\/filters:blur(25)\/ein-gefangenentransporter-symbolbild-bald-sollen-die-fahrzeuge-klimaneutral-fahren.jpg')\"   loading=\"eager\" src=\"https:\/\/www.europesays.com\/de\/wp-content\/uploads\/2025\/07\/ein-gefangenentransporter-symbolbild-bald-sollen-die-fahrzeuge-klimaneutral-fahren.jpg\" alt=\"imago images 73129043\" title=\"imago images 73129043\" width=\"4000\" height=\"2250\" class=\"bg-[url:var(--lqipURL)] bg-cover bg-center flex h-full w-full max-w-full\" decoding=\"async\"\/><img style=\"--width:32;--height:32\" loading=\"lazy\" src=\"https:\/\/www.t-online.de\/s\/paper\/_next\/static\/media\/zoom-in.f7dae02f.svg\" alt=\"Vergr\u00f6\u00dfern des Bildes\" title=\"Vergr\u00f6\u00dfern des Bildes\" class=\"block h-[calc(var(--height)_\/_16_*_1rem)] w-[calc(var(--width)_\/_16_*_1rem)] max-w-none absolute bottom-8 right-8 rounded-4 bg-snow p-8\" decoding=\"async\"\/><\/a><\/p>\n<p>Ein Gefangenentransporter (Symbolbild): Bald sollen die Fahrzeuge klimaneutral fahren. (Quelle: imago stock&amp;people via www.imago-images.de)<\/p>\n<p class=\"font-bold text-18 leading-17\">Die Justizvollzugsanstalten in Aachen und Bochum erhalten elektrisch betriebene Transportfahrzeuge f\u00fcr Gefangene. Das Projekt soll zeigen, dass sich Sicherheit und Klimaschutz vereinbaren lassen.<\/p>\n<p class=\"text-18 leading-17\">Nordrhein-Westfalen hat ein Pilotprojekt mit elektrisch betriebenen Gefangenentransportwagen gestartet. Wie das Justizministerium mitteilte, kommen die Fahrzeuge zun\u00e4chst in den Justizvollzugsanstalten <a class=\"transition-colors duration-200 cursor-pointer text-inherit no-underline text-salemsfur md:hover:text-magenta md:hover:border-magenta md:focus:text-magenta border-current border-b border-solid break-words\" href=\"https:\/\/www.t-online.de\/themen\/aachen\/\" data-sctrack=\"BodyAnchor\" target=\"_blank\" rel=\"noopener\">Aachen<\/a> und <a class=\"transition-colors duration-200 cursor-pointer text-inherit no-underline text-salemsfur md:hover:text-magenta md:hover:border-magenta md:focus:text-magenta border-current border-b border-solid break-words\" href=\"https:\/\/www.t-online.de\/themen\/bochum\/\" data-sctrack=\"BodyAnchor\" target=\"_blank\" rel=\"noopener\">Bochum<\/a> zum Einsatz.<\/p>\n<p class=\"text-18 leading-17\">Die E-Fahrzeuge sollen im Echtbetrieb getestet werden. Hintergrund ist das Ziel der Landesregierung, die gesamte Verwaltung bis 2030 klimaneutral zu gestalten. Das Klimaschutzgesetz sieht vor, dass bis dahin alle genutzten Fahrzeuge nach M\u00f6glichkeit einen klimagerechten Antrieb haben sollen.<\/p>\n<p class=\"text-18 leading-17\">Ein Ministeriumssprecher erkl\u00e4rte, dass auch andere Bundesl\u00e4nder bereits den Bereich der Gefangenentransportfahrzeuge in den Blick nehmen. Wegen der besonderen Anforderungen beim Gefangenentransport werde zun\u00e4chst in kleinem Rahmen erprobt, wie die Elektrofahrzeuge in der Praxis funktionieren.<\/p>\n<p class=\"text-18 leading-17\">Justizminister Benjamin Limbach sieht in dem Projekt einen wichtigen Schritt: &#8222;Mit der Pilotierung von Elektrofahrzeugen im Gefangenentransport setzt der nordrhein-westf\u00e4lische Justizvollzug einen weiteren Impuls f\u00fcr nachhaltiges und zukunftsorientiertes Handeln.&#8220; Der Minister betonte: &#8222;Wir k\u00f6nnen einen konkreten Beitrag zur Erreichung unserer Klimaziele leisten und wollen zeigen, dass sich Sicherheit und Nachhaltigkeit nicht ausschlie\u00dfen, sondern erg\u00e4nzen.&#8220;<\/p>\n","protected":false},"excerpt":{"rendered":"Pilotprojekt in NRW Aachen testet E-Fahrzeuge f\u00fcr Gefangenentransporte 12.07.2025 &#8211; 16:30 UhrLesedauer: 1 Min. Ein Gefangenentransporter (Symbolbild): Bald&hellip;\n","protected":false},"author":2,"featured_media":263824,"comment_status":"","ping_status":"","sticky":false,"template":"","format":"standard","meta":{"footnotes":""},"categories":[1853],"tags":[722,17161,1424,7507,3364,29,548,663,3934,514,79755,38231,79757,30,13,1293,5575,14,15,1209,36761,12,79756],"class_list":{"0":"post-263823","1":"post","2":"type-post","3":"status-publish","4":"format-standard","5":"has-post-thumbnail","7":"category-aachen","8":"tag-722","9":"tag-17161","10":"tag-aachen","11":"tag-bochum","12":"tag-de","13":"tag-deutschland","14":"tag-eu","15":"tag-europa","16":"tag-europe","17":"tag-fahrzeug","18":"tag-gefangenentransport","19":"tag-gefangenentransporter","20":"tag-gefangenentransportwagen","21":"tag-germany","22":"tag-headlines","23":"tag-justizministerium","24":"tag-justizvollzugsanstalt","25":"tag-nachrichten","26":"tag-news","27":"tag-nordrhein-westfalen","28":"tag-pilotprojekt","29":"tag-schlagzeilen","30":"tag-transportfahrzeug"},"share_on_mastodon":{"url":"https:\/\/pubeurope.com\/@de\/114843255202288620","error":""},"_links":{"self":[{"href":"https:\/\/www.europesays.com\/de\/wp-json\/wp\/v2\/posts\/263823","targetHints":{"allow":["GET"]}}],"collection":[{"href":"https:\/\/www.europesays.com\/de\/wp-json\/wp\/v2\/posts"}],"about":[{"href":"https:\/\/www.europesays.com\/de\/wp-json\/wp\/v2\/types\/post"}],"author":[{"embeddable":true,"href":"https:\/\/www.europesays.com\/de\/wp-json\/wp\/v2\/users\/2"}],"replies":[{"embeddable":true,"href":"https:\/\/www.europesays.com\/de\/wp-json\/wp\/v2\/comments?post=263823"}],"version-history":[{"count":0,"href":"https:\/\/www.europesays.com\/de\/wp-json\/wp\/v2\/posts\/263823\/revisions"}],"wp:featuredmedia":[{"embeddable":true,"href":"https:\/\/www.europesays.com\/de\/wp-json\/wp\/v2\/media\/263824"}],"wp:attachment":[{"href":"https:\/\/www.europesays.com\/de\/wp-json\/wp\/v2\/media?parent=263823"}],"wp:term":[{"taxonomy":"category","embeddable":true,"href":"https:\/\/www.europesays.com\/de\/wp-json\/wp\/v2\/categories?post=263823"},{"taxonomy":"post_tag","embeddable":true,"href":"https:\/\/www.europesays.com\/de\/wp-json\/wp\/v2\/tags?post=263823"}],"curies":[{"name":"wp","href":"https:\/\/api.w.org\/{rel}","templated":true}]}}