{"id":263832,"date":"2025-07-13T01:12:19","date_gmt":"2025-07-13T01:12:19","guid":{"rendered":"https:\/\/www.europesays.com\/de\/263832\/"},"modified":"2025-07-13T01:12:19","modified_gmt":"2025-07-13T01:12:19","slug":"herten-vom-pflegeheim-zurueck-nach-hause","status":"publish","type":"post","link":"https:\/\/www.europesays.com\/de\/263832\/","title":{"rendered":"Herten: Vom Pflegeheim zur\u00fcck nach Hause"},"content":{"rendered":"<p>\t\tWunsch nach R\u00fcckkehr ins Zuhause<br \/>\n\t\t\t\t\t\u201eIm Pflegeheim gehe ich vor die Hunde\u201c, sagt Peter Klose<\/p>\n<p>\t\t<img alt=\"\" src=\"https:\/\/www.europesays.com\/de\/wp-content\/uploads\/2025\/04\/630_0036_1087901_.jpg\"  class=\"avatar avatar-36 photo avatar-default\" height=\"36\" width=\"36\" loading=\"lazy\" decoding=\"async\"\/>\t\t<a class=\"article-author__name\" href=\"https:\/\/www.hertener-allgemeine.de\/author\/meike-holz\/\" rel=\"author noopener\" target=\"_blank\">Meike Holz<\/a><br \/>\n\t\tFotografin<\/p>\n<p>    <a href=\"https:\/\/www.hertener-allgemeine.de\/wp-content\/uploads\/2025\/07\/10\/15\/630_0900_4861702_HAL_Herten_Peter_Klose_Pflegeheim_Betre-1648x824.jpg\" target=\"_blank\" rel=\"noopener\"><\/p>\n<p>            <img decoding=\"async\" fetchpriority=\"high\" src=\"https:\/\/www.europesays.com\/de\/wp-content\/uploads\/2025\/07\/630_0900_4861701_HAL_Herten_Peter_Klose_Pflegeheim_Betre-640x428.jpg\" width=\"640\" height=\"428\"  alt=\"Peter und Marlies Klose aus Herten-Westerholt sitzen auf einer Couch.\"\/><\/p>\n<p>    <\/a><br \/>\n    Peter und Marlies Klose leben derzeit in einem Pflegeheim und w\u00fcrden lieber heute als morgen nach Hause zur\u00fcckkehren. \u00a9 Meike Holz<\/p>\n<p class=\"article__teaser-text\">Peter Klose will zur\u00fcck nach Hause. Der 83-J\u00e4hrige k\u00e4mpft darum, mit seiner Frau Marlies aus dem Pflegeheim auszuziehen. F\u00fcr ein selbstbestimmtes Leben.<\/p>\n<p>3 Min Lesezeit<\/p>\n<p>Hoffnung auf selbstbestimmtes LebenMit dem Rettungswagen in die KlinikIm Pflegeheim soll es \u201eganz schlimm\u201c sein<\/p>\n","protected":false},"excerpt":{"rendered":"Wunsch nach R\u00fcckkehr ins Zuhause \u201eIm Pflegeheim gehe ich vor die Hunde\u201c, sagt Peter Klose Meike Holz Fotografin&hellip;\n","protected":false},"author":2,"featured_media":263833,"comment_status":"","ping_status":"","sticky":false,"template":"","format":"standard","meta":{"footnotes":""},"categories":[1848],"tags":[3364,29,548,663,3934,3658,30,141,13,14,15,1209,6580,12],"class_list":{"0":"post-263832","1":"post","2":"type-post","3":"status-publish","4":"format-standard","5":"has-post-thumbnail","7":"category-gelsenkirchen","8":"tag-de","9":"tag-deutschland","10":"tag-eu","11":"tag-europa","12":"tag-europe","13":"tag-gelsenkirchen","14":"tag-germany","15":"tag-gesundheit","16":"tag-headlines","17":"tag-nachrichten","18":"tag-news","19":"tag-nordrhein-westfalen","20":"tag-pflegeheim","21":"tag-schlagzeilen"},"share_on_mastodon":{"url":"https:\/\/pubeurope.com\/@de\/114843270931087902","error":""},"_links":{"self":[{"href":"https:\/\/www.europesays.com\/de\/wp-json\/wp\/v2\/posts\/263832","targetHints":{"allow":["GET"]}}],"collection":[{"href":"https:\/\/www.europesays.com\/de\/wp-json\/wp\/v2\/posts"}],"about":[{"href":"https:\/\/www.europesays.com\/de\/wp-json\/wp\/v2\/types\/post"}],"author":[{"embeddable":true,"href":"https:\/\/www.europesays.com\/de\/wp-json\/wp\/v2\/users\/2"}],"replies":[{"embeddable":true,"href":"https:\/\/www.europesays.com\/de\/wp-json\/wp\/v2\/comments?post=263832"}],"version-history":[{"count":0,"href":"https:\/\/www.europesays.com\/de\/wp-json\/wp\/v2\/posts\/263832\/revisions"}],"wp:featuredmedia":[{"embeddable":true,"href":"https:\/\/www.europesays.com\/de\/wp-json\/wp\/v2\/media\/263833"}],"wp:attachment":[{"href":"https:\/\/www.europesays.com\/de\/wp-json\/wp\/v2\/media?parent=263832"}],"wp:term":[{"taxonomy":"category","embeddable":true,"href":"https:\/\/www.europesays.com\/de\/wp-json\/wp\/v2\/categories?post=263832"},{"taxonomy":"post_tag","embeddable":true,"href":"https:\/\/www.europesays.com\/de\/wp-json\/wp\/v2\/tags?post=263832"}],"curies":[{"name":"wp","href":"https:\/\/api.w.org\/{rel}","templated":true}]}}