{"id":263848,"date":"2025-07-13T01:22:53","date_gmt":"2025-07-13T01:22:53","guid":{"rendered":"https:\/\/www.europesays.com\/de\/263848\/"},"modified":"2025-07-13T01:22:53","modified_gmt":"2025-07-13T01:22:53","slug":"fc-st-pauli-verpflichtet-louis-oppie-aus-bielefeld","status":"publish","type":"post","link":"https:\/\/www.europesays.com\/de\/263848\/","title":{"rendered":"FC St. Pauli verpflichtet Louis Oppie aus Bielefeld"},"content":{"rendered":"<p>\n                                        Der FC St. Pauli hat offiziell die Verpflichtung von Louis Oppie bekanntgegeben, der in der abgelaufenen Saison mit Arminia Bielefeld in die 2. Liga aufstieg und im DFB-Pokalfinale stand. Er kommt als Ersatz f\u00fcr Au\u00dfenverteidiger Philipp Treu, der zum SC Freiburg zur\u00fcckgekehrt ist.<\/p>\n<p>\n<br \/>Auf der linken Au\u00dfenbahn wird sich Oppie vermutlich dem Konkurrenzkampf mit Lars Ritzka stellen. Wenn er sich schnell an das Niveau in der Bundesliga und den Umschaltfu\u00dfball von Trainer Alexander Blessin anpasst, hat er dort gute Chancen, den n\u00e4chsten Entwicklungsschritt zu vollziehen. Die Hamburger \u00fcberweisen nach Sky-Informationen 2 Millionen Euro an die Arminia. Diese Summe kann sich durch Bonuszahlungen auf bis zu 3 Millionen Euro erh\u00f6hen.<\/p>\n<p>Oppie war zu Jugendzeiten unter anderem f\u00fcr Hertha BSC und Hannover 96 aktiv. Der 23-J\u00e4hrige erzielte in den vergangenen 37 Pflichtspielen in der 3. Liga drei Treffer selbst und bereitete neun weitere vor.                                <\/p>\n<p>                                                                Stimmen zum Transfer<\/p>\n<p class=\"pt-md\"><b>Andreas Bornemann<\/b>, Sportchef: \u201eLouis war in der vergangenen Saison ein wichtiger Teil eines sehr erfolgreichen Arminia-Teams. Mit seiner Verpflichtung verschaffen wir uns auf der linken defensiven Au\u00dfenbahn eine sehr vielversprechende Option. Er agiert sehr mutig nach vorne, ist offensiv orientiert und verf\u00fcgt damit \u00fcber genau das Profil, das wir f\u00fcr unseren Kader gesucht hatten.\u201c<\/p>\n<p><b>Alexander Blessin<\/b>, Cheftrainer: \u201eMit Louis bekommen wir einen dynamischen Spieler, der sich immer wieder in die Offensive einschaltet, seine Mitspieler in Szene setzt, aber auch selbst f\u00fcr Torgefahr sorgen kann. Zudem verf\u00fcgt er \u00fcber Qualit\u00e4ten bei ruhenden B\u00e4llen. Ebenso wichtig ist f\u00fcr unser Spiel, dass Louis auch im Defensivverhalten mit der gleichen Intensit\u00e4t unterwegs ist.\u201c<\/p>\n<p><b>Louis Oppie<\/b>: \u201eIch hatte sehr \u00fcberzeugende Gespr\u00e4che mit den Verantwortlichen beim FC St. Pauli und bin davon \u00fcberzeugt, dass die Spielweise sehr gut zu meinen Qualit\u00e4ten passt. Nun freue ich mich darauf, meine Mitspieler und die Stadt kennenzulernen sowie auf die ersten Einheiten auf dem Platz.\u201c<\/p>\n<p><\/p>\n","protected":false},"excerpt":{"rendered":"Der FC St. Pauli hat offiziell die Verpflichtung von Louis Oppie bekanntgegeben, der in der abgelaufenen Saison mit&hellip;\n","protected":false},"author":2,"featured_media":263849,"comment_status":"","ping_status":"","sticky":false,"template":"","format":"standard","meta":{"footnotes":""},"categories":[1841],"tags":[4808,31078,1605,2217,3364,29,459,347,30,17612,2369,15,1209,5422,265,924,1288,2627,5421],"class_list":{"0":"post-263848","1":"post","2":"type-post","3":"status-publish","4":"format-standard","5":"has-post-thumbnail","7":"category-bielefeld","8":"tag-1-bundesliga","9":"tag-2025-26","10":"tag-bielefeld","11":"tag-bilanz","12":"tag-de","13":"tag-deutschland","14":"tag-fc-st-pauli","15":"tag-fussball","16":"tag-germany","17":"tag-linksverteidiger","18":"tag-louis-oppie","19":"tag-news","20":"tag-nordrhein-westfalen","21":"tag-quote","22":"tag-sport","23":"tag-statistik","24":"tag-transfers","25":"tag-verletzungen","26":"tag-wechsel"},"share_on_mastodon":{"url":"https:\/\/pubeurope.com\/@de\/114843314266222629","error":""},"_links":{"self":[{"href":"https:\/\/www.europesays.com\/de\/wp-json\/wp\/v2\/posts\/263848","targetHints":{"allow":["GET"]}}],"collection":[{"href":"https:\/\/www.europesays.com\/de\/wp-json\/wp\/v2\/posts"}],"about":[{"href":"https:\/\/www.europesays.com\/de\/wp-json\/wp\/v2\/types\/post"}],"author":[{"embeddable":true,"href":"https:\/\/www.europesays.com\/de\/wp-json\/wp\/v2\/users\/2"}],"replies":[{"embeddable":true,"href":"https:\/\/www.europesays.com\/de\/wp-json\/wp\/v2\/comments?post=263848"}],"version-history":[{"count":0,"href":"https:\/\/www.europesays.com\/de\/wp-json\/wp\/v2\/posts\/263848\/revisions"}],"wp:featuredmedia":[{"embeddable":true,"href":"https:\/\/www.europesays.com\/de\/wp-json\/wp\/v2\/media\/263849"}],"wp:attachment":[{"href":"https:\/\/www.europesays.com\/de\/wp-json\/wp\/v2\/media?parent=263848"}],"wp:term":[{"taxonomy":"category","embeddable":true,"href":"https:\/\/www.europesays.com\/de\/wp-json\/wp\/v2\/categories?post=263848"},{"taxonomy":"post_tag","embeddable":true,"href":"https:\/\/www.europesays.com\/de\/wp-json\/wp\/v2\/tags?post=263848"}],"curies":[{"name":"wp","href":"https:\/\/api.w.org\/{rel}","templated":true}]}}