{"id":263862,"date":"2025-07-13T01:31:41","date_gmt":"2025-07-13T01:31:41","guid":{"rendered":"https:\/\/www.europesays.com\/de\/263862\/"},"modified":"2025-07-13T01:31:41","modified_gmt":"2025-07-13T01:31:41","slug":"vereinigtes-koenigreich-weitere-fluechtlingsunterkunft-angegriffen","status":"publish","type":"post","link":"https:\/\/www.europesays.com\/de\/263862\/","title":{"rendered":"Vereinigtes K\u00f6nigreich: Weitere Fl\u00fcchtlingsunterkunft angegriffen"},"content":{"rendered":"\n<p><strong>In Gro\u00dfbritannien greift die Gewalt weiter um sich. Rechte Krawallmacher attackieren zwei Hotels, in denen Asylbewerber untergebracht werden.<\/strong><\/p>\n<p>Bei antimuslimischen Ausschreitungen in Gro\u00dfbritannien infolge der <a href=\"https:\/\/www.mopo.de\/news\/panorama\/drittes-maedchen-stirbt-nach-messerattacke-in-england-keines-wurde-aelter-als-neun\/\" rel=\"nofollow noopener\" target=\"_blank\">Bluttat von Southport<\/a> haben Randalierer eine weitere Unterkunft f\u00fcr Asylbewerber attackiert. Ein Mob bewerfe das Hotel in Tamworth nord\u00f6stlich von Birmingham mit Gegenst\u00e4nden, berichtete der Sender Sky News.<\/p>\n<p>Vereinigtes K\u00f6nigreich: Randalierer attackieren weitere Fl\u00fcchtlingsunterkunft<\/p>\n<p>Clips in sozialen Medien zeigten, wie Feuer an einem Teil des Geb\u00e4udes gelegt wurde. Daf\u00fcr gab es keine offizielle Best\u00e4tigung. Die Polizei sprach von \u201egewaltt\u00e4tigen Handlungen des Banditentums\u201c, ein Beamter sei verletzt worden.<\/p>\n<p>Die andauernde Gewalt war ausgebrochen, nachdem am Montag <a href=\"https:\/\/www.mopo.de\/news\/panorama\/drittes-maedchen-stirbt-nach-messerattacke-in-england-keines-wurde-aelter-als-neun\/\" rel=\"nofollow noopener\" target=\"_blank\">im nordwestenglischen Southport drei M\u00e4dchen erstochen<\/a> und acht weitere Kinder sowie zwei Erwachsene teils schwer verletzt wurden. In sozialen Medien wurden Ger\u00fcchte gestreut, bei dem T\u00e4ter handele es sich um einen muslimischen Migranten. Die Polizei betont, der 17 Jahre alte Verd\u00e4chtige sei in Gro\u00dfbritannien geboren worden. Seine Eltern stammen aus Ruanda.<\/p>\n<p>Der neue Premier k\u00fcndigt hartes Durchgreifen an<\/p>\n<p>Auch im nordenglischen Rotherham war eine Unterkunft f\u00fcr Asylbewerber massiv attackiert worden: Randalierer warfen Scheiben ein, griffen Polizisten an und drangen teilweise ins Geb\u00e4ude ein. Zehn Beamte wurden verletzt.<\/p>\n<p><strong>Das k\u00f6nnte Sie auch interessieren:<\/strong> <a href=\"https:\/\/www.mopo.de\/news\/panorama\/gefangenenaustausch-mit-russland-heute-hat-ihr-leid-ein-ende\/\" rel=\"nofollow noopener\" target=\"_blank\">USA machen Gefangenendeal mit Russland: Auch Hamburger Gummib\u00e4rchen-\u201eDealer\u201c ist frei<\/a><\/p>\n<p>Premierminister Keir Starmer k\u00fcndigte ein hartes Durchgreifen an. Verantwortlich f\u00fcr die Krawalle seien rechtsradikale Rowdys. Sie w\u00fcrden ihre gerechte Strafe bekommen, sagte Starmer. Der Regierungschef ist erst seit einem Monat im Amt. (dpa\/mp)<\/p>\n<p> <img decoding=\"async\" class=\"vg_wort_pixel\" src=\"https:\/\/www.europesays.com\/de\/wp-content\/uploads\/2025\/07\/vgzm.1021513-mopo-1254061.gif\" alt=\"\" style=\"width: 1px; height: 1px; position: absolute; pointer-events: none;\"\/><\/p>\n","protected":false},"excerpt":{"rendered":"In Gro\u00dfbritannien greift die Gewalt weiter um sich. Rechte Krawallmacher attackieren zwei Hotels, in denen Asylbewerber untergebracht werden.&hellip;\n","protected":false},"author":2,"featured_media":263863,"comment_status":"","ping_status":"","sticky":false,"template":"","format":"standard","meta":{"footnotes":""},"categories":[3976],"tags":[331,332,13,14,15,12,3992,3993,3994,3995,3996,3997],"class_list":{"0":"post-263862","1":"post","2":"type-post","3":"status-publish","4":"format-standard","5":"has-post-thumbnail","7":"category-vereinigtes-koenigreich","8":"tag-aktuelle-nachrichten","9":"tag-aktuelle-news","10":"tag-headlines","11":"tag-nachrichten","12":"tag-news","13":"tag-schlagzeilen","14":"tag-uk","15":"tag-united-kingdom","16":"tag-united-kingdom-of-great-britain-and-northern-ireland","17":"tag-vereinigtes-koenigreich","18":"tag-vereinigtes-koenigreich-grossbritannien-und-nordirland","19":"tag-vereinigtes-koenigreich-von-grossbritannien-und-nordirland"},"share_on_mastodon":{"url":"https:\/\/pubeurope.com\/@de\/114843345598343463","error":""},"_links":{"self":[{"href":"https:\/\/www.europesays.com\/de\/wp-json\/wp\/v2\/posts\/263862","targetHints":{"allow":["GET"]}}],"collection":[{"href":"https:\/\/www.europesays.com\/de\/wp-json\/wp\/v2\/posts"}],"about":[{"href":"https:\/\/www.europesays.com\/de\/wp-json\/wp\/v2\/types\/post"}],"author":[{"embeddable":true,"href":"https:\/\/www.europesays.com\/de\/wp-json\/wp\/v2\/users\/2"}],"replies":[{"embeddable":true,"href":"https:\/\/www.europesays.com\/de\/wp-json\/wp\/v2\/comments?post=263862"}],"version-history":[{"count":0,"href":"https:\/\/www.europesays.com\/de\/wp-json\/wp\/v2\/posts\/263862\/revisions"}],"wp:featuredmedia":[{"embeddable":true,"href":"https:\/\/www.europesays.com\/de\/wp-json\/wp\/v2\/media\/263863"}],"wp:attachment":[{"href":"https:\/\/www.europesays.com\/de\/wp-json\/wp\/v2\/media?parent=263862"}],"wp:term":[{"taxonomy":"category","embeddable":true,"href":"https:\/\/www.europesays.com\/de\/wp-json\/wp\/v2\/categories?post=263862"},{"taxonomy":"post_tag","embeddable":true,"href":"https:\/\/www.europesays.com\/de\/wp-json\/wp\/v2\/tags?post=263862"}],"curies":[{"name":"wp","href":"https:\/\/api.w.org\/{rel}","templated":true}]}}