{"id":263882,"date":"2025-07-13T01:44:29","date_gmt":"2025-07-13T01:44:29","guid":{"rendered":"https:\/\/www.europesays.com\/de\/263882\/"},"modified":"2025-07-13T01:44:29","modified_gmt":"2025-07-13T01:44:29","slug":"testspiel-nuernberg-patzt-im-testspiel-gegen-drittligisten","status":"publish","type":"post","link":"https:\/\/www.europesays.com\/de\/263882\/","title":{"rendered":"Testspiel: N\u00fcrnberg patzt im Testspiel gegen Drittligisten"},"content":{"rendered":"<p>        12. Juli 2025, 17:03 Uhr<br \/>\n    Quelle: dpa Bayern\n<\/p>\n<p>        Hinweis<\/p>\n<p class=\"article-notice__text\">\n        DIE ZEIT hat diese Meldung redaktionell nicht bearbeitet. Sie wurde automatisch von der Deutschen Presse-Agentur (dpa) \u00fcbernommen.        <\/p>\n<p>            <img decoding=\"async\" class=\"article__media-item\" src=\"https:\/\/www.europesays.com\/de\/wp-content\/uploads\/2025\/07\/1752371069_241_wide__660x371.jpeg\" alt=\"Testspiel: Trainer Miroslav Klose (r) freut sich \u00fcber einen Testspielsieg.\"\/><\/p>\n<p>                    Trainer Miroslav Klose (r) freut sich \u00fcber einen Testspielsieg.<br \/>\n            \u00a9\u00a0Martin Schutt\/\u200bdpa<\/p>\n<p class=\"paragraph article__item\">Der 1. FC <a class=\"rtr-entity\" href=\"https:\/\/www.zeit.de\/thema\/nuernberg\" target=\"_blank\" rel=\"noopener\">N\u00fcrnberg<\/a> hat das erste Vorbereitungsspiel f\u00fcr die neue Saison verloren. Gegen Drittliga-Aufsteiger 1. FC Schweinfurt unterlag die Mannschaft von Trainer Miroslav Klose in einem Test \u00fcber 120 Minuten mit 1:2 durch. Vor 2.300 Zuschauern am Sportpark Valznerweiher erzielten Jakob Tranziska und Joshua Endres die Treffer f\u00fcr die G\u00e4ste. F\u00fcr den Fu\u00dfball-Zweitligisten traf die Leverkusener Leihgabe Artem Stepanow.\n<\/p>\n<p>Aktuelles<\/p>\n<p>                <a href=\"https:\/\/www.zeit.de\/sport\/2025-06\/bayern-besiegt-flamengo-einzug-viertelfinale-klub-wm\" data-ct-label=\"Fifa Klub-WM: FC Bayern im Viertelfinale der Klub-WM\" target=\"_blank\" rel=\"noopener\"><\/p>\n<p>                        Fifa Klub-WM:<br \/>\n                        FC Bayern im Viertelfinale der Klub-WM<\/p>\n<p>                <\/a><\/p>\n<p>                <a href=\"https:\/\/www.zeit.de\/sport\/2025-06\/klub-weltmeisterschaft-achtelfinale-bayern-dortmund\" data-ct-label=\"Klub-WM: Bayern trifft im Achtelfinale auf Flamengo, Dortmund auf Monterrey\" target=\"_blank\" rel=\"noopener\"><\/p>\n<p>                        Klub-WM:<br \/>\n                        Bayern trifft im Achtelfinale auf Flamengo, Dortmund auf Monterrey<\/p>\n<p>                <\/a><\/p>\n<p>                <a href=\"https:\/\/www.zeit.de\/sport\/2025-07\/eroeffnungsspiel-fussball-em-frauen-schweiz-norwegen\" data-ct-label=\"Er\u00f6ffnungsspiel der Fu\u00dfball-EM: Hoppla Schwiiz!\" target=\"_blank\" rel=\"noopener\"><\/p>\n<p>                        Er\u00f6ffnungsspiel der Fu\u00dfball-EM:<br \/>\n                        Hoppla Schwiiz!<\/p>\n<p>                <\/a><\/p>\n<p class=\"paragraph article__item\">Vor dem Saisonstart bestreiten die N\u00fcrnberger noch zwei Vorbereitungsspiele gegen Arminia Bielefeld (19. Juli) und gegen Borussia M\u00f6nchengladbach (26. Juli).\n<\/p>\n<p class=\"paragraph article__item\">\u00a9 dpa-infocom, dpa:250712-930-790376\/1<\/p>\n","protected":false},"excerpt":{"rendered":"12. Juli 2025, 17:03 Uhr Quelle: dpa Bayern Hinweis DIE ZEIT hat diese Meldung redaktionell nicht bearbeitet. Sie&hellip;\n","protected":false},"author":2,"featured_media":263883,"comment_status":"","ping_status":"","sticky":false,"template":"","format":"standard","meta":{"footnotes":""},"categories":[1837],"tags":[783,772,3364,29,30,15,3783,11460,57305],"class_list":{"0":"post-263882","1":"post","2":"type-post","3":"status-publish","4":"format-standard","5":"has-post-thumbnail","7":"category-nuernberg","8":"tag-1-fc-nuernberg","9":"tag-bayern","10":"tag-de","11":"tag-deutschland","12":"tag-germany","13":"tag-news","14":"tag-nuernberg","15":"tag-testspiel","16":"tag-vorbereitungsspiel"},"share_on_mastodon":{"url":"https:\/\/pubeurope.com\/@de\/114843396751226403","error":""},"_links":{"self":[{"href":"https:\/\/www.europesays.com\/de\/wp-json\/wp\/v2\/posts\/263882","targetHints":{"allow":["GET"]}}],"collection":[{"href":"https:\/\/www.europesays.com\/de\/wp-json\/wp\/v2\/posts"}],"about":[{"href":"https:\/\/www.europesays.com\/de\/wp-json\/wp\/v2\/types\/post"}],"author":[{"embeddable":true,"href":"https:\/\/www.europesays.com\/de\/wp-json\/wp\/v2\/users\/2"}],"replies":[{"embeddable":true,"href":"https:\/\/www.europesays.com\/de\/wp-json\/wp\/v2\/comments?post=263882"}],"version-history":[{"count":0,"href":"https:\/\/www.europesays.com\/de\/wp-json\/wp\/v2\/posts\/263882\/revisions"}],"wp:featuredmedia":[{"embeddable":true,"href":"https:\/\/www.europesays.com\/de\/wp-json\/wp\/v2\/media\/263883"}],"wp:attachment":[{"href":"https:\/\/www.europesays.com\/de\/wp-json\/wp\/v2\/media?parent=263882"}],"wp:term":[{"taxonomy":"category","embeddable":true,"href":"https:\/\/www.europesays.com\/de\/wp-json\/wp\/v2\/categories?post=263882"},{"taxonomy":"post_tag","embeddable":true,"href":"https:\/\/www.europesays.com\/de\/wp-json\/wp\/v2\/tags?post=263882"}],"curies":[{"name":"wp","href":"https:\/\/api.w.org\/{rel}","templated":true}]}}