{"id":263888,"date":"2025-07-13T01:48:21","date_gmt":"2025-07-13T01:48:21","guid":{"rendered":"https:\/\/www.europesays.com\/de\/263888\/"},"modified":"2025-07-13T01:48:21","modified_gmt":"2025-07-13T01:48:21","slug":"sommertheater-in-dresden-durch-die-zeit-mit-jules-verne-und-shakespeare","status":"publish","type":"post","link":"https:\/\/www.europesays.com\/de\/263888\/","title":{"rendered":"Sommertheater in Dresden: Durch die Zeit mit Jules Verne und Shakespeare"},"content":{"rendered":"<p class=\"text\">\nEigentlich ist er seit vergangenem Herbst der neue Chef des kleinen privaten Theaters am Wettiner Platz in Dresden. Aber immer, wenn es so richtig Sommer wird in der Stadt, setzt sich Peter F\u00f6rster (seines Zeichens Autor, Regisseur, Chefbeleuchter, Inspizient und Platzanweiser \u2013 ein echter Theater-Impresario also) an den Kassentisch vor die schwere schmiedeeiserne T\u00fcr des Dresdner B\u00e4renzwingers im Br\u00fchlschen Garten, wo er mit seiner Theatertruppe seit 22 Jahren Sommertheater spielt. Nicht irgendeines, wie er stolz verk\u00fcndet.\n<\/p>\n<p><a name=\"Meistgespieltes\">Meistgespieltes<\/a> Sommertheater in Dresden<\/p>\n<p class=\"text\">\n&#8222;Wir spielen in nur sieben Wochen 42 Vorstellungen, au\u00dfer montags jeden Tag&#8220;, gibt er zu Protokoll. Wer bietet mehr? In Dresden niemand. Und selbst deutschlandweit vermutlich nur die St\u00f6rtebeker-Festspiele in Ralswiek auf R\u00fcgen, vermutet Peter F\u00f6rster. Der lockt sein Publikum traditionell mit einem von ihm selbst verfassten Shakespeare-St\u00fcck. &#8222;Ein Shakespeare von Jules Verne&#8220; hei\u00dft es diesmal im Kleingedruckten unter dem Titel: &#8222;Eine Reise zum Mittelpunkt der Zukunft&#8220;. Was aber hat die mit <a href=\"https:\/\/www.mdr.de\/nachrichten\/sachsen\/dresden\/wintermaerchen-staatsschauspiel-kritik-kultur-news-100.html\" title=\"Dresden: Staatsschauspiel begeistert mit Shakespeares &quot;Winterm\u00e4rchen&quot; \" rel=\"nofollow noopener\" target=\"_blank\">Shakespeare<\/a> zu tun?\n<\/p>\n<p>Wildes Theater<\/p>\n<p class=\"text\">\nDa verweist Peter F\u00f6rster auf die Tradition, der er sich bei diesem Sommertheaterspa\u00df verpflichtet f\u00fchlt, und z\u00e4hlt auf: Elisabethanisches Theater vom Feinsten. Aufkl\u00e4rung \u2013 so wenig wie n\u00f6tig. Sturm und Drang bis zum Abwinken. Schlie\u00dflich wurde auch im historischen Globe-Theatre an der Themse in London &#8222;hemmungslos gesoffen und um die Sittsamkeit des Publikums stand es nicht zum Besten&#8220;, wei\u00df der studierte Theaterwissenschaftler Peter F\u00f6rster zu berichten.\n<\/p>\n<p class=\"text\">\nDoch im Gegensatz zu damaliger Zeit h\u00e4lt sich das Dresdner Sommertheaterpublikum brav an die gegenw\u00e4rtig geltenden moralischen Regeln und lediglich am frisch gezapften Bier aus der Region fest, das man w\u00e4hrend der Vorstellung trinken darf. Man muss auch nicht, wie im historischen Globe-Theatre, stehen. Schon gar nicht im Regen. Der B\u00e4renzwinger ist \u00fcberdacht, gespielt wird immer \u2013 Sommertheater auf der sicheren Seite.\n<\/p>\n<p>Zur\u00fcck in die <a name=\"Zukunft\">Zukunft<\/a><\/p>\n<p class=\"text\">\nAuf der B\u00fchne herrscht zu Beginn des St\u00fccks allerdings Unsicherheit. Dar\u00fcber, mit welchem Verkehrsmittel man die Reise zum Mittelpunkt der Zukunft antreten sollte. &#8222;K\u00f6nnen wir nicht mit der <a href=\"https:\/\/www.mdr.de\/geschichte\/ddr\/wirtschaft\/verkehr\/mitropa-was-ist-das-102.html\" title=\"Mehr als Essen auf R\u00e4dern: Die Geschichte der Mitropa\" rel=\"nofollow noopener\" target=\"_blank\">Mitropa<\/a> in die Zukunft reisen? Im Sitzen, rollend, Essen auf R\u00e4dern speisen?&#8220;, hei\u00dft es da im durchweg gereimten Text des Abends.\n<\/p>\n<p class=\"text\">\nDoch die Bahn wird abgew\u00e4hlt. Mit der w\u00fcrde man ja wohl eher in der Vergangenheit landen, meinen die vier jungen Schauspielprofis auf der B\u00fchne. Drei von ihnen sind in Deutschland, eine in der ganzen Welt zu Hause. Gemeinsam schl\u00fcpfen sie in jede Rolle, die ihnen Peter F\u00f6rster da ins Tagebuch seiner rasanten Reise geschrieben hat. Die vom Paris der Jules Verne-Zeit aus Richtung Zukunft startet und dabei, gewisserma\u00dfen auf halbem Weg, auch durch unsere Gegenwart f\u00fchrt.\n<\/p>\n<p><a name=\"Sommertheater\">Sommertheater<\/a> als Revolution<\/p>\n<p class=\"text\">\nAuf die und unsere Probleme zielt das St\u00fcck von Peter F\u00f6rster auch ab. Witzig durchdachtes Sommertheater, das auf dieser Reise kaum ein menschliches \u00dcbel der vergangenen 150 Jahre ausl\u00e4sst, sich am Ende seinen <a href=\"https:\/\/www.mdr.de\/wissen\/psychologie-sozialwissenschaften\/warum-stirbt-die-hoffnung-zuletzt-podcast-100.html\" title=\"Warum die Hoffnung zuletzt stirbt\" rel=\"nofollow noopener\" target=\"_blank\">Optimismus<\/a> aber doch nicht nehmen l\u00e4sst. &#8222;Die wichtigste Vorraussetzung f\u00fcr die Zukunft, ist eine Gegenwart voller <a href=\"https:\/\/www.mdr.de\/nachrichten\/sachsen-anhalt\/magdeburg\/harz\/ausstellung-gleimhaus-alexander-kluge-kultur-news-100.html\" title=\"Ausstellung von Alexander Kluge im Gleimhaus Halberstadt er\u00f6ffnet\" rel=\"nofollow noopener\" target=\"_blank\">Vernunft<\/a>&#8222;, lautet die Erkenntnis.\n<\/p>\n<p class=\"text\">\nUnd nach dem Ende der Vorstellung steht der Impresario wieder am Ausgang und verabschiedet sein Publikum. Und allen die es wissen wollen, gibt er auch noch mal das Motto der Macher mit auf den Weg in die Sommernacht: &#8222;Spa\u00df haben, die Welt ver\u00e4ndern und damit Geld verdienen!&#8220;<\/p>\n","protected":false},"excerpt":{"rendered":"Eigentlich ist er seit vergangenem Herbst der neue Chef des kleinen privaten Theaters am Wettiner Platz in Dresden.&hellip;\n","protected":false},"author":2,"featured_media":263889,"comment_status":"","ping_status":"","sticky":false,"template":"","format":"standard","meta":{"footnotes":""},"categories":[1835],"tags":[79765,3364,29,2386,30,22826,66,81,23596,859,2715,79764,94,79766],"class_list":{"0":"post-263888","1":"post","2":"type-post","3":"status-publish","4":"format-standard","5":"has-post-thumbnail","7":"category-dresden","8":"tag-baerenzwinger","9":"tag-de","10":"tag-deutschland","11":"tag-dresden","12":"tag-germany","13":"tag-komoedie","14":"tag-kulturnachrichten","15":"tag-mdr","16":"tag-open-air","17":"tag-sachsen","18":"tag-sommer","19":"tag-sommertheater","20":"tag-theater","21":"tag-verne"},"share_on_mastodon":{"url":"https:\/\/pubeurope.com\/@de\/114843412292714164","error":""},"_links":{"self":[{"href":"https:\/\/www.europesays.com\/de\/wp-json\/wp\/v2\/posts\/263888","targetHints":{"allow":["GET"]}}],"collection":[{"href":"https:\/\/www.europesays.com\/de\/wp-json\/wp\/v2\/posts"}],"about":[{"href":"https:\/\/www.europesays.com\/de\/wp-json\/wp\/v2\/types\/post"}],"author":[{"embeddable":true,"href":"https:\/\/www.europesays.com\/de\/wp-json\/wp\/v2\/users\/2"}],"replies":[{"embeddable":true,"href":"https:\/\/www.europesays.com\/de\/wp-json\/wp\/v2\/comments?post=263888"}],"version-history":[{"count":0,"href":"https:\/\/www.europesays.com\/de\/wp-json\/wp\/v2\/posts\/263888\/revisions"}],"wp:featuredmedia":[{"embeddable":true,"href":"https:\/\/www.europesays.com\/de\/wp-json\/wp\/v2\/media\/263889"}],"wp:attachment":[{"href":"https:\/\/www.europesays.com\/de\/wp-json\/wp\/v2\/media?parent=263888"}],"wp:term":[{"taxonomy":"category","embeddable":true,"href":"https:\/\/www.europesays.com\/de\/wp-json\/wp\/v2\/categories?post=263888"},{"taxonomy":"post_tag","embeddable":true,"href":"https:\/\/www.europesays.com\/de\/wp-json\/wp\/v2\/tags?post=263888"}],"curies":[{"name":"wp","href":"https:\/\/api.w.org\/{rel}","templated":true}]}}