{"id":263898,"date":"2025-07-13T01:54:19","date_gmt":"2025-07-13T01:54:19","guid":{"rendered":"https:\/\/www.europesays.com\/de\/263898\/"},"modified":"2025-07-13T01:54:19","modified_gmt":"2025-07-13T01:54:19","slug":"71-jaehriger-stuerzt-zwischen-s-bahn-und-bahnsteig","status":"publish","type":"post","link":"https:\/\/www.europesays.com\/de\/263898\/","title":{"rendered":"71-J\u00e4hriger st\u00fcrzt zwischen S-Bahn und Bahnsteig"},"content":{"rendered":"<p>Schwere Verletzungen <\/p>\n<p>71-J\u00e4hriger st\u00fcrzt zwischen S-Bahn und Bahnsteig<\/p>\n<p>11.07.2025Lesedauer: 2 Min.<\/p>\n<p><a href=\"#focus-0\" class=\"transition-colors duration-200 focus-within:text-magenta block text-current relative\" data-sctrack=\"FocusGalleryImage.Reference\"><img fetchpriority=\"high\" data-testid=\"Opener.Image\" style=\"--lqipURL:url('https:\/\/images.t-online.de\/2025\/07\/hYYqyqj3lu3-\/0x208:4000x2250\/fit-in\/150x0\/filters:blur(25)\/image.jpg')\"   loading=\"eager\" src=\"https:\/\/www.europesays.com\/de\/wp-content\/uploads\/2025\/07\/1752371659_25_image.jpg\" alt=\"imago199479354\" title=\"imago199479354\" width=\"4000\" height=\"2250\" class=\"bg-[url:var(--lqipURL)] bg-cover bg-center flex h-full w-full max-w-full\" decoding=\"async\"\/><img style=\"--width:32;--height:32\" loading=\"lazy\" src=\"https:\/\/www.t-online.de\/s\/paper\/_next\/static\/media\/zoom-in.f7dae02f.svg\" alt=\"Vergr\u00f6\u00dfern des Bildes\" title=\"Vergr\u00f6\u00dfern des Bildes\" class=\"block h-[calc(var(--height)_\/_16_*_1rem)] w-[calc(var(--width)_\/_16_*_1rem)] max-w-none absolute bottom-8 right-8 rounded-4 bg-snow p-8\" decoding=\"async\"\/><\/a><\/p>\n<p>Der Bahnhof Essen-West (Symbolbild): Ein 71-J\u00e4hrige verletzte sich hier beim Versuch, seine S-Bahn noch zu erreichen, schwer. (Quelle: Andr\u00e9 Hirtz\/imago-images-bilder)<\/p>\n<p class=\"font-bold text-18 leading-17\">Ein Mann verpasst am Essener S-Bahnhof seine Bahn und schl\u00e4gt gegen die geschlossene T\u00fcr. Er verliert das Gleichgewicht und f\u00e4llt in den Spalt. Passanten retten ihn aus dem Gleisbett.<\/p>\n<p class=\"text-18 leading-17\">Ein 71-j\u00e4hriger Mann hat sich am S-Bahnhof Essen-West schwer verletzt. Wie die Bundespolizei mitteilte, st\u00fcrzte er am Donnerstag (10. Juli) gegen 6.05 Uhr zwischen die Bahnsteigkante und eine abfahrende S-Bahn.<\/p>\n<p class=\"text-18 leading-17\">Zeugen berichteten den Einsatzkr\u00e4ften, dass der Mann aus <a class=\"transition-colors duration-200 cursor-pointer text-inherit no-underline text-salemsfur md:hover:text-magenta md:hover:border-magenta md:focus:text-magenta border-current border-b border-solid break-words\" href=\"https:\/\/www.t-online.de\/themen\/gelsenkirchen\/\" data-sctrack=\"BodyAnchor\" target=\"_blank\" rel=\"noopener\">Gelsenkirchen<\/a> gerade die Treppe zum Bahnsteig hochgekommen sei. Die S-Bahn hatte zu diesem Zeitpunkt bereits ihre T\u00fcren geschlossen. Der 71-J\u00e4hrige schlug offenbar aus Wut gegen die Bahn und verlor dabei das Gleichgewicht. Bei der Abfahrt des Zuges fiel er in den Spalt zwischen Bahnsteig und Bahn.<\/p>\n<p class=\"text-18 leading-17\">Nach der Ausfahrt der S-Bahn stiegen mehrere Personen ins Gleisbett und hoben den Verletzten heraus. Gleichzeitig alarmierten sie den Rettungsdienst. Als die Bundespolizisten eintrafen, wurde der Mann bereits von einem Notarzt und Rettungskr\u00e4ften versorgt. Der Verungl\u00fcckte war zwar bei Bewusstsein, eine Kommunikation mit ihm war jedoch nicht m\u00f6glich.<\/p>\n<p class=\"text-18 leading-17\">Die Beamten sicherten die pers\u00f6nlichen Gegenst\u00e4nde des Mannes und nahmen die Daten der Zeugen auf. Die Auswertung der Videoaufzeichnungen des Bahnhofs ergab, dass ein Fremdverschulden ausgeschlossen werden kann.<\/p>\n<p class=\"text-18 leading-17\">Die Bundespolizei weist in diesem Zusammenhang darauf hin, wie leichtsinnig und lebensgef\u00e4hrlich ein Aufenthalt im Gleisbereich ist. Moderne Z\u00fcge sind meist erst zu h\u00f6ren, wenn es bereits zu sp\u00e4t sein k\u00f6nnte. Zudem k\u00f6nnen sie nicht ausweichen. T\u00f6dliche Gefahren gehen dabei nicht nur vom <a class=\"transition-colors duration-200 cursor-pointer text-inherit no-underline text-salemsfur md:hover:text-magenta md:hover:border-magenta md:focus:text-magenta border-current border-b border-solid break-words\" href=\"https:\/\/www.t-online.de\/themen\/zugverkehr\/\" data-sctrack=\"BodyAnchor\" target=\"_blank\" rel=\"noopener\">Zugverkehr<\/a> an sich, sondern auch von Betriebsanlagen wie Strom f\u00fchrenden Teilen, Masten und anderer Infrastruktur aus, so die Beamten.<\/p>\n","protected":false},"excerpt":{"rendered":"Schwere Verletzungen 71-J\u00e4hriger st\u00fcrzt zwischen S-Bahn und Bahnsteig 11.07.2025Lesedauer: 2 Min. Der Bahnhof Essen-West (Symbolbild): Ein 71-J\u00e4hrige verletzte&hellip;\n","protected":false},"author":2,"featured_media":263899,"comment_status":"","ping_status":"","sticky":false,"template":"","format":"standard","meta":{"footnotes":""},"categories":[1834],"tags":[5413,722,17161,79055,27614,421,3364,29,3688,3658,30,1209,176,6319],"class_list":{"0":"post-263898","1":"post","2":"type-post","3":"status-publish","4":"format-standard","5":"has-post-thumbnail","7":"category-essen","8":"tag-gleisbett","9":"tag-722","10":"tag-17161","11":"tag-79055","12":"tag-bahnsteig","13":"tag-bundespolizei","14":"tag-de","15":"tag-deutschland","16":"tag-essen","17":"tag-gelsenkirchen","18":"tag-germany","19":"tag-nordrhein-westfalen","20":"tag-nrw","21":"tag-verletzung"},"share_on_mastodon":{"url":"https:\/\/pubeurope.com\/@de\/114843436003854845","error":""},"_links":{"self":[{"href":"https:\/\/www.europesays.com\/de\/wp-json\/wp\/v2\/posts\/263898","targetHints":{"allow":["GET"]}}],"collection":[{"href":"https:\/\/www.europesays.com\/de\/wp-json\/wp\/v2\/posts"}],"about":[{"href":"https:\/\/www.europesays.com\/de\/wp-json\/wp\/v2\/types\/post"}],"author":[{"embeddable":true,"href":"https:\/\/www.europesays.com\/de\/wp-json\/wp\/v2\/users\/2"}],"replies":[{"embeddable":true,"href":"https:\/\/www.europesays.com\/de\/wp-json\/wp\/v2\/comments?post=263898"}],"version-history":[{"count":0,"href":"https:\/\/www.europesays.com\/de\/wp-json\/wp\/v2\/posts\/263898\/revisions"}],"wp:featuredmedia":[{"embeddable":true,"href":"https:\/\/www.europesays.com\/de\/wp-json\/wp\/v2\/media\/263899"}],"wp:attachment":[{"href":"https:\/\/www.europesays.com\/de\/wp-json\/wp\/v2\/media?parent=263898"}],"wp:term":[{"taxonomy":"category","embeddable":true,"href":"https:\/\/www.europesays.com\/de\/wp-json\/wp\/v2\/categories?post=263898"},{"taxonomy":"post_tag","embeddable":true,"href":"https:\/\/www.europesays.com\/de\/wp-json\/wp\/v2\/tags?post=263898"}],"curies":[{"name":"wp","href":"https:\/\/api.w.org\/{rel}","templated":true}]}}