{"id":263921,"date":"2025-07-13T02:07:22","date_gmt":"2025-07-13T02:07:22","guid":{"rendered":"https:\/\/www.europesays.com\/de\/263921\/"},"modified":"2025-07-13T02:07:22","modified_gmt":"2025-07-13T02:07:22","slug":"rauchentwicklung-eurocity-zuerich-muenchen-vorsorglich-geraeumt-bayern-2","status":"publish","type":"post","link":"https:\/\/www.europesays.com\/de\/263921\/","title":{"rendered":"Rauchentwicklung: Eurocity Z\u00fcrich-M\u00fcnchen vorsorglich ger\u00e4umt &#8211; Bayern"},"content":{"rendered":"<p>Sontheim &#8211; Im schw\u00e4bischen Sontheim ist ein Eurocity-Zug der Schweizer Bundesbahn auf dem Weg von Z\u00fcrich nach M\u00fcnchen ger\u00e4umt worden, nachdem es im Zug zu einer Rauchentwicklung gekommen war. Die rund 200 Fahrg\u00e4ste seien auf Nahverkehrsz\u00fcge verteilt worden und h\u00e4tten ihre Fahrt fortsetzen k\u00f6nnen, sagte eine Sprecherin der Bundespolizei in Kempten. Ursache sei vermutlich ein technischer Defekt gewesen. Verletzte habe es nicht gegeben, sagte die Sprecherin.<\/p>\n","protected":false},"excerpt":{"rendered":"Sontheim &#8211; Im schw\u00e4bischen Sontheim ist ein Eurocity-Zug der Schweizer Bundesbahn auf dem Weg von Z\u00fcrich nach M\u00fcnchen&hellip;\n","protected":false},"author":2,"featured_media":263922,"comment_status":"","ping_status":"","sticky":false,"template":"","format":"standard","meta":{"footnotes":""},"categories":[1827],"tags":[772,2030,29,30,1268,4338,293,601],"class_list":{"0":"post-263921","1":"post","2":"type-post","3":"status-publish","4":"format-standard","5":"has-post-thumbnail","7":"category-muenchen","8":"tag-bayern","9":"tag-deutsche-bahn","10":"tag-deutschland","11":"tag-germany","12":"tag-muenchen","13":"tag-notfall","14":"tag-schweiz","15":"tag-verkehr"},"share_on_mastodon":{"url":"https:\/\/pubeurope.com\/@de\/114843487104360788","error":""},"_links":{"self":[{"href":"https:\/\/www.europesays.com\/de\/wp-json\/wp\/v2\/posts\/263921","targetHints":{"allow":["GET"]}}],"collection":[{"href":"https:\/\/www.europesays.com\/de\/wp-json\/wp\/v2\/posts"}],"about":[{"href":"https:\/\/www.europesays.com\/de\/wp-json\/wp\/v2\/types\/post"}],"author":[{"embeddable":true,"href":"https:\/\/www.europesays.com\/de\/wp-json\/wp\/v2\/users\/2"}],"replies":[{"embeddable":true,"href":"https:\/\/www.europesays.com\/de\/wp-json\/wp\/v2\/comments?post=263921"}],"version-history":[{"count":0,"href":"https:\/\/www.europesays.com\/de\/wp-json\/wp\/v2\/posts\/263921\/revisions"}],"wp:featuredmedia":[{"embeddable":true,"href":"https:\/\/www.europesays.com\/de\/wp-json\/wp\/v2\/media\/263922"}],"wp:attachment":[{"href":"https:\/\/www.europesays.com\/de\/wp-json\/wp\/v2\/media?parent=263921"}],"wp:term":[{"taxonomy":"category","embeddable":true,"href":"https:\/\/www.europesays.com\/de\/wp-json\/wp\/v2\/categories?post=263921"},{"taxonomy":"post_tag","embeddable":true,"href":"https:\/\/www.europesays.com\/de\/wp-json\/wp\/v2\/tags?post=263921"}],"curies":[{"name":"wp","href":"https:\/\/api.w.org\/{rel}","templated":true}]}}