{"id":263927,"date":"2025-07-13T02:10:18","date_gmt":"2025-07-13T02:10:18","guid":{"rendered":"https:\/\/www.europesays.com\/de\/263927\/"},"modified":"2025-07-13T02:10:18","modified_gmt":"2025-07-13T02:10:18","slug":"weltserie-triathlon-in-hamburg-hauser-und-periault-siegen","status":"publish","type":"post","link":"https:\/\/www.europesays.com\/de\/263927\/","title":{"rendered":"Weltserie: Triathlon in Hamburg: Hauser und P\u00e9riault siegen"},"content":{"rendered":"<p class=\"metatextline\">Stand: 12.07.2025 21:18 Uhr<\/p>\n<p class=\"textabsatz columns twelve  m-ten  m-offset-one l-eight l-offset-two\">\n        <strong>Im Triathlon-Einzelrennen der M\u00e4nner kam Henry Graf in Hamburg nach einem Sturz mit dem Rennrad als F\u00fcnfter ins Ziel, dem Australier Matthew Hauser gelang die Titelverteidigung. Die deutschen Frauen waren deutlich von einem Podiumsplatz entfernt. Die Mixed-Staffel am Sonntag gibt es ab 13.50 Uhr ebenfalls im Livestream.<\/strong>\n    <\/p>\n<p class=\"textabsatz m-ten m-offset-one l-eight l-offset-two columns twelve\">\nIm Einzelrennen der M\u00e4nner riss Hauser (50:07 Minuten) nach 750 Meter Schwimmen, 20 Kilometer Radfahren, 5 Kilometer Laufen beim \u00dcberqueren der Ziellinie die Arme zum Zeichen des Triumphes nach oben. Zweiter wurde der Portugiese Vasco Vilaca (+ 7 Sekunden), der auf dem letzten Kilometer der Laufstrecke hatte abrei\u00dfen lassen m\u00fcssen. Bronze ging an Alessio Crociani (Italien\/+29).<\/p>\n<p class=\"textabsatz m-ten m-offset-one l-eight l-offset-two columns twelve\">\nDer Darmst\u00e4dter Graf erreichte unter dem Jubel der Fans auf dem Rathausmarkt als F\u00fcnfter (+40) das Ziel. Auf den letzten Metern der Radstrecke war er als F\u00fchrender in einer Spitzkehre mit dem Vorderrad auf der nassen Stra\u00dfe weggerutscht und gest\u00fcrzt.<\/p>\n<blockquote class=\"zitat\">\n<p>                    <strong> &#8222;Es war schon ein Schock, als ich auf einmal auf dem Asphalt lag.&#8220;<\/strong><\/p>\n<\/blockquote>\n<p class=\"textabsatz m-ten m-offset-one l-eight l-offset-two columns twelve\">\nMit dem Ausgang des Rennens war der 23-J\u00e4hrige dennoch zufrieden. &#8222;Es ist ein Ergebnis, mit dem ich gl\u00fccklich bin&#8220;, sagte Graf im Interview mit der Sportschau: &#8222;Der Sturz war schon \u00e4rgerlich. Ich denke, der hat mich ein paar K\u00f6rner gekostet. Ich dachte, ich k\u00f6nnte die Kurve ein bisschen schneller nehmen und mit ein, zwei Sekunden Vorsprung in die Wechselzone kommen. Es war schon ein Schock, als ich auf einmal auf dem Asphalt lag. Das bringt dich erst einmal raus aus dem Modus, das habe ich auch die zwei, drei Kurven danach noch gesp\u00fcrt.&#8220;<\/p>\n<p>    Tertsch kommt als Neunte ins Ziel<\/p>\n<p class=\"textabsatz m-ten m-offset-one l-eight l-offset-two columns twelve\">\nBei den Frauen gab es einen Doppelerfolg f\u00fcr Frankreich. Es gewann etwas \u00fcberraschend L\u00e9onie P\u00e9riault (56:25 Minuten) vor Cassandre Beaugrand (+4 Sekunden) und der Britin Beth Potter (+7). Lisa Tertsch verpasste klar den erhofften Erfolg in Hamburg. Die als Gesamtf\u00fchrende angetretene Deutsche kam bei der vierten von acht Stationen der World Triathlon Championship Series lediglich auf den neunten Rang (56:58 Minuten). Tertsch fiel in der WM-Wertung auf den dritten Rang zur\u00fcck.<\/p>\n<p class=\"textabsatz m-ten m-offset-one l-eight l-offset-two columns twelve\">\n&#8222;Ich habe mich heute auf das Schwimmen und Radfahren konzentriert, darunter hat das Laufen etwas gelitten. Das war f\u00fcr mich ein Lernrennen, aber ich bin trotzdem zufrieden. Letztlich hat mir beim Laufen ein bisschen die Energie gefehlt&#8220;, sagte dei Potsdamerin im Interview mit der Sportschau.<\/p>\n<p class=\"textabsatz m-ten m-offset-one l-eight l-offset-two columns twelve\">\nTanja Neubert verpasste als Elfte die Top-Ten zwar knapp (57:00), bildet als Zweitschnellste des deutschen Frauen-Teams gemeinsam mit Tertsch sowie Henry Graf und Lasse Nygaard Priester die deutsche Staffel, die auf Titelverteidigungskurs geht.<\/p>\n<p>                                        <a class=\"backlink__link\" href=\"https:\/\/www.ndr.de\/sport\/mehr_sport\/triathlon-in-hamburg-australier-hauser-siegt-graf-nach-sturz-fuenfter,triathlon-322.html\" target=\"_blank\" rel=\"noopener\"><\/p>\n<p>                                                <img decoding=\"async\" src=\"https:\/\/images.sportschau.de\/image\/ca2f654f-8e2c-4fe0-b8ff-6dfa1edc3bd7\/AAABlap_iCs\/AAABkZLrr6A\/original\/lra-ndr-logo-100.svg\" alt=\"Norddeutscher Rundfunk\"\/><\/p>\n<p>                                        <\/a><\/p>\n","protected":false},"excerpt":{"rendered":"Stand: 12.07.2025 21:18 Uhr Im Triathlon-Einzelrennen der M\u00e4nner kam Henry Graf in Hamburg nach einem Sturz mit dem&hellip;\n","protected":false},"author":2,"featured_media":263928,"comment_status":"","ping_status":"","sticky":false,"template":"","format":"standard","meta":{"footnotes":""},"categories":[1826],"tags":[29,30,692,13829],"class_list":{"0":"post-263927","1":"post","2":"type-post","3":"status-publish","4":"format-standard","5":"has-post-thumbnail","7":"category-hamburg","8":"tag-deutschland","9":"tag-germany","10":"tag-hamburg","11":"tag-triathlon"},"share_on_mastodon":{"url":"https:\/\/pubeurope.com\/@de\/114843498834290022","error":""},"_links":{"self":[{"href":"https:\/\/www.europesays.com\/de\/wp-json\/wp\/v2\/posts\/263927","targetHints":{"allow":["GET"]}}],"collection":[{"href":"https:\/\/www.europesays.com\/de\/wp-json\/wp\/v2\/posts"}],"about":[{"href":"https:\/\/www.europesays.com\/de\/wp-json\/wp\/v2\/types\/post"}],"author":[{"embeddable":true,"href":"https:\/\/www.europesays.com\/de\/wp-json\/wp\/v2\/users\/2"}],"replies":[{"embeddable":true,"href":"https:\/\/www.europesays.com\/de\/wp-json\/wp\/v2\/comments?post=263927"}],"version-history":[{"count":0,"href":"https:\/\/www.europesays.com\/de\/wp-json\/wp\/v2\/posts\/263927\/revisions"}],"wp:featuredmedia":[{"embeddable":true,"href":"https:\/\/www.europesays.com\/de\/wp-json\/wp\/v2\/media\/263928"}],"wp:attachment":[{"href":"https:\/\/www.europesays.com\/de\/wp-json\/wp\/v2\/media?parent=263927"}],"wp:term":[{"taxonomy":"category","embeddable":true,"href":"https:\/\/www.europesays.com\/de\/wp-json\/wp\/v2\/categories?post=263927"},{"taxonomy":"post_tag","embeddable":true,"href":"https:\/\/www.europesays.com\/de\/wp-json\/wp\/v2\/tags?post=263927"}],"curies":[{"name":"wp","href":"https:\/\/api.w.org\/{rel}","templated":true}]}}