{"id":263929,"date":"2025-07-13T02:11:16","date_gmt":"2025-07-13T02:11:16","guid":{"rendered":"https:\/\/www.europesays.com\/de\/263929\/"},"modified":"2025-07-13T02:11:16","modified_gmt":"2025-07-13T02:11:16","slug":"berlin-brandenburg-hertha-trainingslager-drei-spieler-trainieren-individuell","status":"publish","type":"post","link":"https:\/\/www.europesays.com\/de\/263929\/","title":{"rendered":"Berlin &#038; Brandenburg: Hertha-Trainingslager: Drei Spieler trainieren individuell"},"content":{"rendered":"<p>                    Berlin &amp; Brandenburg<br \/>\n                Hertha-Trainingslager: Drei Spieler trainieren individuell<\/p>\n<p>\t\t\t\t              12.07.2025, 12:44 Uhr<\/p>\n<p><strong>In Kitzb\u00fchel will sich die Hertha f\u00fcr den Aufstieg fit machen. Einige Angeschlagene sind noch nicht im Mannschaftstraining.<\/strong><\/p>\n<p>Kitzb\u00fchel (dpa\/bb) &#8211; Im Trainingslager von Fu\u00dfball-Zweitligist Hertha BSC arbeiten drei angeschlagene Feldspieler noch individuell. Neuzugang Paul Seguin, Au\u00dfenverteidiger Deyovaisio Zeefuik und Abwehrspieler Linus Gechter blieben im Hotel und trainierten dort, w\u00e4hrend ihre Kollegen die zweite Einheit in Kitzb\u00fchel absolvierten. Am Nachmittag sollen die drei auf den Trainingsplatz zur\u00fcckkehren.<\/p>\n<p>Ersatztorwart Marius Gersbeck machte nach seiner Schulter-Operation noch kein torwartspezifisches Training mit. Aus Berlin reist U23-Akteur Julius Gottschalk (18) nach, um die Reihen weiter aufzuf\u00fcllen. Am Sonntag werden auch die Nachwuchsspieler Kennet Eichhorn und Burak \u00d6zkanli, die noch an einem Turnier der U19 der Berliner teilnehmen, in \u00d6sterreich erwartet. Dann steht auch der Doppeltest gegen Br\u00f6ndby IF (13.30 Uhr) und Istanbul Basaksehir FK (18.30 Uhr) an.<\/p>\n","protected":false},"excerpt":{"rendered":"Berlin &amp; Brandenburg Hertha-Trainingslager: Drei Spieler trainieren individuell 12.07.2025, 12:44 Uhr In Kitzb\u00fchel will sich die Hertha f\u00fcr&hellip;\n","protected":false},"author":2,"featured_media":263930,"comment_status":"","ping_status":"","sticky":false,"template":"","format":"standard","meta":{"footnotes":""},"categories":[1816],"tags":[1960,1958,1959,1957,296,1956,1890,29,8699,30,79772,6236],"class_list":{"0":"post-263929","1":"post","2":"type-post","3":"status-publish","4":"format-standard","5":"has-post-thumbnail","7":"category-brandenburg","8":"tag-aktuelle-nachrichten-aus-berlin-und-brandenburg","9":"tag-aktuelle-nachrichten-aus-brandenburg","10":"tag-aktuelle-news-aus-berlin-und-brandenburg","11":"tag-aktuelle-news-aus-brandenburg","12":"tag-berlin","13":"tag-berlin-und-brandenburg","14":"tag-brandenburg","15":"tag-deutschland","16":"tag-drei","17":"tag-germany","18":"tag-hertha-trainingslager","19":"tag-spieler"},"share_on_mastodon":{"url":"https:\/\/pubeurope.com\/@de\/114843502713809109","error":""},"_links":{"self":[{"href":"https:\/\/www.europesays.com\/de\/wp-json\/wp\/v2\/posts\/263929","targetHints":{"allow":["GET"]}}],"collection":[{"href":"https:\/\/www.europesays.com\/de\/wp-json\/wp\/v2\/posts"}],"about":[{"href":"https:\/\/www.europesays.com\/de\/wp-json\/wp\/v2\/types\/post"}],"author":[{"embeddable":true,"href":"https:\/\/www.europesays.com\/de\/wp-json\/wp\/v2\/users\/2"}],"replies":[{"embeddable":true,"href":"https:\/\/www.europesays.com\/de\/wp-json\/wp\/v2\/comments?post=263929"}],"version-history":[{"count":0,"href":"https:\/\/www.europesays.com\/de\/wp-json\/wp\/v2\/posts\/263929\/revisions"}],"wp:featuredmedia":[{"embeddable":true,"href":"https:\/\/www.europesays.com\/de\/wp-json\/wp\/v2\/media\/263930"}],"wp:attachment":[{"href":"https:\/\/www.europesays.com\/de\/wp-json\/wp\/v2\/media?parent=263929"}],"wp:term":[{"taxonomy":"category","embeddable":true,"href":"https:\/\/www.europesays.com\/de\/wp-json\/wp\/v2\/categories?post=263929"},{"taxonomy":"post_tag","embeddable":true,"href":"https:\/\/www.europesays.com\/de\/wp-json\/wp\/v2\/tags?post=263929"}],"curies":[{"name":"wp","href":"https:\/\/api.w.org\/{rel}","templated":true}]}}