{"id":263948,"date":"2025-07-13T02:26:15","date_gmt":"2025-07-13T02:26:15","guid":{"rendered":"https:\/\/www.europesays.com\/de\/263948\/"},"modified":"2025-07-13T02:26:15","modified_gmt":"2025-07-13T02:26:15","slug":"nach-brick-kommt-direkt-der-naechste-film-mit-matthias-schweighoefer-und-ruby-o-fee-trailer-zu-das-leben-der-wuensche-kino-news","status":"publish","type":"post","link":"https:\/\/www.europesays.com\/de\/263948\/","title":{"rendered":"Nach &#8222;Brick&#8220; kommt direkt der n\u00e4chste Film mit Matthias Schweigh\u00f6fer und Ruby O. Fee: Trailer zu &#8222;Das Leben der W\u00fcnsche&#8220; &#8211; Kino News"},"content":{"rendered":"<p>Aktuell sind Matthias Schweigh\u00f6fer und seine Freundin Ruby O. Fee mit \u201eBrick\u201c einmal mehr gemeinsam auf Netflix zu sehen. Doch auch im Kinofilm \u201eDas Leben der W\u00fcnsche\u201c geh\u00f6ren beide zum Cast. Nun gibt es einen bewegenden ersten Teaser-Trailer:<\/p>\n<p class=\"bo-p\">Im j\u00fcngst erschienenen Netflix-Mystery-Thriller \u201e<a href=\"https:\/\/www.filmstarts.de\/kritiken\/317060.html\" class=\"bo-link\" rel=\"nofollow noopener\" target=\"_blank\">Brick<\/a>\u201c suchen <a href=\"https:\/\/www.filmstarts.de\/personen\/176087.html\" class=\"bo-link\" rel=\"nofollow noopener\" target=\"_blank\">Matthias Schweigh\u00f6fer<\/a> und <a href=\"https:\/\/www.filmstarts.de\/personen\/454090.html\" class=\"bo-link\" rel=\"nofollow noopener\" target=\"_blank\">Ruby O. Fee<\/a> aktuell nach einem Ausweg, nachdem ihr Wohnhaus von einem Tag auf den anderen pl\u00f6tzlich von einer undurchdringlichen Wand umgeben ist. Und noch in diesem Jahr wird das echte P\u00e4rchen, das bereits f\u00fcr Schweigh\u00f6fers \u201e<a href=\"https:\/\/www.filmstarts.de\/kritiken\/271355.html\" class=\"bo-link\" rel=\"nofollow noopener\" target=\"_blank\">Army Of The Dead<\/a>\u201c-Ableger \u201e<a href=\"https:\/\/www.filmstarts.de\/kritiken\/286240.html\" class=\"bo-link\" rel=\"nofollow noopener\" target=\"_blank\">Army Of Thieves<\/a>\u201c zusammen vor der Kamera stand, erneut gemeinsame Sache machen \u2013 diesmal aber auf der gro\u00dfen Leinwand.<\/p>\n<p class=\"bo-p\"><b>Im ungew\u00f6hnlichen Genre-Mix \u201e<\/b><a href=\"https:\/\/www.filmstarts.de\/kritiken\/314127.html\" class=\"bo-link\" rel=\"nofollow noopener\" target=\"_blank\"><b>Das Leben der W\u00fcnsche<\/b><\/a><b>\u201c geh\u00f6ren sowohl Schweigh\u00f6fer als auch Fee zum Ensemble-Cast, wobei Letztere hier wohl nur eine Nebenrolle spielt<\/b> und so auch im ersten Teaser-Trailer noch nicht auftaucht. Schweigh\u00f6fer hingegen wird die illustre Besetzung anf\u00fchren, die unter anderem noch mit <a href=\"https:\/\/www.filmstarts.de\/personen\/520480.html\" class=\"bo-link\" rel=\"nofollow noopener\" target=\"_blank\">Luise Heyer<\/a> (\u201eIn die Sonne schauen\u201c), <a href=\"https:\/\/www.filmstarts.de\/personen\/695580.html\" class=\"bo-link\" rel=\"nofollow noopener\" target=\"_blank\">Verena Altenberger<\/a> (\u201eKein Tier. So wild.\u201c), <a href=\"https:\/\/www.filmstarts.de\/personen\/96548.html\" class=\"bo-link\" rel=\"nofollow noopener\" target=\"_blank\">Henry H\u00fcbchen<\/a> (\u201eKundschafter des Friedens\u201c) und <a href=\"https:\/\/www.filmstarts.de\/personen\/34700.html\" class=\"bo-link\" rel=\"nofollow noopener\" target=\"_blank\">Benno F\u00fcrmann<\/a> (\u201eNordwand\u201c) aufwarten kann.<\/p>\n<p>Fantasy trifft Romantik: Darum geht&#8217;s in &#8222;Das Leben der W\u00fcnsche&#8220;<\/p>\n<p class=\"bo-p\">Matthias Schweigh\u00f6fer spielt in \u201eDas Leben der W\u00fcnsche\u201c den gebeutelten Felix, bei dem momentan alles schief zu laufen scheint. Nichts will ihm gelingen \u2013 weder im Job noch im Privatleben. Endg\u00fcltig ger\u00e4t dann alles aus den Fugen, als seine Frau Bianca (Luise Heyer) \u00fcberraschend die Trennung will und sich auch die Kinder zunehmend von ihm distanzieren. Doch dann begegnet er einem geheimnisvollen Fremden (Henry H\u00fcbchen), der ihm aus heiterem Himmel anbietet, ihm drei W\u00fcnsche zu erf\u00fcllen \u2013 eine Begegnung, die alles ver\u00e4ndert.<\/p>\n<p class=\"bo-p\">In der Hoffnung, seine Familie zur\u00fcckzugewinnen, nimmt Felix das Angebot an \u2013 und l\u00e4sst sich zu einem vermeintlich cleveren Schachzug hinrei\u00dfen: Er w\u00fcnscht sich, dass k\u00fcnftig all seine W\u00fcnsche in Erf\u00fcllung gehen. Doch schon bald erkennt er, dass die Erf\u00fcllung aller W\u00fcnsche mehr Fluch als Segen ist. Um echtes Gl\u00fcck zu finden, muss Felix sich schlie\u00dflich seinen wahren Bed\u00fcrfnissen stellen..<\/p>\n<p>            &#8222;Das Leben der W\u00fcnsche&#8220; (Roman) bei Amazon*<\/p>\n<p class=\"bo-p\">Im auf dem gleichnamigen Roman von Thomas Glavinic basierenden \u201eDas Leben der W\u00fcnsche\u201c trifft Romantik-Drama auf Fantasy-Abenteuer, eine Mischung, die Regisseur <a href=\"https:\/\/www.filmstarts.de\/personen\/543462.html\" class=\"bo-link\" rel=\"nofollow noopener\" target=\"_blank\">Erik Schmitt<\/a> bereits mit seinem starken Deb\u00fct \u201e<a href=\"https:\/\/www.filmstarts.de\/kritiken\/258049.html\" class=\"bo-link\" rel=\"nofollow noopener\" target=\"_blank\">Cleo<\/a>\u201c visuell berauschend zum Leben erweckt hat. Ob ihm das noch mal \u00e4hnlich gut gelingt, erfahren wir im Herbst: <b>\u201eDas Leben der W\u00fcnsche\u201c startet am 13. November 2025 in den Kinos.<\/b><\/p>\n<p class=\"bo-p\">Wenn euch derweil nach dem Schauen von \u201eBrick\u201c interessiert, was es eigentlich mit dem Ende auf sich hat, lest am besten auch folgenden Artikel:<\/p>\n<p>    <a class=\"cms-see-also\" data-title=\"Auch interessant\" href=\"https:\/\/www.filmstarts.de\/nachrichten\/1000153794.html\" rel=\"nofollow noopener\" target=\"_blank\">Das Ende von &#8222;Brick&#8220; erkl\u00e4rt: Das steckt wirklich hinter der Mauer \u2013 und so k\u00f6nnte es in &#8222;Brick 2&#8220; weitergehen<\/a><\/p>\n<p class=\"bo-p\">*Bei dem Link zum Angebot von Amazon handelt es sich um einen sogenannten Affiliate-Link. Bei einem Kauf \u00fcber diesen Link erhalten wir eine Provision.<\/p>\n","protected":false},"excerpt":{"rendered":"Aktuell sind Matthias Schweigh\u00f6fer und seine Freundin Ruby O. Fee mit \u201eBrick\u201c einmal mehr gemeinsam auf Netflix zu&hellip;\n","protected":false},"author":2,"featured_media":263949,"comment_status":"","ping_status":"","sticky":false,"template":"","format":"standard","meta":{"footnotes":""},"categories":[1771],"tags":[1778,29,214,30,95,1777,215],"class_list":{"0":"post-263948","1":"post","2":"type-post","3":"status-publish","4":"format-standard","5":"has-post-thumbnail","7":"category-kino","8":"tag-cinema","9":"tag-deutschland","10":"tag-entertainment","11":"tag-germany","12":"tag-kino","13":"tag-movie","14":"tag-unterhaltung"},"share_on_mastodon":{"url":"https:\/\/pubeurope.com\/@de\/114843561830764429","error":""},"_links":{"self":[{"href":"https:\/\/www.europesays.com\/de\/wp-json\/wp\/v2\/posts\/263948","targetHints":{"allow":["GET"]}}],"collection":[{"href":"https:\/\/www.europesays.com\/de\/wp-json\/wp\/v2\/posts"}],"about":[{"href":"https:\/\/www.europesays.com\/de\/wp-json\/wp\/v2\/types\/post"}],"author":[{"embeddable":true,"href":"https:\/\/www.europesays.com\/de\/wp-json\/wp\/v2\/users\/2"}],"replies":[{"embeddable":true,"href":"https:\/\/www.europesays.com\/de\/wp-json\/wp\/v2\/comments?post=263948"}],"version-history":[{"count":0,"href":"https:\/\/www.europesays.com\/de\/wp-json\/wp\/v2\/posts\/263948\/revisions"}],"wp:featuredmedia":[{"embeddable":true,"href":"https:\/\/www.europesays.com\/de\/wp-json\/wp\/v2\/media\/263949"}],"wp:attachment":[{"href":"https:\/\/www.europesays.com\/de\/wp-json\/wp\/v2\/media?parent=263948"}],"wp:term":[{"taxonomy":"category","embeddable":true,"href":"https:\/\/www.europesays.com\/de\/wp-json\/wp\/v2\/categories?post=263948"},{"taxonomy":"post_tag","embeddable":true,"href":"https:\/\/www.europesays.com\/de\/wp-json\/wp\/v2\/tags?post=263948"}],"curies":[{"name":"wp","href":"https:\/\/api.w.org\/{rel}","templated":true}]}}