{"id":263977,"date":"2025-07-13T02:42:11","date_gmt":"2025-07-13T02:42:11","guid":{"rendered":"https:\/\/www.europesays.com\/de\/263977\/"},"modified":"2025-07-13T02:42:11","modified_gmt":"2025-07-13T02:42:11","slug":"feuer-in-wohnung-gestoppt-mainzer-einsatzkraefte-verhindern-grossbrand","status":"publish","type":"post","link":"https:\/\/www.europesays.com\/de\/263977\/","title":{"rendered":"Feuer in Wohnung gestoppt: Mainzer Einsatzkr\u00e4fte verhindern Gro\u00dfbrand"},"content":{"rendered":"<p>Am Samstagnachmittag (12. Juli 2025) ist die Feuerwehr zu einem Einsatz in der Stra\u00dfe \u201eAm Karth\u00e4userhof\u201c in Hechtsheim ausger\u00fcckt. <\/p>\n<p>Wie die Feuerwehr Mainz angibt, meldeten mehrere Anrufer gegen 16:30 Uhr Rauch aus dem Obergeschoss eines Geb\u00e4udes. Die Freiwillige Feuerwehr Hechtsheim traf als erste am Einsatzort ein und best\u00e4tigte die Rauchentwicklung. In einer Wohnung im ersten Obergeschoss war ein Brand ausgebrochen. Beim Eintreffen der Feuerwehr waren jedoch keine Personen mehr im Geb\u00e4ude.<\/p>\n<p>Ein Trupp der Feuerwehr bek\u00e4mpfte den Brand unter schwerem Atemschutz. Zwei weitere Trupps kontrollierten das Geb\u00e4ude und f\u00fchrten Nachl\u00f6scharbeiten durch. Anschlie\u00dfend wurde das Haus maschinell bel\u00fcftet.<\/p>\n<p>Die Gefahr, dass sich das Feuer ausbreitet, war laut Feuerwehr besonders hoch, weil die Decken des alten Geb\u00e4udes aus Holzbalken bestehen. Aufgrund des schnellen Eingreifens der Feuerwehr konnte eine Brandausbreitung auf den Speicher und den Dachstuhl gerade noch verhindert werden. Die betroffene Wohnung ist allerdings unbewohnbar. Die Polizei hat die Ermittlungen zur Brandursache und zur Schadensh\u00f6he aufgenommen.<\/p>\n<p>Ausger\u00fcckt waren die Berufsfeuerwehr Mainz mit Kr\u00e4ften der Feuerwache 1, die Freiwillige Feuerwehr Hechtsheim mit f\u00fcnf Fahrzeugen und 17 Kr\u00e4ften, der Rettungsdienst mit einem Fahrzeug sowie die Polizei mit zwei Streifenwagen.<\/p>\n","protected":false},"excerpt":{"rendered":"Am Samstagnachmittag (12. Juli 2025) ist die Feuerwehr zu einem Einsatz in der Stra\u00dfe \u201eAm Karth\u00e4userhof\u201c in Hechtsheim&hellip;\n","protected":false},"author":2,"featured_media":263978,"comment_status":"","ping_status":"","sticky":false,"template":"","format":"standard","meta":{"footnotes":""},"categories":[1847],"tags":[3364,29,548,663,3934,30,13,2052,14,15,12,4544],"class_list":{"0":"post-263977","1":"post","2":"type-post","3":"status-publish","4":"format-standard","5":"has-post-thumbnail","7":"category-wiesbaden","8":"tag-de","9":"tag-deutschland","10":"tag-eu","11":"tag-europa","12":"tag-europe","13":"tag-germany","14":"tag-headlines","15":"tag-hessen","16":"tag-nachrichten","17":"tag-news","18":"tag-schlagzeilen","19":"tag-wiesbaden"},"share_on_mastodon":{"url":"https:\/\/pubeurope.com\/@de\/114843624591518693","error":""},"_links":{"self":[{"href":"https:\/\/www.europesays.com\/de\/wp-json\/wp\/v2\/posts\/263977","targetHints":{"allow":["GET"]}}],"collection":[{"href":"https:\/\/www.europesays.com\/de\/wp-json\/wp\/v2\/posts"}],"about":[{"href":"https:\/\/www.europesays.com\/de\/wp-json\/wp\/v2\/types\/post"}],"author":[{"embeddable":true,"href":"https:\/\/www.europesays.com\/de\/wp-json\/wp\/v2\/users\/2"}],"replies":[{"embeddable":true,"href":"https:\/\/www.europesays.com\/de\/wp-json\/wp\/v2\/comments?post=263977"}],"version-history":[{"count":0,"href":"https:\/\/www.europesays.com\/de\/wp-json\/wp\/v2\/posts\/263977\/revisions"}],"wp:featuredmedia":[{"embeddable":true,"href":"https:\/\/www.europesays.com\/de\/wp-json\/wp\/v2\/media\/263978"}],"wp:attachment":[{"href":"https:\/\/www.europesays.com\/de\/wp-json\/wp\/v2\/media?parent=263977"}],"wp:term":[{"taxonomy":"category","embeddable":true,"href":"https:\/\/www.europesays.com\/de\/wp-json\/wp\/v2\/categories?post=263977"},{"taxonomy":"post_tag","embeddable":true,"href":"https:\/\/www.europesays.com\/de\/wp-json\/wp\/v2\/tags?post=263977"}],"curies":[{"name":"wp","href":"https:\/\/api.w.org\/{rel}","templated":true}]}}