{"id":263981,"date":"2025-07-13T02:44:11","date_gmt":"2025-07-13T02:44:11","guid":{"rendered":"https:\/\/www.europesays.com\/de\/263981\/"},"modified":"2025-07-13T02:44:11","modified_gmt":"2025-07-13T02:44:11","slug":"vcd-stammtisch-zum-thema-radverkehr-ludwigshafen","status":"publish","type":"post","link":"https:\/\/www.europesays.com\/de\/263981\/","title":{"rendered":"VCD-Stammtisch zum Thema Radverkehr &#8211; Ludwigshafen"},"content":{"rendered":"<p><b\/> Der <a class=\"rtr-entity\" data-rtr-entity=\"Verkehrsclub Deutschland\" data-rtr-id=\"d2dd951f7ecb8f4c6ed0fbf95897774455f1f7cf\" data-rtr-score=\"14.739884393063583\" data-rtr-etype=\"organisation\" data-rtr-index=\"1\" href=\"https:\/\/www.rheinpfalz.de\/themen\/verkehrsclub-deutschland?utm_source=rheinpfalz.de&amp;utm_medium=tms&amp;utm_campaign=intext\" rel=\"nofollow noopener\" target=\"_blank\">Verkehrsclub Deutschland<\/a> (VCD) Ludwigshafen-Vorderpfalz l\u00e4dt f\u00fcr  Donnerstag, 17. Juli, 19 Uhr, zum \u00f6ffentlichen Stammtisch  zur nachhaltigen Mobilit\u00e4t ein. Treffpunkt ist laut Ank\u00fcndigung der Grieche beim ASV in der Saarlandstra\u00dfe 60 (S\u00fcd). Schwerpunktthemen sind die Fu\u00df- und Radverkehrskonzepte der Stadtverwaltung. B\u00fcrger sind nach VCD-Angaben eingeladen, ihre Ideen und Anregungen einzubringen.<\/p>\n<p> Der VCD \u2013 gegr\u00fcndet 1986 \u2013 ist ein gemeinn\u00fctziger eingetragener Verein und Verkehrsclub, der sich nach eigenen Angaben f\u00fcr eine Verkehrswende im Sinne einer sozial- und umweltvertr\u00e4glichen Mobilit\u00e4t aller Verkehrsteilnehmer einsetzt. Er hat weit \u00fcber 50.000 Mitglieder.<\/p>\n","protected":false},"excerpt":{"rendered":"Der Verkehrsclub Deutschland (VCD) Ludwigshafen-Vorderpfalz l\u00e4dt f\u00fcr Donnerstag, 17. Juli, 19 Uhr, zum \u00f6ffentlichen Stammtisch zur nachhaltigen Mobilit\u00e4t&hellip;\n","protected":false},"author":2,"featured_media":263982,"comment_status":"","ping_status":"","sticky":false,"template":"","format":"standard","meta":{"footnotes":""},"categories":[1845],"tags":[1634,3364,29,548,663,3934,30,13,4060,25476,79781,2096,14,15,13518,12,8683,8686],"class_list":{"0":"post-263981","1":"post","2":"type-post","3":"status-publish","4":"format-standard","5":"has-post-thumbnail","7":"category-mannheim","8":"tag-baden-wuerttemberg","9":"tag-de","10":"tag-deutschland","11":"tag-eu","12":"tag-europa","13":"tag-europe","14":"tag-germany","15":"tag-headlines","16":"tag-lokal","17":"tag-ludwigshafen","18":"tag-ludwigshafen-vorderpfalz","19":"tag-mannheim","20":"tag-nachrichten","21":"tag-news","22":"tag-radverkehr","23":"tag-schlagzeilen","24":"tag-vcd","25":"tag-verkehrsclub-deutschland"},"share_on_mastodon":{"url":"https:\/\/pubeurope.com\/@de\/114843632598241568","error":""},"_links":{"self":[{"href":"https:\/\/www.europesays.com\/de\/wp-json\/wp\/v2\/posts\/263981","targetHints":{"allow":["GET"]}}],"collection":[{"href":"https:\/\/www.europesays.com\/de\/wp-json\/wp\/v2\/posts"}],"about":[{"href":"https:\/\/www.europesays.com\/de\/wp-json\/wp\/v2\/types\/post"}],"author":[{"embeddable":true,"href":"https:\/\/www.europesays.com\/de\/wp-json\/wp\/v2\/users\/2"}],"replies":[{"embeddable":true,"href":"https:\/\/www.europesays.com\/de\/wp-json\/wp\/v2\/comments?post=263981"}],"version-history":[{"count":0,"href":"https:\/\/www.europesays.com\/de\/wp-json\/wp\/v2\/posts\/263981\/revisions"}],"wp:featuredmedia":[{"embeddable":true,"href":"https:\/\/www.europesays.com\/de\/wp-json\/wp\/v2\/media\/263982"}],"wp:attachment":[{"href":"https:\/\/www.europesays.com\/de\/wp-json\/wp\/v2\/media?parent=263981"}],"wp:term":[{"taxonomy":"category","embeddable":true,"href":"https:\/\/www.europesays.com\/de\/wp-json\/wp\/v2\/categories?post=263981"},{"taxonomy":"post_tag","embeddable":true,"href":"https:\/\/www.europesays.com\/de\/wp-json\/wp\/v2\/tags?post=263981"}],"curies":[{"name":"wp","href":"https:\/\/api.w.org\/{rel}","templated":true}]}}