{"id":26399,"date":"2025-04-12T16:28:11","date_gmt":"2025-04-12T16:28:11","guid":{"rendered":"https:\/\/www.europesays.com\/de\/26399\/"},"modified":"2025-04-12T16:28:11","modified_gmt":"2025-04-12T16:28:11","slug":"final4-in-koeln-thw-kiel-gewinnt-handball-drama-sportmix","status":"publish","type":"post","link":"https:\/\/www.europesays.com\/de\/26399\/","title":{"rendered":"Final4 in K\u00f6ln: THW Kiel gewinnt Handball-Drama | Sportmix"},"content":{"rendered":"<p><b>Wer wird Nachfolger des SC Magdeburg als Sieger des DHB-Pokals 2025?<\/b><\/p>\n<p>Im ersten Halbfinale traf der THW Kiel in der K\u00f6lner Lanxess-Arena auf die Rhein-Neckar L\u00f6wen.  Viele Experten erwarteten im Vorfeld einen Krimi mit knappem Ausgang. Sie lagen beim 32:31 (28:28\/17:14) der Kieler\/L\u00f6wen nach Verl\u00e4ngerung v\u00f6llig richtig.<\/p>\n<p><a class=\"article-image__anchor\" href=\"https:\/\/www.dyn.sport\/aktion\/willkommen\" target=\"_blank\" rel=\"noopener\"><img decoding=\"async\" width=\"992\" height=\"84\" alt=\"Teaser-Bild\" src=\"https:\/\/www.europesays.com\/de\/wp-content\/uploads\/2025\/04\/12685aac00dcaeb546dbdf534e7bf1ac,fd6da0d0\"   class=\"dynamic\" loading=\"lazy\"\/><\/a><\/p>\n<p>Foto: BILD<\/p>\n<p>Handball-Final4: THW Kiel gewinnt Handball-Drama<\/p>\n<p>Nach sechs Minuten sind beim 2:2-Zwischenstand gerade mal vier Tore gefallen. Die beiden Nationaltorh\u00fcter Andy Wolff (Kiel) und David Sp\u00e4th kommen gut ins Spiel und liefern Paraden ab. <\/p>\n<p><b>Die erste Schw\u00e4chephase leisten sich die Kieler. Sie stecken von der 13. bis zur 20. Minute im Produktions-Stau und erzielen kein Tor. Nutzen die Mannheimer um National-Spielmacher Juri Knorr eiskalt aus und legen zum 12:9 (22.) vor, daraus entwickelt sich ein kleiner Zwischen-Rausch.<\/b><\/p>\n<p>Denn die eigene Abschluss-Schw\u00e4che und Sp\u00e4ths Paraden ziehen Kiel erst mal den Stecker. Nach 25 Minuten f\u00fchren die L\u00f6wen 15:10 und die Kieler Abwehr teilweise vor. L\u00e4sst sich der deutsche Rekordmeister das so gefallen? <\/p>\n<p>Lesen Sie auch<\/p>\n<p>Bitter f\u00fcr Knorrs Mannheimer: Top-Linksh\u00e4nder Ivan Martinovic verletzt sich nach seinem Treffer zum 17:12 (29.) am linken Knie. Der Kroate wird von einem Betreuer gest\u00fctzt in die Kabine gebracht, er kehrt nach dem Seitenwechsel nicht wieder auf die Platte zur\u00fcck. <\/p>\n<p><b>Ein extrem schwerer Verlust f\u00fcr die L\u00f6wen, der sich nach der Pause schnell bemerkbar macht. Kiel kommt gierig aus der Kabine, ist beim 16:17 (33.) wieder dran. Kippt die Kiste doch noch Richtung Kiel? <\/b><\/p>\n<p>Erst mal nicht, weil der Torstau wieder zur\u00fcckkehrt und Sp\u00e4th im L\u00f6wen-Tor immer magnetischer wird. Der THW leistet sich diesmal knapp vier Minuten ohne Treffer, Mannheim dagegen bucht auch ohne Martinovic Tore. Eine Vorentscheidung ist das aber auch nicht, Kiel ist beim 22:22 (46.) wieder im Spiel. <\/p>\n<p>In der 57. Minute sieht Mannheims Olle Forsell Schefvert Rot nach Videobeweis, die n\u00e4chste Schw\u00e4chung f\u00fcr die L\u00f6wen. V\u00f6llig verr\u00fcckt wird die letzte Minute. Knorr scheitert mit einem Siebenmeter an Wolff, Kiel hat noch 24 Sekunden Zeit f\u00fcr einen letzten Angriff und vergibt ihn \u2013 Verl\u00e4ngerung!<\/p>\n<p><b>In der versagen den Mannheimern die Nerven, Knorr verwirft den n\u00e4chsten Strafwurf, Kiel schnappt sich das Finale. Gegner am Sonntag (15.35 Uhr, live bei <\/b><a href=\"https:\/\/www.dyn.sport\/aktion\/willkommen\" target=\"_blank\" rel=\"noopener\" class=\"text-link--external text-link\"><b>Dyn\/Anzeige<\/b><\/a><b>) ist der Sieger der Partie MT Melsungen gegen HBW Balingen-Weilstetten.<\/b><\/p>\n<p>Deutscher CL-Gegner: Das beste Aufw\u00e4rmprogramm des Jahres?<a href=\"https:\/\/sportbild.bild.de\/sportmix\/handball\/deutscher-cl-gegner-das-beste-aufwaermprogramm-des-jahres-67f536a502a01f6aa2714bee\" class=\"anchor\" target=\"_blank\" rel=\"noopener\"><img decoding=\"async\" width=\"992\" height=\"558\" alt=\"Teaser-Bild\" src=\"https:\/\/www.europesays.com\/de\/wp-content\/uploads\/2025\/04\/98bb7be920c6d32a5a4bba8ee1983241,ee6b0e48\"   class=\"landscape teaser__image\" loading=\"lazy\"\/><\/a><\/p>\n<p>Quelle: BILD\/DYN\/Instagram\/Twitter\/TikTok08.04.2025<\/p>\n","protected":false},"excerpt":{"rendered":"Wer wird Nachfolger des SC Magdeburg als Sieger des DHB-Pokals 2025? Im ersten Halbfinale traf der THW Kiel&hellip;\n","protected":false},"author":2,"featured_media":26400,"comment_status":"","ping_status":"","sticky":false,"template":"","format":"standard","meta":{"footnotes":""},"categories":[1828],"tags":[29,11662,15310,1932,15313,30,1391,5009,9661,15308,1420,15309,15315,1209,15312,11660,542,45,7748,15314,15311],"class_list":{"0":"post-26399","1":"post","2":"type-post","3":"status-publish","4":"format-standard","5":"has-post-thumbnail","7":"category-koeln","8":"tag-deutschland","9":"tag-dhb","10":"tag-duvnjak-domagoj","11":"tag-dyn-handball","12":"tag-gensheimer-uwe","13":"tag-germany","14":"tag-handball","15":"tag-hbl","16":"tag-hofmann-kurt","17":"tag-knorr-juri","18":"tag-koeln","19":"tag-martinovic-ivan","20":"tag-nagler-jens","21":"tag-nordrhein-westfalen","22":"tag-pekeler-hendrik","23":"tag-rhein-neckar-loewen","24":"tag-sport-leuchtturm-hamburg","25":"tag-texttospeech","26":"tag-thw-kiel","27":"tag-weitzmann-dirk","28":"tag-wiencek-patrick"},"share_on_mastodon":{"url":"https:\/\/pubeurope.com\/@de\/114325940225686026","error":""},"_links":{"self":[{"href":"https:\/\/www.europesays.com\/de\/wp-json\/wp\/v2\/posts\/26399","targetHints":{"allow":["GET"]}}],"collection":[{"href":"https:\/\/www.europesays.com\/de\/wp-json\/wp\/v2\/posts"}],"about":[{"href":"https:\/\/www.europesays.com\/de\/wp-json\/wp\/v2\/types\/post"}],"author":[{"embeddable":true,"href":"https:\/\/www.europesays.com\/de\/wp-json\/wp\/v2\/users\/2"}],"replies":[{"embeddable":true,"href":"https:\/\/www.europesays.com\/de\/wp-json\/wp\/v2\/comments?post=26399"}],"version-history":[{"count":0,"href":"https:\/\/www.europesays.com\/de\/wp-json\/wp\/v2\/posts\/26399\/revisions"}],"wp:featuredmedia":[{"embeddable":true,"href":"https:\/\/www.europesays.com\/de\/wp-json\/wp\/v2\/media\/26400"}],"wp:attachment":[{"href":"https:\/\/www.europesays.com\/de\/wp-json\/wp\/v2\/media?parent=26399"}],"wp:term":[{"taxonomy":"category","embeddable":true,"href":"https:\/\/www.europesays.com\/de\/wp-json\/wp\/v2\/categories?post=26399"},{"taxonomy":"post_tag","embeddable":true,"href":"https:\/\/www.europesays.com\/de\/wp-json\/wp\/v2\/tags?post=26399"}],"curies":[{"name":"wp","href":"https:\/\/api.w.org\/{rel}","templated":true}]}}