{"id":264001,"date":"2025-07-13T02:56:11","date_gmt":"2025-07-13T02:56:11","guid":{"rendered":"https:\/\/www.europesays.com\/de\/264001\/"},"modified":"2025-07-13T02:56:11","modified_gmt":"2025-07-13T02:56:11","slug":"schockierende-aufnahme-koennte-neues-kriegsverbrechen-durch-russland-dokumentieren","status":"publish","type":"post","link":"https:\/\/www.europesays.com\/de\/264001\/","title":{"rendered":"Schockierende Aufnahme k\u00f6nnte neues Kriegsverbrechen durch Russland dokumentieren"},"content":{"rendered":"<ol class=\"id-DonaldBreadcrumb lp_west_breadcrumb id-DonaldBreadcrumb--default\" data-k5a-pos=\"west_breadcrumb\">\n<li class=\"id-Breadcrumb-item\"><a href=\"https:\/\/www.giessener-allgemeine.de\/\" class=\"id-Breadcrumb-link\" data-id-ec=\"{\" shn=\"\" textlink=\"\" allgemeine=\"\" data-k5a-pos=\"1_giessenerAllgemeine\" rel=\"nofollow noopener\" target=\"_blank\">Gie\u00dfener Allgemeine<\/a><\/li>\n<li class=\"id-Breadcrumb-item\"><a href=\"https:\/\/www.giessener-allgemeine.de\/politik\/\" class=\"id-Breadcrumb-link\" data-id-ec=\"{\" shn=\"\" textlink=\"\" data-k5a-pos=\"2_politik\" rel=\"nofollow noopener\" target=\"_blank\">Politik<\/a><\/li>\n<\/ol>\n<p class=\"id-Story-timestamp id-Story-timestamp--default\">Stand: 13.07.2025, 04:44 Uhr<\/p>\n<p class=\"id-Story-authors id-Story-authors--default\">Von: <a class=\"id-Story-authors-link lp_west_author\" href=\"https:\/\/www.giessener-allgemeine.de\/autor\/felix-durach-epalesfyl.html\" title=\"Zur Autorenseite von Felix Durach\" data-id-ec=\"{\" shn=\"\" author-link=\"\" durach=\"\" data-k5a-pos=\"west_author\" rel=\"nofollow noopener\" target=\"_blank\">Felix Durach<\/a>, <a class=\"id-Story-authors-link lp_west_author\" href=\"https:\/\/www.giessener-allgemeine.de\/autor\/christian-stoer-vc28lpamp.html\" title=\"Zur Autorenseite von Christian St&#xF6;r\" data-id-ec=\"{\" shn=\"\" author-link=\"\" st=\"\" data-k5a-pos=\"west_author\" rel=\"nofollow noopener\" target=\"_blank\">Christian St\u00f6r<\/a>, <a class=\"id-Story-authors-link lp_west_author\" href=\"https:\/\/www.giessener-allgemeine.de\/autor\/paula-voelkner-cy9im0zg.html\" title=\"Zur Autorenseite von Paula V&#xF6;lkner\" data-id-ec=\"{\" shn=\"\" author-link=\"\" v=\"\" data-k5a-pos=\"west_author\" rel=\"nofollow noopener\" target=\"_blank\">Paula V\u00f6lkner<\/a>, <a class=\"id-Story-authors-link lp_west_author\" href=\"https:\/\/www.giessener-allgemeine.de\/autor\/bedrettin-boeluekbasi-vc28lp4ek.html\" title=\"Zur Autorenseite von Bedrettin B&#xF6;l&#xFC;kbasi\" data-id-ec=\"{\" shn=\"\" author-link=\"\" b=\"\" data-k5a-pos=\"west_author\" rel=\"nofollow noopener\" target=\"_blank\">Bedrettin B\u00f6l\u00fckbasi<\/a><\/p>\n<p class=\"id-Story-interactionBar id-Story-interactionBar--default\">DruckenTeilen<\/p>\n<p class=\"id-StoryElement-leadText\">Vorwurf eines Kriegsverbrechens. Massive russische Angriffe auf die Westukraine. Neue Waffen f\u00fcr Kiew. Der News-Ticker zum Ukraine-Krieg.<\/p>\n<p>Das Wichtigste in <br \/>diesem Live-Ticker<\/p>\n<ol class=\"id-StoryElement-tableOfContents-list\">\n<li class=\"id-StoryElement-tableOfContents-list-item\"><a href=\"#id-pageApi-chapter_heading-0\" data-id-ec=\"{\" shn=\"\" kapitel=\"\">Botschaft im <strong>Ukraine-Krieg<\/strong>&#8222;,&#8220;position&#8220;:&#8220;1&#8243;,&#8220;storyElementPosition&#8220;:&#8220;8&#8243;,&#8220;storyElementCount&#8220;:&#8220;67&#8243;}}&#8220;&gt;<strong>Botschaft<\/strong> im <strong>Ukraine-Krieg<\/strong><\/a> \u2013 Donald Trump warnt Russland.<\/li>\n<li class=\"id-StoryElement-tableOfContents-list-item\"><a href=\"#id-pageApi-chapter_heading-1\" data-id-ec=\"{\" shn=\"\" kapitel=\"\">Russland-Verluste: Kiews Geheimdienst <strong>zerst\u00f6rt<\/strong> Teil <strong>russischer Pipeline<\/strong>&#8222;,&#8220;position&#8220;:&#8220;2&#8243;,&#8220;storyElementPosition&#8220;:&#8220;8&#8243;,&#8220;storyElementCount&#8220;:&#8220;67&#8243;}}&#8220;&gt;<strong>Russland-Verluste<\/strong>: Kiews Geheimdienst <strong>zerst\u00f6rt<\/strong> Teil <strong>russischer Pipeline<\/strong><\/a> \u2013 Im Ukraine-Krieg hat Kiew eine Pipeline angegriffen, die Unternehmen der russischen R\u00fcstungsindustrie versorgt.<\/li>\n<li class=\"id-StoryElement-tableOfContents-list-item id-StoryElement-tableOfContents-list-item--optional\"><a href=\"#id-pageApi-chapter_heading-2\" data-id-ec=\"{\" shn=\"\" kapitel=\"\">Au\u00dfenminister Lawrow attackiert <strong>Merz<\/strong>&#8222;,&#8220;position&#8220;:&#8220;3&#8243;,&#8220;storyElementPosition&#8220;:&#8220;8&#8243;,&#8220;storyElementCount&#8220;:&#8220;67&#8243;}}&#8220;&gt;Russlands <strong>Au\u00dfenminister Lawrow<\/strong> attackiert <strong>Merz<\/strong><\/a> \u2013 <a href=\"https:\/\/www.merkur.de\/politik\/wladimir-putin-per42970\/\" target=\"_blank\" class=\"id-import-Link id-pageApi-Link--externalDomain\" data-id-ec=\"{&quot;sht&quot;:&quot;Container&quot;,&quot;shn&quot;:&quot;Story&quot;,&quot;p&quot;:{&quot;containerType&quot;:&quot;TableOfContents&quot;,&quot;displayType&quot;:&quot;TableOfContents LeadIn InlineLink&quot;,&quot;type&quot;:&quot;INLINE_LINK&quot;,&quot;value&quot;:&quot;Wladimir Putin&quot;,&quot;variant&quot;:&quot;standardLink&quot;,&quot;sponsored&quot;:false,&quot;linkHref&quot;:&quot;https:\/\/www.merkur.de\/politik\/wladimir-putin-per42970\/&quot;,&quot;storyElementPosition&quot;:8,&quot;storyElementCount&quot;:67}}\" rel=\"nofollow noopener\">Wladimir Putin<\/a>s Au\u00dfenminister wirft <a href=\"https:\/\/www.merkur.de\/politik\/friedrich-merz-per33648\/\" target=\"_blank\" class=\"id-import-Link id-pageApi-Link--externalDomain\" data-id-ec=\"{&quot;sht&quot;:&quot;Container&quot;,&quot;shn&quot;:&quot;Story&quot;,&quot;p&quot;:{&quot;containerType&quot;:&quot;TableOfContents&quot;,&quot;displayType&quot;:&quot;TableOfContents LeadIn InlineLink&quot;,&quot;type&quot;:&quot;INLINE_LINK&quot;,&quot;value&quot;:&quot;Friedrich Merz&quot;,&quot;variant&quot;:&quot;standardLink&quot;,&quot;sponsored&quot;:false,&quot;linkHref&quot;:&quot;https:\/\/www.merkur.de\/politik\/friedrich-merz-per33648\/&quot;,&quot;storyElementPosition&quot;:8,&quot;storyElementCount&quot;:67}}\" rel=\"nofollow noopener\">Friedrich Merz<\/a> \u201eNazi-Parolen\u201c vor.<\/li>\n<li class=\"id-StoryElement-tableOfContents-list-item\"><a href=\"#id-pageApi-chapter_heading-3\" data-id-ec=\"{\" shn=\"\" kapitel=\"\">Merz sieht <strong>diplomatische L\u00f6sungschancen<\/strong> am Ende&#8220;,&#8220;position&#8220;:&#8220;4&#8243;,&#8220;storyElementPosition&#8220;:&#8220;8&#8243;,&#8220;storyElementCount&#8220;:&#8220;67&#8243;}}&#8220;&gt;<strong>Merz<\/strong> sieht <strong>diplomatische L\u00f6sungschancen<\/strong> am Ende<\/a> \u2013 Der Bundeskanzler erntet immer wieder scharfe Reaktionen aus <a href=\"https:\/\/www.merkur.de\/politik\/russland-staat-geschichte-politik-bevoelkerung-geografie-staedte-sprache-90176004.html\" class=\"id-import-Link id-pageApi-Link--externalDomain\" data-id-ec=\"{&quot;sht&quot;:&quot;Container&quot;,&quot;shn&quot;:&quot;Story&quot;,&quot;p&quot;:{&quot;containerType&quot;:&quot;TableOfContents&quot;,&quot;displayType&quot;:&quot;TableOfContents LeadIn InlineLink&quot;,&quot;type&quot;:&quot;INLINE_LINK&quot;,&quot;value&quot;:&quot;Russland&quot;,&quot;variant&quot;:&quot;standardLink&quot;,&quot;sponsored&quot;:false,&quot;linkHref&quot;:&quot;https:\/\/www.merkur.de\/politik\/russland-staat-geschichte-politik-bevoelkerung-geografie-staedte-sprache-90176004.html&quot;,&quot;storyElementPosition&quot;:8,&quot;storyElementCount&quot;:67}}\" rel=\"nofollow noopener\" target=\"_blank\">Russland<\/a>.<\/li>\n<\/ol>\n<p>Alle Kapitel<\/p>\n<p class=\"id-StoryElement-paragraph\"><strong>Update, 22.50 Uhr:<\/strong> Die von russischen Angriffen immer wieder schwer getroffene Ukraine soll nach Angaben ihres Pr\u00e4sidenten Wolodymyr Selenskyj schon bald bessere Waffen zum Schutz der eigenen St\u00e4dte haben. \u201eWir n\u00e4hern uns einer mehrstufigen Vereinbarung \u00fcber neue Patriot-(Flugabwehr-)Systeme und den dazugeh\u00f6rigen Raketen\u201c, sagte Selenskyj in seiner Videobotschaft.\u00a0<\/p>\n<p class=\"id-StoryElement-paragraph\">Demnach investiert das Land zudem in die Drohnenproduktion, speziell die Herstellung von Abfangdrohnen. Weiterhin werde die Ukraine mit Gegenangriffen auf russisches Territorium reagieren. Dies sei sehr effektiv, sagte Selenskyj.<\/p>\n<p class=\"id-StoryElement-paragraph\"><strong>Update, 19.36 Uhr: <\/strong>Russische Streitkr\u00e4fte haben am Samstag offenbar erneute Drohnenangriffe auf Ziele in der Ukraine ausgef\u00fchrt. Am Nachmittag wurde in der ukrainischen Hauptstadt Kiew Luftalarm ausgel\u00f6st. Luftabwehrkr\u00e4fte seien in der gleichnamigen Oblast im Einsatz gewesen. Das meldet die ukrainische Luftverteidigung via Telegram.<\/p>\n<p>Transparenzhinweis<\/p>\n<p class=\"id-StoryElement-factBox-paragraph\">Die hier verarbeiteten Informationen stammen von Nachrichtenagenturen und internationalen Quellen, aber auch von Kriegsparteien im Ukraine-Krieg. Die Angaben zum\u00a0Ukraine-Krieg\u00a0lassen sich nicht unabh\u00e4ngig \u00fcberpr\u00fcfen.<\/p>\n<p>Kriegsverbrechen in der Ukraine: Kiew erhebt neue Vorw\u00fcrfe gegen Russland<\/p>\n<p class=\"id-StoryElement-paragraph\"><strong>Update, 14.05 Uhr: <\/strong>Der ukrainische Milit\u00e4rgeheimdienst HUR beschuldigt die russische 155. Marinebrigade eines neuen Kriegsverbrechens. Laut The Kyiv Independent soll auf einer heute ver\u00f6ffentlichten <a href=\"https:\/\/t.me\/DIUkraine\/6417\" rel=\"nofollow\" target=\"_blank\" class=\"id-import-Link id-pageApi-Link--externalDomain\" data-id-ec=\"{&quot;sht&quot;:&quot;Container&quot;,&quot;shn&quot;:&quot;Story&quot;,&quot;p&quot;:{&quot;containerType&quot;:&quot;Paragraph&quot;,&quot;displayType&quot;:&quot;Paragraph InlineLink&quot;,&quot;type&quot;:&quot;INLINE_LINK&quot;,&quot;value&quot;:&quot;Audioaufnahme&quot;,&quot;variant&quot;:&quot;standardLink&quot;,&quot;sponsored&quot;:false,&quot;linkHref&quot;:&quot;https:\/\/t.me\/DIUkraine\/6417&quot;,&quot;storyElementPosition&quot;:16,&quot;storyElementCount&quot;:67}}\">Audioaufnahme<\/a> ein Kompaniechef zu h\u00f6ren sein, der befiehlt, einem ukrainischen Soldaten den Kopf abzuschlagen, auf eine Lanze aufzuspie\u00dfen und wegzuwerfen. The Kyiv Independent konnte die Echtheit des Clips nicht \u00fcberpr\u00fcfen. Die im Gebiet Sumy stationierte Brigade wird zahlreicher Kriegsverbrechen beschuldigt. Soldaten werden mit Gr\u00e4ueltaten in Butscha, Irpin und Hostomel in Verbindung gebracht.<\/p>\n<p>Slowakei stellt Einigung zu neuen Russland-Sanktionen wegen Ukraine-Krieg in Aussicht<\/p>\n<p class=\"id-StoryElement-paragraph\"><strong>Update, 12.25 Uhr: <\/strong>Die Slowakei will Ministerpr\u00e4sident Robert Fico zufolge bis zum 15. Juli eine Einigung mit den anderen EU-Staaten \u00fcber das von ihr blockierte 18. Paket an Russland-Sanktionen erreichen. Dabei gehe es um Sicherheiten, dass sein Land bei dem von der Europ\u00e4ischen Union geplanten vollst\u00e4ndigen Ende der russischen Gaslieferungen keine Nachteile erleide, sagte Fico laut Reuters. Am Dienstag wollen die EU-Au\u00dfenminister in Br\u00fcssel \u00fcber die Lage im Ukraine-Krieg beraten.\u00a0<\/p>\n<p class=\"id-StoryElement-paragraph\"><strong>Update, 10.45 Uhr:<\/strong> Das Interesse am Ukraine-Krieg ist auch fast dreieinhalb Jahre nach der russischen Invasion noch immer sehr gro\u00df. So zeigt ein Blick auf die aktuellen TV-Quoten, dass der ARD-Brennpunkt zur Ukraine am 10. Juli im Schnitt von 4,56 Millionen Menschen gesehen wurde. Die Sendung war damit das am meisten gesehene Programm des Tages. <\/p>\n<p>Panzer, Drohnen, Luftabwehr: Waffen f\u00fcr die Ukraine<img decoding=\"async\" class=\"id-RatioPlaceholder-element wv_story_el_interstitialImage\" src=\"https:\/\/www.europesays.com\/de\/wp-content\/uploads\/2025\/07\/36442252-kampfflugzeug-des-typs-gripen-aus-schweden-2tyFwOrAjSfe.jpg\" loading=\"lazy\"   height=\"2201\" width=\"3307\" alt=\"Kampfflugzeug des Typs &#x201E;Gripen&#x201C; aus Schweden \"\/><a href=\"https:\/\/www.giessener-allgemeine.de\/politik\/fotostrecke-ukraine-krieg-waffen-panzer-bradley-challenger-marder-drohnen-bilder-zr-92033374.html\" class=\"id-StoryElement-intestitialLink-link\" data-id-ec=\"{\" shn=\"\" ansehen=\"\" data-k5a-pos=\"west_story_21_photoGalleryLink\" title=\"Zur Fotostrecke: Panzer, Drohnen, Luftabwehr: Waffen f&#xFC;r die Ukraine\" rel=\"nofollow noopener\" target=\"_blank\">Fotostrecke ansehen<\/a>Heftige Luftangriffe von Russland im Ukraine-Krieg \u2013 \u00a0Tote und Verletzte in Tscherniwzi<\/p>\n<p class=\"id-StoryElement-paragraph\"><strong>Update, 10.00 Uhr:<\/strong> Bei den n\u00e4chtlichen <a href=\"#id-pageApi-angr\" class=\"id-import-Link\" data-id-ec=\"{&quot;sht&quot;:&quot;Container&quot;,&quot;shn&quot;:&quot;Story&quot;,&quot;p&quot;:{&quot;containerType&quot;:&quot;Paragraph&quot;,&quot;displayType&quot;:&quot;Paragraph InlineLink&quot;,&quot;type&quot;:&quot;INLINE_LINK&quot;,&quot;value&quot;:&quot;russischen Luftangriffen&quot;,&quot;variant&quot;:&quot;standardLink&quot;,&quot;sponsored&quot;:false,&quot;linkHref&quot;:&quot;#id-pageApi-angr&quot;,&quot;storyElementPosition&quot;:24,&quot;storyElementCount&quot;:67}}\">russischen Luftangriffen<\/a> sind in der westukrainischen Region Tscherniwzi (Czernowitz) zwei Menschen get\u00f6tet und vier durch einen Einschlag schwer verletzt worden. Das teilte der Milit\u00e4rgouverneur Ruslan Saparanjuk bei Telegram mit. Zehn weitere Personen h\u00e4tten leichte Verletzungen erlitten. Saparanjuks Angaben nach wurde Tscherniwzi mit Drohnen und Raketen angegriffen.<\/p>\n<p class=\"id-StoryElement-paragraph\"><strong>Update, 8.30 Uhr:<\/strong> Russland hat heute Nacht <a href=\"#id-pageApi-angr\" class=\"id-import-Link\" data-id-ec=\"{&quot;sht&quot;:&quot;Container&quot;,&quot;shn&quot;:&quot;Story&quot;,&quot;p&quot;:{&quot;containerType&quot;:&quot;Paragraph&quot;,&quot;displayType&quot;:&quot;Paragraph InlineLink&quot;,&quot;type&quot;:&quot;INLINE_LINK&quot;,&quot;value&quot;:&quot;erneut die&#xA0;Ukraine&#xA0;angegriffen&quot;,&quot;variant&quot;:&quot;standardLink&quot;,&quot;sponsored&quot;:false,&quot;linkHref&quot;:&quot;#id-pageApi-angr&quot;,&quot;storyElementPosition&quot;:26,&quot;storyElementCount&quot;:67}}\">erneut die\u00a0Ukraine\u00a0angegriffen<\/a> und dabei vor allem im Westen des Landes Sch\u00e4den angerichtet. Der B\u00fcrgermeister der westukrainischen Gro\u00dfstadt Lwiw, Andrij Sadowyj, teilte mit, dass neben Wohnh\u00e4usern auch ein Kindergarten besch\u00e4digt worden sei. Auch im Osten und in der Zentralukraine gab es Sch\u00e4den. Charkiw wurde in den Morgenstunden neben Drohnen auch von Gleitbomben getroffen. Bei den Angriffen habe es zwei Verletzte gegeben, teilte Milit\u00e4rgouverneur Oleh Synjehubow mit. In der Region Kirowohrad s\u00fcdlich von Kiew wurden mehrere Wohnh\u00e4user besch\u00e4digt.\u00a0<\/p>\n<p><img decoding=\"async\" class=\"id-RatioPlaceholder-element wv_story_el_image\" src=\"https:\/\/www.europesays.com\/de\/wp-content\/uploads\/2025\/07\/38935096-dieses-foto-zeigt-ein-beschaedigtes-wohngebaeude-nach-russischen-drohnen-und-raketenangriff.jpeg\" loading=\"lazy\"   height=\"619\" width=\"1100\" alt=\"Dieses Foto zeigt ein besch&#xE4;digtes Wohngeb&#xE4;ude nach russischen Drohnen- und Raketenangriffen in der westukrainischen Stadt Lviv\"\/>Dieses Foto zeigt ein besch\u00e4digtes Wohngeb\u00e4ude nach russischen Drohnen- und Raketenangriffen in der westukrainischen Stadt Lviv. \u00a9\u00a0Yuriy Dyachyshyn\/AFPUkraine-Krieg: Massive Luftangriffe auf Westen der\u00a0Ukraine<\/p>\n<p class=\"id-StoryElement-paragraph\"><strong>Update, 7.00 Uhr:<\/strong> Russland hat in der Nacht laut Medienberichten erneut Regionen im Westen der\u00a0Ukraine\u00a0angegriffen. Orte weit ab der Frontlinie seien mit Drohnen und Raketen attackiert worden, schrieb The Kyiv Independent. Unter Berufung auf eigene Reporter hie\u00df es, in den westlichen St\u00e4dten Lwiw und Czernowitz seien Explosionen zu h\u00f6ren. Ebenso habe der \u00f6ffentlich-rechtliche Sender Suspline eine Explosion in der Stadt Lutsk gemeldet. Wie The Kyiv Independent weiter berichtete, hatte die Luftwaffe vor ballistische Raketen und Drohnen aus Russland gewarnt, die Richtung Westen zielten. Unter Berufung auf Beh\u00f6rdenangaben waren Drohnen in der Nacht auch im Anflug etwa auf die Regionen Ternopil und Wolhynien, so das Portal.<\/p>\n<p>Generalmajor zum Ukraine-Krieg: Hohe dreistellige Zahl weitreichender Waffen f\u00fcr Kiew<\/p>\n<p class=\"id-StoryElement-paragraph\"><strong>Update vom 12. Juli, 6.15 Uhr:<\/strong> Die Ukraine braucht f\u00fcr ihre Verteidigung gegen die russischen Angriffe viele Waffen. Deutschland finanziert nun Hunderte davon, sagt der Leiter des Sonderstabs Ukraine im Verteidigungsministerium, Generalmajor Christian Freuding. Er sprach im ZDF-\u201eheute journal\u201c von \u201eeiner hohen dreistelligen St\u00fcckzahl\u201c. Die ersten Systeme sollen demnach schon Ende des Monats bei den ukrainischen Streitkr\u00e4ften ankommen. \u201eWir brauchen Waffensysteme, die weit auch in die Tiefe des russischen Raumes reichen, die angreifen k\u00f6nnen \u2013 die F\u00fchrungseinrichtungen, Flugpl\u00e4tze, Flugzeuge\u201c, sagte Freuding.<\/p>\n<p><strong>Botschaft<\/strong> im <strong>Ukraine-Krieg<\/strong><\/p>\n<p class=\"id-StoryElement-paragraph\"><strong>Update, 20.21 Uhr: <\/strong>US-Pr\u00e4sident Donald Trump hat eine kryptische Warnung an Russland gerichtet. Auf die Frage eines Journalisten, ob er von Russlands j\u00fcngsten Angriff auf Charkiw geh\u00f6rt habe, sagte Trump laut Bericht von The Independent am Freitag: \u201eIch wei\u00df. Sie werden sehen, was passiert.\u201c <\/p>\n<p class=\"id-StoryElement-paragraph\">Trump hatte sich bereits in den vergangenen Tagen frustriert \u00fcber Russlands Pr\u00e4sidenten Wladimir Putin ge\u00e4u\u00dfert und f\u00fcr Montag eine \u201ewichtige Erkl\u00e4rung\u201c zu Russland angek\u00fcndigt. Spekuliert wird \u00fcber m\u00f6gliche US-Sanktionen gegen Russland oder weitere Waffenlieferungen f\u00fcr die Ukraine.<\/p>\n<p class=\"id-StoryElement-paragraph\"><strong>Update, 19.41 Uhr: <\/strong>Der ukrainische Pr\u00e4sident Wolodymyr Selenskyj hat nach eigenen Angaben von den USA und den europ\u00e4ischen Verb\u00fcndeten neue Waffenlieferungen in Aussicht gestellt bekommen. \u201eAllen Berichten nach sind die (gestoppten) Waffenlieferungen wieder aufgenommen worden\u201c, sagte Selenskyj in einer Videobotschaft. <\/p>\n<p class=\"id-StoryElement-paragraph\">Kommende Woche seien Gespr\u00e4che zur milit\u00e4rischen Unterst\u00fctzung Kiews im Ukraine-Krieg unter anderem mit dem US-Sondergesandten Keith Kellog geplant. \u201eWir bereiten auch neue europ\u00e4ische R\u00fcstungspakete vor\u201c, sagte Selenskyj. Zudem erwarte er \u201estarke Schritte\u201c bez\u00fcglich neuer Sanktionen gegen Russland.<\/p>\n<p>Ukraine-Krieg aktuell: Drohnenangriff auf Putins Flugzeugwerk in der Region Moskau<\/p>\n<p class=\"id-StoryElement-paragraph\"><strong>Update, 18.51 Uhr: <\/strong>Im Ukraine-Krieg hat Kiew ein Flugzeugwerk in der Region Moskau mit Drohnen angegriffen. Das meldet Andrij Kowalenko, Leiter des ukrainischen Zentrums zur Bek\u00e4mpfung von Desinformation, auf Telegram. Das russische Werk Luchowizki ist demnach auf die Produktion und Modernisierung von MiG-Kampfflugzeugen sowie die Weiterentwicklung von Shahed- und Geran-Drohnen spezialisiert. \u00dcber Folgen des Angriffs \u00e4u\u00dferte sich Kowalenko nicht.<\/p>\n<p><strong>Russland-Verluste<\/strong>: Kiews Geheimdienst <strong>zerst\u00f6rt<\/strong> Teil <strong>russischer Pipeline<\/strong><\/p>\n<p class=\"id-StoryElement-paragraph\"><strong>Update, 17.31 Uhr:<\/strong> Der ukrainische Nachrichtendienst (DIU) hat nach eigenen Angaben einen Abschnitt einer russischen Gaspipeline bei einer Spezialoperation im Ukraine-Krieg zerst\u00f6rt. Das berichtet Ukrainska Pravda unter Berufung auf DIU-Quellen. Die Pipeline versorge demnach Unternehmen der russischen R\u00fcstungsindustrie in den Gebieten Tscheljabinsk, Orenburg und Swerdlowsk. <\/p>\n<p class=\"id-StoryElement-paragraph\">Durch die Operation am Donnerstag habe es eine starke Explosion mit anschlie\u00dfendem Gro\u00dfbrand in der russischen Stadt Langepas gegeben. Eine Geheimdienst-Quelle erkl\u00e4rte, dass die Wiederherstellung und Pr\u00fcfung der Gasleitung etwa einen Monat dauern wird \u2013 der Schaden belaufe sich nach Geheimdienst-Sch\u00e4tzungen auf mindestens 1,3 Millionen US-Dollar.<\/p>\n<p>Putin-Verluste im Ukraine-Krieg: Kiews Geheimdienst greift Kommando-Posten an<\/p>\n<p class=\"id-StoryElement-paragraph\"><strong>Update, 15.45 Uhr: <\/strong>Im Ukraine-Krieg sollen Vertreter des ukrainischen Geheimdienstes und der Widerstandsbewegung im Untergrund in der vor\u00fcbergehend besetzten Stadt Melitopol eine erfolgreiche Operation durchgef\u00fchrt haben. Bei der Operation wurden nach Angaben des ukrainischen Nachrichtendienstes f\u00fcnf Mitglieder der russischen Garde get\u00f6tet und ein russischer Kommandoposten zerst\u00f6rt.<\/p>\n<p class=\"id-StoryElement-paragraph\">Auf dem Gel\u00e4nde einer der Produktionsst\u00e4tten, wo Russland eine Logistikbasis, Unterk\u00fcnfte f\u00fcr das Personal und ein milit\u00e4risches Transportzentrum eingerichtet haben soll, habe es eine Explosion gegeben. \u201eInfolge der Explosion wurde auch eine Station f\u00fcr Satellitenkommunikation zerst\u00f6rt, die von der russischen Milit\u00e4rf\u00fchrung zur Koordinierung der Besatzungstruppen vorgesehen war\u201c, schreibt der Nachrichtendienst auf Telegram.<\/p>\n<p>Ukraine-Krieg aktuell: Kreml wartet auch Trumps \u201ewichtige Erkl\u00e4rung\u201c zu Russland<\/p>\n<p class=\"id-StoryElement-paragraph\"><strong>Update, 14.37 Uhr: <\/strong>Der Kreml wartet nach eigenen Angaben auf eine von US-Pr\u00e4sident Donald Trump f\u00fcr Montag angek\u00fcndigte \u201ewichtige Erkl\u00e4rung\u201c zu Russland. \u201eWir warten darauf und wollen verstehen, was er gemeint hat\u201c, erkl\u00e4rte Pr\u00e4sidialamtssprecher Dmitri Peskow laut Reuters-Bericht vor der Presse in Moskau.\u00a0<\/p>\n<p class=\"id-StoryElement-paragraph\">Trump hatte in einem Interview mit dem US-Sender NBC News erkl\u00e4rt, ein wichtiges Statement zu Russland abgeben zu wollen. Auch hatte der US-Pr\u00e4sident in dem Interview seine Kritik an Russlands Machthaber Wladimir Putin wiederholt. <\/p>\n<p>News im Ukraine-Krieg: Selenskyj wirft Russland gezielte Angriffe auf Zivilisten vor<\/p>\n<p class=\"id-StoryElement-paragraph\"><strong>Update vom 11. Juli, 13.46 Uhr:<\/strong> Nach Angriffen Russlands auf die ukrainische Stadt Charkiw in der Nacht melden Beh\u00f6rden neun Verletzte. Der ukrainische Pr\u00e4sident Wolodymyr Selenskyj erkl\u00e4rte bei Telegram: \u201eUnter den Verletzten sind auch Frauen in einer Entbindungsstation.\u201c Gl\u00fccklicherweise seien zumindest keine Kinder bei diesem Angriff verletzt worden. Selenskyj warf dem russischen Milit\u00e4r vor, im Ukraine-Krieg bewusst auf Zivilisten zu zielen.<\/p>\n<p class=\"id-StoryElement-paragraph\">Seinen Angaben nach gab es auch Angriffe auf die Gebiete Dnipropetrowsk, Mykolajiw, Sumy und am Morgen im Gebiet Odessa. Russland werde keine Ruhe geben und weiter mit Bomben, Raketen und Drohnen attackieren. Daher sei die St\u00e4rkung der Flugabwehr oberstes Gebot.<\/p>\n<p>Ukraine-Krieg aktuell: Merz-S\u00e4tze lassen Lawrow w\u00fcten<\/p>\n<p class=\"id-StoryElement-paragraph\"><strong>Erstmeldung:<\/strong> Moskau \u2013\u00a0Sergej Lawrow, der Au\u00dfenminister Russlands, hat Bundeskanzler Friedrich Merz (<a href=\"https:\/\/www.merkur.de\/politik\/cdu-org26591\/\" target=\"_blank\" class=\"id-import-Link id-pageApi-Link--externalDomain\" data-id-ec=\"{&quot;sht&quot;:&quot;Container&quot;,&quot;shn&quot;:&quot;Story&quot;,&quot;p&quot;:{&quot;containerType&quot;:&quot;Paragraph&quot;,&quot;displayType&quot;:&quot;Paragraph InlineLink&quot;,&quot;type&quot;:&quot;INLINE_LINK&quot;,&quot;value&quot;:&quot;CDU&quot;,&quot;variant&quot;:&quot;standardLink&quot;,&quot;sponsored&quot;:false,&quot;linkHref&quot;:&quot;https:\/\/www.merkur.de\/politik\/cdu-org26591\/&quot;,&quot;storyElementPosition&quot;:59,&quot;storyElementCount&quot;:67}}\" rel=\"nofollow noopener\">CDU<\/a>) vorgeworfen, antirussische Parolen aus der Zeit des Nationalsozialismus zu nutzen, um Deutschland zu militarisieren.<\/p>\n<p>Russlands <strong>Au\u00dfenminister Lawrow<\/strong> attackiert <strong>Merz<\/strong><\/p>\n<p class=\"id-StoryElement-paragraph\">In Kuala Lumpur, der Hauptstadt Malaysias, bezeichnete Lawrow die Darstellung Russlands als Bedrohung als \u201ev\u00f6lliger Unsinn\u201c. Er betonte: \u201eIch hoffe, dass jeder Politiker mit einem gesunden Menschenverstand das begreift.\u201c Der Minister kritisierte, dass Merz keine \u201eMittel der Diplomatie\u201c mehr im Umgang mit Moskau sehe und sich stattdessen f\u00fcr eine Militarisierung Deutschlands entschieden habe.<\/p>\n<p class=\"id-StoryElement-paragraph\">\u201eWenn Herr Merz der Meinung ist, dass die friedlichen M\u00f6glichkeiten ausgesch\u00f6pft sind, muss er beschlossen haben, sich auf Kosten seines Volkes ganz der Militarisierung Deutschlands zu widmen, um dann wieder auf Nazi-Parolen herumzureiten &#8211; f\u00fcr eine Abwehr der Bedrohungen, die von Russland ausgingen\u201c, \u00e4u\u00dferte Lawrow w\u00e4hrend einer Pressekonferenz des Au\u00dfenministertreffens der s\u00fcdostasiatischen Staatengemeinschaft Asean.<\/p>\n<p><strong>Merz<\/strong> sieht <strong>diplomatische L\u00f6sungschancen<\/strong> am Ende<\/p>\n<p class=\"id-StoryElement-paragraph\">Die \u00c4u\u00dferungen von Merz zu Russland f\u00fchren in Moskau immer wieder zu heftigen Reaktionen und ziehen Vergleiche mit der Nazi-Zeit nach sich. Moskau wirft dem Kanzler vor, verst\u00e4rkt auf eine milit\u00e4rische L\u00f6sung im <a href=\"https:\/\/www.merkur.de\/politik\/ukraine-konflikt-sti1524391\/https:\/www.merkur.de\/politik\/ukraine-konflikt-sti1524391\/\" target=\"_blank\" class=\"id-import-Link id-pageApi-Link--externalDomain\" data-id-ec=\"{&quot;sht&quot;:&quot;Container&quot;,&quot;shn&quot;:&quot;Story&quot;,&quot;p&quot;:{&quot;containerType&quot;:&quot;Paragraph&quot;,&quot;displayType&quot;:&quot;Paragraph InlineLink&quot;,&quot;type&quot;:&quot;INLINE_LINK&quot;,&quot;value&quot;:&quot;Ukraine-Konflikt&quot;,&quot;variant&quot;:&quot;standardLink&quot;,&quot;sponsored&quot;:false,&quot;linkHref&quot;:&quot;https:\/\/www.merkur.de\/politik\/ukraine-konflikt-sti1524391\/https:\/www.merkur.de\/politik\/ukraine-konflikt-sti1524391\/&quot;,&quot;storyElementPosition&quot;:64,&quot;storyElementCount&quot;:67}}\" rel=\"nofollow noopener\">Ukraine-Konflikt<\/a> zu setzen und Deutschland zunehmend in den Krieg hineinzuziehen.<\/p>\n<p>Ukraine-Krieg: Russland laut Merz ein \u201everbrecherisches Regime\u201c<\/p>\n<p class=\"id-StoryElement-paragraph\">Im Bundestag erkl\u00e4rte der Kanzler am Mittwoch in Bezug auf den russischen Angriffskrieg gegen die Ukraine: \u201eDie Mittel der Diplomatie sind ausgesch\u00f6pft, wenn ein verbrecherisches Regime mit milit\u00e4rischer Gewalt das Existenzrecht eines ganzen Landes offen infrage stellt und sich auf den Weg macht, die politische Freiheitsordnung des ganzen europ\u00e4ischen Kontinents zu zerst\u00f6ren.\u201c<\/p>\n<p class=\"id-StoryElement-paragraph\">Seit \u00fcber drei Jahren f\u00fchrt Russland einen zerst\u00f6rerischen Angriffskrieg gegen die Ukraine. Moskau gibt an, einen Nato-Beitritt Kiews verhindern zu wollen, da dies eine Bedrohung f\u00fcr die russische Sicherheit darstelle. Zudem erhebt Russland Gebietsanspr\u00fcche gegen\u00fcber der Ukraine. (red mit Agenturen)<\/p>\n","protected":false},"excerpt":{"rendered":"Gie\u00dfener Allgemeine Politik Stand: 13.07.2025, 04:44 Uhr Von: Felix Durach, Christian St\u00f6r, Paula V\u00f6lkner, Bedrettin B\u00f6l\u00fckbasi DruckenTeilen Vorwurf&hellip;\n","protected":false},"author":2,"featured_media":264002,"comment_status":"","ping_status":"","sticky":false,"template":"","format":"standard","meta":{"footnotes":""},"categories":[4013],"tags":[331,332,13,14,15,4043,4044,850,307,12],"class_list":{"0":"post-264001","1":"post","2":"type-post","3":"status-publish","4":"format-standard","5":"has-post-thumbnail","7":"category-russland","8":"tag-aktuelle-nachrichten","9":"tag-aktuelle-news","10":"tag-headlines","11":"tag-nachrichten","12":"tag-news","13":"tag-russia","14":"tag-russian-federation","15":"tag-russische-foederation","16":"tag-russland","17":"tag-schlagzeilen"},"share_on_mastodon":{"url":"https:\/\/pubeurope.com\/@de\/114843679842929324","error":""},"_links":{"self":[{"href":"https:\/\/www.europesays.com\/de\/wp-json\/wp\/v2\/posts\/264001","targetHints":{"allow":["GET"]}}],"collection":[{"href":"https:\/\/www.europesays.com\/de\/wp-json\/wp\/v2\/posts"}],"about":[{"href":"https:\/\/www.europesays.com\/de\/wp-json\/wp\/v2\/types\/post"}],"author":[{"embeddable":true,"href":"https:\/\/www.europesays.com\/de\/wp-json\/wp\/v2\/users\/2"}],"replies":[{"embeddable":true,"href":"https:\/\/www.europesays.com\/de\/wp-json\/wp\/v2\/comments?post=264001"}],"version-history":[{"count":0,"href":"https:\/\/www.europesays.com\/de\/wp-json\/wp\/v2\/posts\/264001\/revisions"}],"wp:featuredmedia":[{"embeddable":true,"href":"https:\/\/www.europesays.com\/de\/wp-json\/wp\/v2\/media\/264002"}],"wp:attachment":[{"href":"https:\/\/www.europesays.com\/de\/wp-json\/wp\/v2\/media?parent=264001"}],"wp:term":[{"taxonomy":"category","embeddable":true,"href":"https:\/\/www.europesays.com\/de\/wp-json\/wp\/v2\/categories?post=264001"},{"taxonomy":"post_tag","embeddable":true,"href":"https:\/\/www.europesays.com\/de\/wp-json\/wp\/v2\/tags?post=264001"}],"curies":[{"name":"wp","href":"https:\/\/api.w.org\/{rel}","templated":true}]}}