{"id":264003,"date":"2025-07-13T02:57:12","date_gmt":"2025-07-13T02:57:12","guid":{"rendered":"https:\/\/www.europesays.com\/de\/264003\/"},"modified":"2025-07-13T02:57:12","modified_gmt":"2025-07-13T02:57:12","slug":"russlands-eliteeinheit-buesst-fuehrungsspitze-in-kursk-ein","status":"publish","type":"post","link":"https:\/\/www.europesays.com\/de\/264003\/","title":{"rendered":"Russlands Eliteeinheit b\u00fc\u00dft F\u00fchrungsspitze in Kursk ein"},"content":{"rendered":"<ol class=\"id-DonaldBreadcrumb lp_west_breadcrumb id-DonaldBreadcrumb--default\" data-k5a-pos=\"west_breadcrumb\">\n<li class=\"id-Breadcrumb-item\"><a href=\"https:\/\/www.merkur.de\/\" class=\"id-Breadcrumb-link\" data-id-ec=\"{\" shn=\"\" textlink=\"\" data-k5a-pos=\"1_startseite\" rel=\"nofollow noopener\" target=\"_blank\">Startseite<\/a><\/li>\n<li class=\"id-Breadcrumb-item\"><a href=\"https:\/\/www.merkur.de\/politik\/\" class=\"id-Breadcrumb-link\" data-id-ec=\"{\" shn=\"\" textlink=\"\" data-k5a-pos=\"2_politik\" rel=\"nofollow noopener\" target=\"_blank\">Politik<\/a><\/li>\n<\/ol>\n<p class=\"id-Story-timestamp id-Story-timestamp--default\">Stand: 13.07.2025, 04:47 Uhr<\/p>\n<p class=\"id-Story-authors id-Story-authors--default\">Von: <a class=\"id-Story-authors-link lp_west_author\" href=\"https:\/\/www.merkur.de\/autor\/max-nebel-6t3q70ad1.html\" title=\"Zur Autorenseite von Max Nebel\" data-id-ec=\"{\" shn=\"\" author-link=\"\" nebel=\"\" data-k5a-pos=\"west_author\" rel=\"nofollow noopener\" target=\"_blank\">Max Nebel<\/a><\/p>\n<p class=\"id-Story-interactionBar id-Story-interactionBar--default\">DruckenTeilen<\/p>\n<p class=\"id-StoryElement-leadText\">Russlands 155. Marineinfanteriebrigade verliert ihre F\u00fchrung. Ein ukrainischer Pr\u00e4zisionsangriff trifft die Kommandozentrale.<\/p>\n<p class=\"id-StoryElement-paragraph\">Korenewo \u2013 Ein gezielter Angriff der ukrainischen Streitkr\u00e4fte auf das Hauptquartier der russischen 155. Garde-Marineinfanteriebrigade in der russischen Grenzregion Kursk hat die F\u00fchrungsspitze dieser als Eliteverband geltenden Einheit ausgel\u00f6scht. Wie sowohl russische als auch ukrainische Quellen \u00fcbereinstimmend berichten, kamen am 2. Juli 2025 mehrere hochrangige russische Offiziere ums Leben, darunter der Brigadekommandeur Oberst Sergej Iljin und sein Stabschef Oberst Leonid Baschkardin. Auch der <a href=\"https:\/\/www.merkur.de\/politik\/hochrangiger-russischer-general-im-ukraine-krieg-getoetet-zr-93817958.html\" class=\"id-import-Link\" data-id-ec=\"{&quot;sht&quot;:&quot;Container&quot;,&quot;shn&quot;:&quot;Story&quot;,&quot;p&quot;:{&quot;containerType&quot;:&quot;Paragraph&quot;,&quot;displayType&quot;:&quot;Paragraph InlineLink&quot;,&quot;type&quot;:&quot;INLINE_LINK&quot;,&quot;value&quot;:&quot;erst im M&#xE4;rz ernannte Vizechef der russischen Marine, Generalmajor Michail Gudkow&quot;,&quot;variant&quot;:&quot;standardLink&quot;,&quot;sponsored&quot;:false,&quot;linkHref&quot;:&quot;https:\/\/www.merkur.de\/politik\/hochrangiger-russischer-general-im-ukraine-krieg-getoetet-zr-93817958.html&quot;,&quot;storyElementPosition&quot;:8,&quot;storyElementCount&quot;:30}}\" rel=\"nofollow noopener\" target=\"_blank\">erst im M\u00e4rz ernannte Vizechef der russischen Marine, Generalmajor Michail Gudkow<\/a>, fiel bei dem Raketenangriff im <a href=\"https:\/\/www.merkur.de\/politik\/ukraine-konflikt-sti1524391\/\" class=\"id-import-Link\" title=\"Ukraine-Krieg\" data-id-ec=\"{&quot;sht&quot;:&quot;Container&quot;,&quot;shn&quot;:&quot;Story&quot;,&quot;p&quot;:{&quot;containerType&quot;:&quot;Paragraph&quot;,&quot;displayType&quot;:&quot;Paragraph InlineLink&quot;,&quot;type&quot;:&quot;INLINE_LINK&quot;,&quot;value&quot;:&quot;Ukraine-Krieg&quot;,&quot;variant&quot;:&quot;standardLink&quot;,&quot;sponsored&quot;:false,&quot;linkHref&quot;:&quot;https:\/\/www.merkur.de\/politik\/ukraine-konflikt-sti1524391\/&quot;,&quot;storyElementPosition&quot;:8,&quot;storyElementCount&quot;:30}}\" rel=\"nofollow noopener\" target=\"_blank\">Ukraine-Krieg<\/a> auf das Hauptquartier in der Siedlung Korenewo .<\/p>\n<p>Ukraine schl\u00e4gt zu: Russlands Eliteeinheit verliert F\u00fchrungsspitze in Kursk<\/p>\n<p class=\"id-StoryElement-paragraph\">Der Tod von Iljin wurde unter anderem vom russischen Propagandisten Kirill Fedorov sowie durch eine Mitteilung der Verwaltung des Bezirks Umarski in der russischen Teilrepublik Tschuwaschien gemeldet, auch wenn die entsprechende Nachricht sp\u00e4ter gel\u00f6scht wurde, schreibt unter anderem The Moscow Times. Die Angabe, dass bei dem Angriff bis zu 22 Offiziere get\u00f6tet wurden, stammt laut ukrainischer Aufkl\u00e4rung aus verschiedenen russischen und ukrainischen Quellen, so The Kyiv Independent.<\/p>\n<p class=\"id-StoryElement-paragraph\">Die <a href=\"https:\/\/www.merkur.de\/politik\/in-kursk-ukraine-zerstoert-mehrmals-russische-marine-brigade-93491152.html\" class=\"id-import-Link\" data-id-ec=\"{&quot;sht&quot;:&quot;Container&quot;,&quot;shn&quot;:&quot;Story&quot;,&quot;p&quot;:{&quot;containerType&quot;:&quot;Paragraph&quot;,&quot;displayType&quot;:&quot;Paragraph InlineLink&quot;,&quot;type&quot;:&quot;INLINE_LINK&quot;,&quot;value&quot;:&quot;155. Garde-Marineinfanteriebrigade z&#xE4;hlt zu den Eliteverb&#xE4;nden Moskaus&quot;,&quot;variant&quot;:&quot;standardLink&quot;,&quot;sponsored&quot;:false,&quot;linkHref&quot;:&quot;https:\/\/www.merkur.de\/politik\/in-kursk-ukraine-zerstoert-mehrmals-russische-marine-brigade-93491152.html&quot;,&quot;storyElementPosition&quot;:13,&quot;storyElementCount&quot;:30}}\" rel=\"nofollow noopener\" target=\"_blank\">155. Garde-Marineinfanteriebrigade z\u00e4hlt zu den Eliteverb\u00e4nden Moskaus<\/a>. Generalmajor Gudkow war erst im M\u00e4rz 2025 von Pr\u00e4sident <a href=\"https:\/\/www.fr.de\/politik\/wladimir-putin-per42970\/\" class=\"id-import-Link id-pageApi-Link--externalDomain\" title=\"Wladimir Putin\" data-id-ec=\"{&quot;sht&quot;:&quot;Container&quot;,&quot;shn&quot;:&quot;Story&quot;,&quot;p&quot;:{&quot;containerType&quot;:&quot;Paragraph&quot;,&quot;displayType&quot;:&quot;Paragraph InlineLink&quot;,&quot;type&quot;:&quot;INLINE_LINK&quot;,&quot;value&quot;:&quot;Wladimir Putin&quot;,&quot;variant&quot;:&quot;standardLink&quot;,&quot;sponsored&quot;:false,&quot;linkHref&quot;:&quot;https:\/\/www.fr.de\/politik\/wladimir-putin-per42970\/&quot;,&quot;storyElementPosition&quot;:13,&quot;storyElementCount&quot;:30}}\" rel=\"nofollow noopener\" target=\"_blank\">Wladimir Putin<\/a> zum stellvertretenden Oberbefehlshaber der Marine bef\u00f6rdert worden, nachdem er zuvor selbst Kommandeur der 155. Brigade war. Gudkow wurde in Russland mehrfach f\u00fcr seine Verdienste ausgezeichnet, ist gem\u00e4\u00df n-tv jedoch in der Ukraine wegen mutma\u00dflicher Kriegsverbrechen angeklagt.<\/p>\n<p class=\"id-StoryElement-paragraph\">Die ukrainische Seite berichtet, dass beim gezielten Angriff auf das Hauptquartier der Brigade auch Iljin und Baschkardin get\u00f6tet wurden, ebenso wie Gudkows Stellvertreter Schichalijew. Nach Angaben von In Factum und weiteren Telegram-Kan\u00e4len wurde zudem Kapit\u00e4n 2. Ranges Schipunow Alexander Nikolajewitsch get\u00f6tet.<\/p>\n<p>Putins Parade in Moskau: Russland feiert \u201eTag des Sieges\u201c mit gigantischer Milit\u00e4rparade<img decoding=\"async\" class=\"id-RatioPlaceholder-element wv_story_el_interstitialImage\" src=\"https:\/\/www.europesays.com\/de\/wp-content\/uploads\/2025\/05\/1746774729_828_38046873-russische-studentinnen-und-studenten-gekleidet-in-die-mode-der-1950er-und-in-sowjetischen-u.jpeg\" loading=\"lazy\"   height=\"2666\" width=\"4000\" alt=\"russische Studentinnen und Studenten, gekleidet in die Mode der 1950er und in sowjetischen Uniformen\"\/><a href=\"https:\/\/www.merkur.de\/politik\/sieges-putins-siegesparade-in-moskau-russland-feiert-den-tag-des-zr-93721808.html\" class=\"id-StoryElement-intestitialLink-link\" data-id-ec=\"{\" shn=\"\" ansehen=\"\" data-k5a-pos=\"west_story_14_photoGalleryLink\" title=\"Zur Fotostrecke: Putins Parade in Moskau: Russland feiert &#x201E;Tag des Sieges&#x201C; mit gigantischer Milit&#xE4;rparade\" rel=\"nofollow noopener\" target=\"_blank\">Fotostrecke ansehen<\/a>Schwerer Schlag f\u00fcr Putins Eliteverband \u2013 Brigade nach Angriff ohne F\u00fchrung<\/p>\n<p class=\"id-StoryElement-paragraph\">Die Brigade war seit Beginn des von Russland begonnenen Ukraine-Kriegs im Einsatz, zuerst an der Ostfront, sp\u00e4ter ab 2024 in der Region Kursk zur Verteidigung gegen die ukrainische Gegenoffensive, notiert das Online-Portal Militarnyi. Besonders schwere Verluste erlitt sie w\u00e4hrend der Schlacht um Wuhledar. Die Ukraine wirft der 155. Brigade vor, an Kriegsverbrechen beteiligt gewesen zu sein, darunter auch Gr\u00e4ueltaten in Butscha, Irpin und Hostomel, wie The Kyiv Independent berichtet.<\/p>\n<p class=\"id-StoryElement-paragraph\">Als Zeichen der Anerkennung veranlasste indes Pr\u00e4sident Putin bereits am Sonntag nach dem Angriff, hei\u00dft es auf n-tv.de, dass <a href=\"https:\/\/www.merkur.de\/politik\/toedlicher-vorfall-ukraine-news-16-kampfjet-beschiesst-ziele-von-putins-armee-zr-93808040.html\" class=\"id-import-Link\" data-id-ec=\"{&quot;sht&quot;:&quot;Container&quot;,&quot;shn&quot;:&quot;Story&quot;,&quot;p&quot;:{&quot;containerType&quot;:&quot;Paragraph&quot;,&quot;displayType&quot;:&quot;Paragraph InlineLink&quot;,&quot;type&quot;:&quot;INLINE_LINK&quot;,&quot;value&quot;:&quot;die Brigade fortan den Ehrentitel &#x201E;Gudkow&#x201C; tr&#xE4;gt&quot;,&quot;variant&quot;:&quot;standardLink&quot;,&quot;sponsored&quot;:false,&quot;linkHref&quot;:&quot;https:\/\/www.merkur.de\/politik\/toedlicher-vorfall-ukraine-news-16-kampfjet-beschiesst-ziele-von-putins-armee-zr-93808040.html&quot;,&quot;storyElementPosition&quot;:20,&quot;storyElementCount&quot;:30}}\" rel=\"nofollow noopener\" target=\"_blank\">die Brigade fortan den Ehrentitel \u201eGudkow\u201c tr\u00e4gt<\/a>.<\/p>\n<p><img decoding=\"async\" class=\"id-RatioPlaceholder-element wv_story_el_image\" src=\"https:\/\/www.europesays.com\/de\/wp-content\/uploads\/2025\/07\/38936029-schild-mit-bild-von-sergej-iljin-1FPuDCp4CPBG.jpg\" loading=\"lazy\"   height=\"618\" width=\"1100\" alt=\"Schild mit Bild von Sergej Iljin\"\/>Sergej Iljin stand an der Spitze der russischen 155. Brigade, bevor er beim Angriff auf das Hauptquartier in Korenewo get\u00f6tet wurde. \u00a9\u00a0X (Screenshot)\/@betyna71Gezielte Angriffe schw\u00e4chen russische Kommandostrukturen im Ukraine-Krieg<\/p>\n<p class=\"id-StoryElement-paragraph\">Der Tod von Generalmajor Gudkow, Oberst Iljin und weiteren Offizieren wird von Milit\u00e4rexperten als schwerer Schlag f\u00fcr die russischen Kommandostrukturen bewertet. Seit Beginn des gro\u00df angelegten russischen Angriffskriegs am 24. Februar 2022 wurden laut dem Projekt \u201eKilled in Ukraine\u201c, so Militarnyi, mindestens 6.606 russische Offiziere get\u00f6tet, darunter inzwischen auch zw\u00f6lf Offiziere im Generalsrang. <\/p>\n<p class=\"id-StoryElement-paragraph\">Insbesondere Kommandeure von der unteren F\u00fchrungsebene bis hin zu Majoren sind laut der Analyse \u00fcberdurchschnittlich betroffen \u2013 als Folge gezielter Angriffe auf Gefechtsst\u00e4nde durch die ukrainischen Streitkr\u00e4fte.<\/p>\n<p>Kriegsverbrechen der 155. Brigade im Ukraine-Krieg: Neue Belege, gezielte Eliminierung<\/p>\n<p class=\"id-StoryElement-paragraph\">Der ukrainische Milit\u00e4rgeheimdienst HUR ver\u00f6ffentlichte, schreibt Ukrinform, am 10. Juli 2025 einen abgefangenen Funkspruch eines Kommandeurs der 155. Brigade, der offenbar den Befehl gab: \u201eKopf abschneiden, aufspie\u00dfen, wegwerfen\u201c \u2013 bezogen auf einen ukrainischen Kriegsgefangenen. Die Brigade ist nach Berichten f\u00fcr wiederholte Gr\u00e4ueltaten an Gefangenen und Zivilisten verantwortlich, weshalb sie laut ukrainischer Beh\u00f6rden zu Putins Lieblingsverb\u00e4nden z\u00e4hlt. Ihr Banner wurde etwa bei Putins Jahrespressekonferenz 2024 gezeigt.<\/p>\n<p class=\"id-StoryElement-paragraph\">W\u00e4hrend des Ukraine-Krieges musste die Brigade, unter anderem wegen der schweren Verluste in F\u00fchrungspositionen, h\u00e4ufig mit neuen, unerfahrenen Rekruten aufgef\u00fcllt werden.<\/p>\n<p class=\"id-StoryElement-paragraph\">Die gezielte T\u00f6tung von Kommandeuren und Stabsoffizieren schw\u00e4cht laut Beobachtern die Schlagkraft russischer Einheiten nachhaltig und verursacht systemische Probleme in der F\u00fchrung, urteilt etwa The Moscow Times. Milit\u00e4ranalysten sehen im ukrainischen Vorgehen eine gezielte Strategie zur Unterminierung der russischen Kommandostrukturen. Als Folge des Angriffs und der internationalen Aufmerksamkeit w\u00e4chst auch der Druck, die <a href=\"https:\/\/www.merkur.de\/politik\/donezk-ukraine-krieg-russland-news-girkin-elite-wuhledar-soldaten-brigade-92084682.html\" class=\"id-import-Link\" data-id-ec=\"{&quot;sht&quot;:&quot;Container&quot;,&quot;shn&quot;:&quot;Story&quot;,&quot;p&quot;:{&quot;containerType&quot;:&quot;Paragraph&quot;,&quot;displayType&quot;:&quot;Paragraph InlineLink&quot;,&quot;type&quot;:&quot;INLINE_LINK&quot;,&quot;value&quot;:&quot;von der 155. Brigade begangenen Kriegsverbrechen&quot;,&quot;variant&quot;:&quot;standardLink&quot;,&quot;sponsored&quot;:false,&quot;linkHref&quot;:&quot;https:\/\/www.merkur.de\/politik\/donezk-ukraine-krieg-russland-news-girkin-elite-wuhledar-soldaten-brigade-92084682.html&quot;,&quot;storyElementPosition&quot;:30,&quot;storyElementCount&quot;:30}}\" rel=\"nofollow noopener\" target=\"_blank\">von der 155. Brigade begangenen Kriegsverbrechen<\/a> konsequent aufzuarbeiten.<\/p>\n","protected":false},"excerpt":{"rendered":"Startseite Politik Stand: 13.07.2025, 04:47 Uhr Von: Max Nebel DruckenTeilen Russlands 155. Marineinfanteriebrigade verliert ihre F\u00fchrung. Ein ukrainischer&hellip;\n","protected":false},"author":2,"featured_media":264004,"comment_status":"","ping_status":"","sticky":false,"template":"","format":"standard","meta":{"footnotes":""},"categories":[4012],"tags":[331,332,13,14,15,12,317],"class_list":{"0":"post-264003","1":"post","2":"type-post","3":"status-publish","4":"format-standard","5":"has-post-thumbnail","7":"category-ukraine","8":"tag-aktuelle-nachrichten","9":"tag-aktuelle-news","10":"tag-headlines","11":"tag-nachrichten","12":"tag-news","13":"tag-schlagzeilen","14":"tag-ukraine"},"share_on_mastodon":{"url":"https:\/\/pubeurope.com\/@de\/114843683750440155","error":""},"_links":{"self":[{"href":"https:\/\/www.europesays.com\/de\/wp-json\/wp\/v2\/posts\/264003","targetHints":{"allow":["GET"]}}],"collection":[{"href":"https:\/\/www.europesays.com\/de\/wp-json\/wp\/v2\/posts"}],"about":[{"href":"https:\/\/www.europesays.com\/de\/wp-json\/wp\/v2\/types\/post"}],"author":[{"embeddable":true,"href":"https:\/\/www.europesays.com\/de\/wp-json\/wp\/v2\/users\/2"}],"replies":[{"embeddable":true,"href":"https:\/\/www.europesays.com\/de\/wp-json\/wp\/v2\/comments?post=264003"}],"version-history":[{"count":0,"href":"https:\/\/www.europesays.com\/de\/wp-json\/wp\/v2\/posts\/264003\/revisions"}],"wp:featuredmedia":[{"embeddable":true,"href":"https:\/\/www.europesays.com\/de\/wp-json\/wp\/v2\/media\/264004"}],"wp:attachment":[{"href":"https:\/\/www.europesays.com\/de\/wp-json\/wp\/v2\/media?parent=264003"}],"wp:term":[{"taxonomy":"category","embeddable":true,"href":"https:\/\/www.europesays.com\/de\/wp-json\/wp\/v2\/categories?post=264003"},{"taxonomy":"post_tag","embeddable":true,"href":"https:\/\/www.europesays.com\/de\/wp-json\/wp\/v2\/tags?post=264003"}],"curies":[{"name":"wp","href":"https:\/\/api.w.org\/{rel}","templated":true}]}}