{"id":264021,"date":"2025-07-13T03:09:49","date_gmt":"2025-07-13T03:09:49","guid":{"rendered":"https:\/\/www.europesays.com\/de\/264021\/"},"modified":"2025-07-13T03:09:49","modified_gmt":"2025-07-13T03:09:49","slug":"anklage-gegen-beurlaubten-duisburger-feuerwehrchef","status":"publish","type":"post","link":"https:\/\/www.europesays.com\/de\/264021\/","title":{"rendered":"Anklage gegen beurlaubten Duisburger Feuerwehrchef"},"content":{"rendered":"<p class=\"small date article__date\">Ver\u00f6ffentlicht:\u00a0Freitag, 11.07.2025 13:45<\/p>\n<p>Die Staatsanwaltschaft Duisburg hat ihre Ermittlungen abgeschlossen und Anklage gegen den beurlaubten Feuerwehrchef Oliver Tittmann erhoben. Das wird ihm vorgeworfen. <\/p>\n<p><img decoding=\"async\" alt=\"\" src=\"https:\/\/www.europesays.com\/de\/wp-content\/uploads\/2025\/07\/mm_20240911_083713.jpg&#038;crop=101x0x8011x5007&#038;resize=1280x800&#038;dt=202409191457360.jpeg\" data-size=\"1280x800\"\/>\u00a9 Foto: Martin M\u00f6ller \/ Funke Foto Services<\/p>\n<p>Die Stadt Duisburg hatte im vergangenen Jahr Anzeige gegen den Feuerwehramtsleiter Oliver Tittmann erstattet und ihn beurlaubt. Ihm wurde unter anderem vorgeworfen, Dinge f\u00fcr private Zwecke bestellt zu haben. Diese Vorw\u00fcrfe haben sich nach den Ermittlungen der Staatsanwaltschaft offensichtlich nicht erh\u00e4rtet. In einem Fall besteht jedoch ein &#8222;hinreichender Tatverdacht wegen Untreue&#8220;,  hei\u00dft es bei der Staatsanwaltschaft. <\/p>\n<p>Anklage wegen Untreue<\/p>\n<p>Tittmann wird vorgeworfen, seine Stellung ausgenutzt zu haben, um einem Mitglied der Freiwilligen Feuerwehr einen Ausbildungsplatz als B\u00fcrokaufmann zu verschaffen. Die Voraussetzung f\u00fcr solch eine Ausbildung bei der Feuerwehr der Stadt Duisburg h\u00e4tte allerdings nicht vorgelegen. Formal soll die Ausbildung dann von einem Privatunternehmen \u00fcbernommen worden sein. Faktisch wurde die Ausbildung aber bei der Stadt Duisburg gemacht.  Das Privatunternehmen hatte der Stadt f\u00fcr die formale Anstellung Kosten in H\u00f6he von 24.255,13 Euro in Rechnung gestellt. Diese Rechnung soll der Feuerwehrchef  \u2013 ohne Rechtsgrundlage \u2013 durchgewunken haben. <\/p>\n<p>Prozessbeginn noch unklar<\/p>\n<p>Der Beschuldigte hat sich zu dem Vorwurf eingelassen, teilt die Staatsanwaltschaft mit. Tittmann gibt an, von den Hintergr\u00fcnden der Rechnung keine n\u00e4here Kenntnis gehabt zu haben. Bei einer Verurteilung droht dem beurlaubten Feuerwehrchef bis zu f\u00fcnf Jahre Gef\u00e4ngnis oder eine Geldstrafe. <\/p>\n","protected":false},"excerpt":{"rendered":"Ver\u00f6ffentlicht:\u00a0Freitag, 11.07.2025 13:45 Die Staatsanwaltschaft Duisburg hat ihre Ermittlungen abgeschlossen und Anklage gegen den beurlaubten Feuerwehrchef Oliver Tittmann&hellip;\n","protected":false},"author":2,"featured_media":264022,"comment_status":"","ping_status":"","sticky":false,"template":"","format":"standard","meta":{"footnotes":""},"categories":[1838],"tags":[1999,3364,29,3715,985,30,1209],"class_list":{"0":"post-264021","1":"post","2":"type-post","3":"status-publish","4":"format-standard","5":"has-post-thumbnail","7":"category-duisburg","8":"tag-anklage","9":"tag-de","10":"tag-deutschland","11":"tag-duisburg","12":"tag-feuerwehr","13":"tag-germany","14":"tag-nordrhein-westfalen"},"share_on_mastodon":{"url":"https:\/\/pubeurope.com\/@de\/114843734746794761","error":""},"_links":{"self":[{"href":"https:\/\/www.europesays.com\/de\/wp-json\/wp\/v2\/posts\/264021","targetHints":{"allow":["GET"]}}],"collection":[{"href":"https:\/\/www.europesays.com\/de\/wp-json\/wp\/v2\/posts"}],"about":[{"href":"https:\/\/www.europesays.com\/de\/wp-json\/wp\/v2\/types\/post"}],"author":[{"embeddable":true,"href":"https:\/\/www.europesays.com\/de\/wp-json\/wp\/v2\/users\/2"}],"replies":[{"embeddable":true,"href":"https:\/\/www.europesays.com\/de\/wp-json\/wp\/v2\/comments?post=264021"}],"version-history":[{"count":0,"href":"https:\/\/www.europesays.com\/de\/wp-json\/wp\/v2\/posts\/264021\/revisions"}],"wp:featuredmedia":[{"embeddable":true,"href":"https:\/\/www.europesays.com\/de\/wp-json\/wp\/v2\/media\/264022"}],"wp:attachment":[{"href":"https:\/\/www.europesays.com\/de\/wp-json\/wp\/v2\/media?parent=264021"}],"wp:term":[{"taxonomy":"category","embeddable":true,"href":"https:\/\/www.europesays.com\/de\/wp-json\/wp\/v2\/categories?post=264021"},{"taxonomy":"post_tag","embeddable":true,"href":"https:\/\/www.europesays.com\/de\/wp-json\/wp\/v2\/tags?post=264021"}],"curies":[{"name":"wp","href":"https:\/\/api.w.org\/{rel}","templated":true}]}}