{"id":264023,"date":"2025-07-13T03:10:20","date_gmt":"2025-07-13T03:10:20","guid":{"rendered":"https:\/\/www.europesays.com\/de\/264023\/"},"modified":"2025-07-13T03:10:20","modified_gmt":"2025-07-13T03:10:20","slug":"41-im-msv-geheimtest-preussen-presst-sich-zum-sieg-sport","status":"publish","type":"post","link":"https:\/\/www.europesays.com\/de\/264023\/","title":{"rendered":"4:1 im MSV-Geheimtest: Preu\u00dfen presst sich zum Sieg! | Sport"},"content":{"rendered":"<p>Intensiv, lautstark, variabel und stets volle Attacke. Auch im dritten Vorbereitungsspiel in nur sechs Tagen \u00fcberzeugte Zweitligist M\u00fcnster mit einer sehenswerten Vorstellung. Leider erneut unter Ausschluss der \u00d6ffentlichkeit\u2026<\/p>\n<p><b>4:1 im MSV-Geheimtest. Preu\u00dfen presst sich zum Sieg!<\/b><\/p>\n<p>Auf dem Duisburger Trainingsgel\u00e4nde an der Westender Stra\u00dfe kn\u00fcpften die Jungs von Chefcoach Alexander Ende (45) nahtlos an den guten Auftritt drei Tage zuvor gegen KAA Gent (2.3) an.<\/p>\n<p><b>Mit dem Unterschied, dass sie dieses Mal verdient die Oberhand behielten. Was sicherlich auch ein wenig daran lag, dass der Drittliga-Aufsteiger aus dem Ruhrpott nicht ganz an die Qualit\u00e4t des belgischen Erstligisten ranreichte.<\/b><\/p>\n<p><img decoding=\"async\" width=\"992\" height=\"558\" alt=\"M\u00fcnsters Yassine Bouchama (l.) im rassigen Laufduell mit dem Duisburger Niklas Jessen (r.)\" src=\"https:\/\/www.europesays.com\/de\/wp-content\/uploads\/2025\/07\/4cc48e997a7684082cdb604fec5e246a,9de5c1bd\"   class=\"landscape\" loading=\"lazy\"\/><\/p>\n<p class=\"fig__caption__text\">M\u00fcnsters Yassine Bouchama (l.) im rassigen Laufduell mit dem Duisburger Niklas Jessen (r.)<\/p>\n<p>Foto: Jan Fromme \/firo Sportphoto<\/p>\n<p>Trotzdem war\u2018s ein kampfbetontes Duell, in dem Ende wiederum jedem seiner Jungs mindestens 45 Minuten Spielzeit gab. Lediglich Keeper Morten Behrens (29) und Charalambos \u201eBabis\u201c Makridis (29) mussten bei dr\u00fcckender Hitze \u00fcber die gesamte Spielzeit ran. Letzterer allerdings nur, weil sich Leon Tasov (20) beim Aufw\u00e4rmen eine leichte Muskelreizung im rechten Oberschenkel zuzog. Zudem fehlten Malik \u201eBatman\u201c Batmaz (25\/leichte muskul\u00e4re Probleme) und Jakob Korte (22\/Schambein-Entz\u00fcndung).<\/p>\n<p>Das erste Ausrufezeichen dieser Partie setzte Kapit\u00e4n Marc Lorenz (36), als er die Kugel gegen den Querbalken (14.) donnerte. 120 Sekunden sp\u00e4ter lag sie doch im Duisburger Netz. Etienne Amenyido (27) war\u201cs, der mit seinem vierten Treffer im vierten Testspiel f\u00fcr die F\u00fchrung der \u201eAdlertr\u00e4ger\u201c sorgte. Eine starke Quote.<\/p>\n<p><b>Nachdem ausgerechnet Ex-Preu\u00dfe Alexander Hahn (32) im Anschluss an eine Ecke per Kopf den Ausgleich besorgt hatte, scheiterte Lorenz kurz vor der Pause noch einmal mit sehenswertem Direkt-Freisto\u00df an  MSV-Torh\u00fcter Maximilian Braune (22).<\/b><\/p>\n<p>\u00c4rztin und 9 Sprachen flie\u00dfend: DIESER Fu\u00dfball-Star ist ein Multi-Talent<a href=\"https:\/\/www.bild.de\/sport\/fussball\/aerztin-und-9-sprachen-em-star-nadia-nadim-ist-ein-multi-talent-6840b6a0660a5e1c2d9c07d7\" class=\"anchor\" target=\"_blank\" rel=\"noopener\"><img decoding=\"async\" width=\"992\" height=\"558\" alt=\"\u00c4rztin und 9 Sprachen: EM-Star Nadia Nadim ist ein Multi-Talent\" src=\"https:\/\/www.europesays.com\/de\/wp-content\/uploads\/2025\/07\/0e5175a3e2024adb427b0b58a894a6b7-landscape,c9e151f9\"   class=\"landscape teaser__image\" loading=\"lazy\"\/><\/a><\/p>\n<p>Quelle: instagram: @nadi9nadim08.07.2025<\/p>\n<p>Nach den Seitenwechsel drehten die \u201eSchwarz-Wei\u00df-Gr\u00fcnen\u201c den Gashahn dann weiter auf. Kontrollierten Gegner und Partie und schraubten das Ergebnis nach und nach auf 4:1. Zun\u00e4chst erh\u00f6hte Jorrit Hendrix (31) per Bogenlampe auf 2:1, nachdem Schweden-Oscar Vilhelmsson (21) einen Rettungsversuch von Duisburgs neuem Schlussmann Julius Paris (23) erfolgreich geblockt hatte (53.).<\/p>\n<p><b>Exakt eine Stunde war rum, als der Neuzugang aus Darmstadt dem MSV-Torwart das Spielger\u00e4t durch aggressives Pressing erneut vom Fu\u00df stahl und es aus spitzem Winkel elegant zum dritten Mal im \u201eZebra-Kasten\u201c versenkte. Sein Premieren-Tor f\u00fcr Preu\u00dfen.<\/b><\/p>\n<p>W\u00e4hrend die Hausherren im zweiten Durchgang kaum eine nennenswerte Chance verzeichnen konnten, machte Makridis nach perfekter Vorarbeit von Oliver Batista Meier (24) schlie\u00dflich mit einem satten Flachschuss aus rund 20 Metern den Deckel (68.) drauf.<\/p>\n<p><img decoding=\"async\" width=\"992\" height=\"558\" alt=\"Preu\u00dfen-Coach Alexander Ende (M.), hier im Gespr\u00e4ch mit Babis Makridis (l.) und Lars Lokotsch (r.), ist mit dem aktuellen Stand der Vorbereitung zufireden\" src=\"https:\/\/www.europesays.com\/de\/wp-content\/uploads\/2025\/07\/8e0afd321e86c620da7ff4d0f45482d5,d02c902a\"   class=\"landscape\" loading=\"lazy\"\/><\/p>\n<p class=\"fig__caption__text\">Preu\u00dfen-Coach Alexander Ende (M.), hier im Gespr\u00e4ch mit Babis Makridis (l.) und Lars Lokotsch (r.), ist mit dem aktuellen Stand der Vorbereitung zufireden<\/p>\n<p>Foto: Jan Fromme \/firo Sportphoto<\/p>\n<p><b>Klar, dass M\u00fcnsters Trainer, der sich zwischenzeitlich ein hitziges Wortgefecht mit seinem Duisburger Kollegen Dietmar Hirsch (53) geliefert hatte, nach Abpfiff zufrieden war: \u201eMeine Mannschaft setzt die Vorgaben von Mal zu Mal besser um. Gerade das hohe Pressing war im Vergleich zu Gent effektiver.\u201c Wobei ihm mitunter jedoch noch ein wenig die Flexibilit\u00e4t im Aufbau fehlte: \u201eDa m\u00fcssen wir h\u00e4ufiger die Positionen wechseln und den Gegner vor R\u00e4tsel stellen. Sonst wird\u2018s f\u00fcr ihn zu einfach, sich auf uns einzustellen.\u201c<\/b><\/p>\n<p>Bevor am kommenden Freitag (18.6.) Holland-Erstligist Heracles Almelo (Billerbeck\/18 Uhr) wartet, g\u00f6nnt Ende seinen Sch\u00fctzlingen erst einmal eine zweit\u00e4gige Verschnaufpause. Die kann Top-Knipser Joshua Mees (29) besonders gut gebrauchen. In Duisburg feierte er \u2013 exakt 65 Tage nach Sprunggelenks-Verletzung gegen Hertha (8.5.\/2:0) \u2013 zwar sein Comeback. Aber schon nach 20 Minuten musste er mit Verdacht auf eine Innenband-Verletzung im Knie wieder vom Feld. <\/p>\n<p><img decoding=\"async\" width=\"992\" height=\"558\" alt=\"Preu\u00dfen-Physio Kira Loose k\u00fcmmert sich um den erneut angeschlagenen St\u00fcrmer Joshua Mees\" src=\"https:\/\/www.europesays.com\/de\/wp-content\/uploads\/2025\/07\/2edb98cc8d251356cae34a09f7c52b5a,e119032d\"   class=\"landscape\" loading=\"lazy\"\/><\/p>\n<p class=\"fig__caption__text\">Preu\u00dfen-Physio Kira Loose k\u00fcmmert sich um den erneut angeschlagenen St\u00fcrmer Joshua Mees<\/p>\n<p>Foto: Jan Fromme \/firo Sportphoto<\/p>\n<p><b>Preu\u00dfen, 1. H\u00e4lfte:<\/b> Behrens &#8211; Makridis, Scherder, Koulis, Bolay &#8211; Prei\u00dfinger &#8211; Bouchama, Lorenz, Schulz &#8211; Amenyido, Lokotsch<\/p>\n<p><b>Preu\u00dfen, 2. H\u00e4lfte:<\/b> Behrens &#8211; Meyerh\u00f6fer, ter Horst, Paetow, Kirkeskov &#8211; Benger &#8211; Hendrix, Mees (70. Benjamins) &#8211; Batista Meier &#8211; Vilhelmsson, Makridis.<\/p>\n","protected":false},"excerpt":{"rendered":"Intensiv, lautstark, variabel und stets volle Attacke. Auch im dritten Vorbereitungsspiel in nur sechs Tagen \u00fcberzeugte Zweitligist M\u00fcnster&hellip;\n","protected":false},"author":2,"featured_media":264024,"comment_status":"","ping_status":"","sticky":false,"template":"","format":"standard","meta":{"footnotes":""},"categories":[1838],"tags":[7658,7665,7659,7654,3364,29,481,5085,3715,7663,30,7662,7664,7660,7661,3721,8970,7666,7653,1209,7655,7650,7651,7656,819,7657,7652,45,784],"class_list":{"0":"post-264023","1":"post","2":"type-post","3":"status-publish","4":"format-standard","5":"has-post-thumbnail","7":"category-duisburg","8":"tag-alsmann-goetz","9":"tag-amenyido-etienne","10":"tag-brinkmann-ansgar","11":"tag-daube-dennis","12":"tag-de","13":"tag-deutschland","14":"tag-dfb","15":"tag-dfl","16":"tag-duisburg","17":"tag-fridjonsson-holmbert-aron","18":"tag-germany","19":"tag-hendrix-jorrit","20":"tag-kinsombi-david","21":"tag-kirkeskov-mikkel","22":"tag-mees-joshua","23":"tag-msv-duisburg","24":"tag-muenster","25":"tag-nemeth-andras","26":"tag-niemeyer-peter","27":"tag-nordrhein-westfalen","28":"tag-pander-christian","29":"tag-preussen-muenster","30":"tag-preussenstadion","31":"tag-schuth-joachim","32":"tag-sport-leuchtturm-essen","33":"tag-sport-bild","34":"tag-straesser-christoph","35":"tag-texttospeech","36":"tag-zweite-bundesliga"},"share_on_mastodon":{"url":"https:\/\/pubeurope.com\/@de\/114843735247070380","error":""},"_links":{"self":[{"href":"https:\/\/www.europesays.com\/de\/wp-json\/wp\/v2\/posts\/264023","targetHints":{"allow":["GET"]}}],"collection":[{"href":"https:\/\/www.europesays.com\/de\/wp-json\/wp\/v2\/posts"}],"about":[{"href":"https:\/\/www.europesays.com\/de\/wp-json\/wp\/v2\/types\/post"}],"author":[{"embeddable":true,"href":"https:\/\/www.europesays.com\/de\/wp-json\/wp\/v2\/users\/2"}],"replies":[{"embeddable":true,"href":"https:\/\/www.europesays.com\/de\/wp-json\/wp\/v2\/comments?post=264023"}],"version-history":[{"count":0,"href":"https:\/\/www.europesays.com\/de\/wp-json\/wp\/v2\/posts\/264023\/revisions"}],"wp:featuredmedia":[{"embeddable":true,"href":"https:\/\/www.europesays.com\/de\/wp-json\/wp\/v2\/media\/264024"}],"wp:attachment":[{"href":"https:\/\/www.europesays.com\/de\/wp-json\/wp\/v2\/media?parent=264023"}],"wp:term":[{"taxonomy":"category","embeddable":true,"href":"https:\/\/www.europesays.com\/de\/wp-json\/wp\/v2\/categories?post=264023"},{"taxonomy":"post_tag","embeddable":true,"href":"https:\/\/www.europesays.com\/de\/wp-json\/wp\/v2\/tags?post=264023"}],"curies":[{"name":"wp","href":"https:\/\/api.w.org\/{rel}","templated":true}]}}