{"id":264027,"date":"2025-07-13T03:12:26","date_gmt":"2025-07-13T03:12:26","guid":{"rendered":"https:\/\/www.europesays.com\/de\/264027\/"},"modified":"2025-07-13T03:12:26","modified_gmt":"2025-07-13T03:12:26","slug":"deal-eingelocht-ex-wac-spieler-unterschreibt-bei-nuernberg","status":"publish","type":"post","link":"https:\/\/www.europesays.com\/de\/264027\/","title":{"rendered":"&#8222;Deal eingelocht&#8220;: Ex-WAC-Spieler unterschreibt bei N\u00fcrnberg"},"content":{"rendered":"\n<p>Der 1. FC N\u00fcrnberg hat den Transfer von <a class=\"tag\" data-count=\"65\" target=\"_self\" href=\"https:\/\/www.laola1.at\/de\/daten\/news\/luka-lochoshvili\/\" rel=\"nofollow noopener\">Luka Lochoshvili<\/a> bekannt gegeben. &#8222;Deal eingelocht&#8220;, kommentierte der deutsche Zweitligist in Anlehnung an den Nachnamen des Abwehrspielers das Video zu der Verpflichtung.<\/p>\n<p>Lochoshvili kommt von <a class=\"tag\" data-count=\"66\" target=\"_self\" href=\"https:\/\/www.laola1.at\/de\/daten\/news\/fussball\/us-cremonese\/\" rel=\"nofollow noopener\">US Cremonese<\/a>, laut der &#8222;BILD&#8220; betr\u00e4gt die Abl\u00f6sesumme eine Million Euro.<\/p>\n<p>&#8222;Wir freuen uns sehr dar\u00fcber, dass sich Luka f\u00fcr unseren Weg entschieden hat. Mit seiner Erfahrung, seinen fu\u00dfballerischen Qualit\u00e4ten und seiner Physis ist er ein absoluter Gewinn f\u00fcr unsere Mannschaft, er wird sowohl auf als auch neben dem Platz mit seiner Mentalit\u00e4t vorangehen&#8220;, sagte Sport-Vorstand Joti Chatzialexiou \u00fcber den 27-j\u00e4hrigen Linksfu\u00df.<\/p>\n<p> Mit dem FIFA Fair Play Award ausgezeichnet <\/p>\n<p>Lochoshvili hatte zwischen 2020 und 2022 in \u00d6sterreich beim Wolfsberger AC gespielt, ehe er nach Italien zu US Cremonese wechselte. In der R\u00fcckrunde der Saison 2024\/25 lief der georgische Nationalspieler (23 Eins\u00e4tze) leihweise f\u00fcr US Salernitana in der Serie B auf. Cremonese schaffte den Aufstieg in die <a class=\"superTag\" target=\"_self\" href=\"https:\/\/www.laola1.at\/de\/daten\/news\/fussball\/serie-a\/\" rel=\"nofollow noopener\">Serie A<\/a>.<\/p>\n<p>Im Februar 2023 wurde Lochoshvili mit dem <a class=\"tag\" data-count=\"958\" target=\"_self\" href=\"https:\/\/www.laola1.at\/de\/daten\/news\/fifa\/\" rel=\"nofollow noopener\">FIFA<\/a> Fair Play Award ausgezeichnet. Im Jahr zuvor leistete er in der Partie zwischen der Wiener Austria und dem WAC Erste Hilfe an FAK-Spieler <a class=\"tag\" data-count=\"207\" target=\"_self\" href=\"https:\/\/www.laola1.at\/de\/daten\/news\/georg-teigl\/\" rel=\"nofollow noopener\">Georg Teigl<\/a>, der ungl\u00fccklich mit dem Knie am Kopf getroffen wurde und dadurch das Bewusstsein verlor.<\/p>\n<blockquote class=\"instagram-media\" data-instgrm-captioned=\"\" data-instgrm-permalink=\"https:\/\/www.instagram.com\/reel\/DL_59J1NC-o\/?utm_source=ig_embed&amp;utm_campaign=loading\" data-instgrm-version=\"14\" style=\" background:#FFF; border:0; border-radius:3px; box-shadow:0 0 1px 0 rgba(0,0,0,0.5),0 1px 10px 0 rgba(0,0,0,0.15); margin: 1px; max-width:540px; min-width:326px; padding:0; width:99.375%; width:-webkit-calc(100% - 2px); width:calc(100% - 2px);\"\/>\n<p>Wie findest du diesen Artikel?<br \/>\n   <script async src=\"\/\/www.instagram.com\/embed.js\"><\/script><\/p>\n","protected":false},"excerpt":{"rendered":"Der 1. FC N\u00fcrnberg hat den Transfer von Luka Lochoshvili bekannt gegeben. &#8222;Deal eingelocht&#8220;, kommentierte der deutsche Zweitligist&hellip;\n","protected":false},"author":2,"featured_media":264028,"comment_status":"","ping_status":"","sticky":false,"template":"","format":"standard","meta":{"footnotes":""},"categories":[1837],"tags":[783,21267,772,3364,29,21269,347,21268,30,79386,3783,3165,79385],"class_list":{"0":"post-264027","1":"post","2":"type-post","3":"status-publish","4":"format-standard","5":"has-post-thumbnail","7":"category-nuernberg","8":"tag-1-fc-nuernberg","9":"tag-2-deutsche-bundesliga","10":"tag-bayern","11":"tag-de","12":"tag-deutschland","13":"tag-deutschland-fussball","14":"tag-fussball","15":"tag-fussball-international","16":"tag-germany","17":"tag-luka-lochoshvili","18":"tag-nuernberg","19":"tag-transfermarkt","20":"tag-us-cremonese"},"share_on_mastodon":{"url":"https:\/\/pubeurope.com\/@de\/114843742643447302","error":""},"_links":{"self":[{"href":"https:\/\/www.europesays.com\/de\/wp-json\/wp\/v2\/posts\/264027","targetHints":{"allow":["GET"]}}],"collection":[{"href":"https:\/\/www.europesays.com\/de\/wp-json\/wp\/v2\/posts"}],"about":[{"href":"https:\/\/www.europesays.com\/de\/wp-json\/wp\/v2\/types\/post"}],"author":[{"embeddable":true,"href":"https:\/\/www.europesays.com\/de\/wp-json\/wp\/v2\/users\/2"}],"replies":[{"embeddable":true,"href":"https:\/\/www.europesays.com\/de\/wp-json\/wp\/v2\/comments?post=264027"}],"version-history":[{"count":0,"href":"https:\/\/www.europesays.com\/de\/wp-json\/wp\/v2\/posts\/264027\/revisions"}],"wp:featuredmedia":[{"embeddable":true,"href":"https:\/\/www.europesays.com\/de\/wp-json\/wp\/v2\/media\/264028"}],"wp:attachment":[{"href":"https:\/\/www.europesays.com\/de\/wp-json\/wp\/v2\/media?parent=264027"}],"wp:term":[{"taxonomy":"category","embeddable":true,"href":"https:\/\/www.europesays.com\/de\/wp-json\/wp\/v2\/categories?post=264027"},{"taxonomy":"post_tag","embeddable":true,"href":"https:\/\/www.europesays.com\/de\/wp-json\/wp\/v2\/tags?post=264027"}],"curies":[{"name":"wp","href":"https:\/\/api.w.org\/{rel}","templated":true}]}}