{"id":264109,"date":"2025-07-13T03:56:19","date_gmt":"2025-07-13T03:56:19","guid":{"rendered":"https:\/\/www.europesays.com\/de\/264109\/"},"modified":"2025-07-13T03:56:19","modified_gmt":"2025-07-13T03:56:19","slug":"neues-welterbe-neuschwanstein-und-koenigsschloesser-von-der-unesco-ausgezeichnet-bayern","status":"publish","type":"post","link":"https:\/\/www.europesays.com\/de\/264109\/","title":{"rendered":"Neues Welterbe: Neuschwanstein und K\u00f6nigsschl\u00f6sser von der Unesco ausgezeichnet &#8211; Bayern"},"content":{"rendered":"<p data-manual=\"paragraph\" data-schema-org-speakable=\"true\" class=\"css-1ylqqlw\">In einem Punkt hat die Unesco der deutschen Bewerbung eine klare Abfuhr erteilt. Der Titel war der Kommission offenbar zu schwulstig, die Runde hat es gerne n\u00fcchtern. Insofern muss der Zusatz \u201eGebaute Tr\u00e4ume\u201c gestrichen werden. Das neue Welterbe, die 55. St\u00e4tte in Deutschland und die elfte in <a href=\"https:\/\/www.sueddeutsche.de\/thema\/Bayern\" rel=\"nofollow noopener\" target=\"_blank\">Bayern<\/a>, tr\u00e4gt nun also den schmucklosen Namen: \u201eDie Schl\u00f6sser K\u00f6nig Ludwigs II. von Bayern: Neuschwanstein, Linderhof, Schachen und Herrenchiemsee.\u201c<\/p>\n<p data-manual=\"paragraph\" data-schema-org-speakable=\"true\" class=\"css-1ylqqlw\">Dabei ist der Begriff \u201egebaute Tr\u00e4ume\u201c nur auf den ersten Blick kitschig. Die deutschen Bewerber schreiben nicht zu Unrecht von den Schl\u00f6ssern als \u201ealternative Welten\u201c, die wie wenig andere Monumente die Fantasie von Menschen aus allen Kulturen der Welt ansprechen. \u201eUniverselle Ikonen der M\u00e4rchenwelt\u201c seien die Schl\u00f6sser, allen voran nat\u00fcrlich Neuschwanstein im <a href=\"https:\/\/www.sueddeutsche.de\/thema\/Allg%C3%A4u\" rel=\"nofollow noopener\" target=\"_blank\">Allg\u00e4u<\/a>, weltweit nachgebildet und Vorlage f\u00fcr Walt Disneys Cinderella-Schloss.<\/p>\n<p data-manual=\"paragraph\" data-schema-org-speakable=\"true\" class=\"css-1ylqqlw\">Vor allem die zahlreichen Touristen, die die Bauwerke jedes Jahr besuchen, d\u00fcrfte es gewundert haben, dass die Schl\u00f6sser bisher noch nicht den Welterbe-Titel trugen. F\u00fcr den Freistaat ist der am Samstag offiziell von der Unesco verliehene Titel nun allerdings auch Verpflichtung, die Schl\u00f6sser in Schuss zu halten, wie Ministerpr\u00e4sident Markus S\u00f6der (CSU) nach dem \u201eweltweiten Ritterschlag\u201c durch die Unesco betont.<\/p>\n<p><a href=\"https:\/\/www.sueddeutsche.de\/bayern\/bayern-whatsapp-kanal-sueddeutsche-zeitung-anmeldung-abonniere-lux.53Kn45a8k7kuCphD9cvyfg\" aria-label=\"Artikelverlinkung:\" data-track-szde=\"{&quot;event&quot;:&quot;teaser_clicked&quot;,&quot;teaser_clicked&quot;:{&quot;article_title&quot;:&quot;nachrichten_aus_der_bayern_redaktion_jetzt_auf_whatsapp_abonnieren&quot;,&quot;doctype&quot;:&quot;&quot;,&quot;label&quot;:&quot;&quot;,&quot;main_topic&quot;:&quot;bayern&quot;,&quot;object_id&quot;:&quot;lux.53Kn45a8k7kuCphD9cvyfg&quot;,&quot;pcat&quot;:&quot;metered&quot;,&quot;section&quot;:&quot;bayern&quot;,&quot;teaser_type&quot;:&quot;article_teaser_top&quot;}}\" data-manual=\"teaser-url\" data-tb-link=\"\" aria-labelledby=\"teaser-httpswwwsueddeutschedebayernbayern-whatsapp-kanal-sueddeutsche-zeitung-anmeldung-abonniere-lux53Kn45a8k7kuCphD9cvyfg\" class=\"css-14tg8sh\" rel=\"nofollow noopener\" target=\"_blank\"><img decoding=\"async\" src=\"https:\/\/www.europesays.com\/de\/wp-content\/uploads\/2025\/07\/1752378977_858_9eb3992c-8ccd-422c-b33d-55d59e50937d.jpeg\"   alt=\"\" loading=\"lazy\" class=\"css-8atqhb\"\/><\/p>\n<p>SZ Bayern auf Whatsapp<\/p>\n<p>:Nachrichten aus der Bayern-Redaktion \u2013 jetzt auf Whatsapp abonnieren<\/p>\n<p class=\"css-a6ecqs\" data-manual=\"teaser-text\" data-tb-description=\"\" data-schema-org-speakable=\"true\">Von Aschaffenburg bis Berchtesgaden: Das Bayern-Team der SZ ist im gesamten Freistaat f\u00fcr Sie unterwegs. Hier entlang, wenn Sie Geschichten, News und Hintergr\u00fcnde direkt aufs Handy bekommen m\u00f6chten.<\/p>\n<p data-manual=\"paragraph\" data-schema-org-speakable=\"true\" class=\"css-1ylqqlw\">Gerade in Schwangau, zu F\u00fc\u00dfen des Schlosses Neuschwanstein, wo sie die Verleihung im Livestream bei Wei\u00dfwurst und Freibier geschaut haben, waren sich ja zun\u00e4chst nicht alle einig gewesen, ob solch ein Welterbe-Titel segensreich wirkt oder doch nur Probleme mit sich bringt. \u201eKommen dann noch mehr Touristen?\u201c, war eine dieser zentralen Fragen. In einem B\u00fcrgerentscheid hatten die Schwangauer dann doch f\u00fcr eine Bewerbung gestimmt, die ohne das Zugpferd Neuschwanstein auch f\u00fcr die \u00fcbrigen Schl\u00f6sser nicht eingereicht worden w\u00e4re. \u201eJetzt\u201c, sagt B\u00fcrgermeister Stefan Rinke, \u201esind alle im Ort stolz, dass das Schloss Welterbe ist. Wir sehen darin viele Chancen.\u201c<\/p>\n<p data-manual=\"paragraph\" data-schema-org-speakable=\"true\" class=\"css-1ylqqlw\">\u201eDie Aufnahme der Schl\u00f6sser in die Welterbeliste ist eine herausragende W\u00fcrdigung dieser eindrucksvollen Orte\u201c, sagte die Pr\u00e4sidentin der Deutschen Unesco-Kommission, Maria B\u00f6hmer. \u201eSie sind allesamt architektonische Meisterwerke und zeugen von der k\u00fcnstlerischen Vorstellungskraft, aber auch der Exzentrik des M\u00e4rchenk\u00f6nigs.\u201c Finanzminister Albert F\u00fcracker (CSU) sagte, die bayerischen Schl\u00f6sser bef\u00e4nden sich damit auf einem Niveau mit weltweiten Baudenkm\u00e4lern wie der Akropolis in Athen oder Schloss Versailles.<\/p>\n<p data-manual=\"paragraph\" data-schema-org-speakable=\"true\" class=\"css-1ylqqlw\">Solch ein Unesco-Titel soll f\u00fcr alle etwas abwerfen, betont auch der Ministerpr\u00e4sident. Und tats\u00e4chlich schreibt die Unesco den neuen Welterbe-Schl\u00f6ssern einige Auflagen vor, die einzuhalten sind\u00a0\u2013 und nicht nur Einheimische erfreuen werden, die unter Andrang und Verkehrsbelastung leiden. So fordert die Unesco eine Besucherlenkungsstrategie, um Auswirkungen des Massentourismus abzumildern.<\/p>\n<p data-manual=\"paragraph\" data-schema-org-speakable=\"true\" class=\"css-1ylqqlw\">Vor Corona waren es 1,4 Millionen Besucher j\u00e4hrlich, der Freistaat als Eigent\u00fcmer Neuschwansteins und der anderen Bauten hat in den vergangenen Jahren ohnehin bereits die Besucherzahl gedeckelt, 2024 waren es noch 1,1 Millionen Schaulustige. Die Unesco hat oft betont, dass es ihr nicht darum gehe, mit dem Welterbe-Status mehr Touristen anzulocken. Im Gegenteil: Solch ein Titel soll Kultur- und Naturst\u00e4tten bewahren.<\/p>\n<p><a href=\"https:\/\/www.sueddeutsche.de\/bayern\/hohenschwangau-schloss-neuschwanstein-ludwig-ii-koenigsschloesser-welterbe-quiz-li.3282852\" aria-label=\"Artikelverlinkung:\" data-track-szde=\"{&quot;event&quot;:&quot;teaser_clicked&quot;,&quot;teaser_clicked&quot;:{&quot;article_title&quot;:&quot;was_wissen_sie_ueber_neuschwanstein&quot;,&quot;doctype&quot;:&quot;&quot;,&quot;label&quot;:&quot;&quot;,&quot;main_topic&quot;:&quot;leben_und_gesellschaft_in_bayern&quot;,&quot;object_id&quot;:&quot;li.3282852&quot;,&quot;pcat&quot;:&quot;metered&quot;,&quot;section&quot;:&quot;bayern&quot;,&quot;teaser_type&quot;:&quot;article_teaser_top&quot;}}\" data-manual=\"teaser-url\" data-tb-link=\"\" aria-labelledby=\"teaser-httpswwwsueddeutschedebayernhohenschwangau-schloss-neuschwanstein-ludwig-ii-koenigsschloesser-welterbe-quiz-li3282852\" class=\"css-14tg8sh\" rel=\"nofollow noopener\" target=\"_blank\"><img decoding=\"async\" src=\"https:\/\/www.europesays.com\/de\/wp-content\/uploads\/2025\/07\/ae041c1d-2415-4cbd-8f43-70584898e56c.jpg\"   alt=\"\" loading=\"lazy\" class=\"css-8atqhb\"\/><\/p>\n<p>Quiz zum M\u00e4rchenschloss im Allg\u00e4u<\/p>\n<p>:Was wissen Sie \u00fcber Neuschwanstein?<\/p>\n<p class=\"css-a6ecqs\" data-manual=\"teaser-text\" data-tb-description=\"\" data-schema-org-speakable=\"true\">Schloss Neuschwanstein geh\u00f6rt zu den bekanntesten Bauwerken \u2013 weit \u00fcber Bayern hinaus. Doch wie lange dauerte es, die Burg im Allg\u00e4u zu erbauen und wann kamen die ersten Besucher? Testen Sie Ihr Wissen \u00fcber das Schloss, das nun Welterbe werden soll.<\/p>\n<p data-manual=\"paragraph\" data-schema-org-speakable=\"true\" class=\"css-1ylqqlw\">Die Unesco regt au\u00dferdem eine Steuerungsgruppe f\u00fcr die Welterbest\u00e4tten an sowie ein Gesamtkonzept, das regionale Wirtschaft, Einwohner und die nat\u00fcrliche Umgebung einbezieht. Lokale Beh\u00f6rden wie die Gemeinde Schwangau sollten besser eingebunden werden. Auch die Unesco selbst beh\u00e4lt die mehr als 1200 Welterbest\u00e4tten weltweit nach der Ernennung im Blick. Die Wieskirche zum Beispiel liegt keine 20 Kilometer von Neuschwanstein entfernt im oberbayerischen Pfaffenwinkel und z\u00e4hlt als Juwel des Rokoko schon seit 1983 zum Welterbe. Damit wiederum zehn Kilometer weiter n\u00f6rdlich bei Peiting drei Windr\u00e4der gebaut werden d\u00fcrfen, <a href=\"https:\/\/www.sueddeutsche.de\/bayern\/wieskirche-windraeder-welterbe-lux.4s6qTNJN8kteb7dm8sMirU\" rel=\"nofollow noopener\" target=\"_blank\">verlangten die Unesco-Berater ein in jeder Hinsicht umfassendes Denkmalkonzept f\u00fcr die Wies und ihre weitere Umgebung<\/a>. Was es bedeutet, den Empfehlungen der Unesco nicht nachzukommen, das hat das Dresdner Elbtal im Jahr 2009 erfahren: Der Bau einer neuen Br\u00fccke f\u00fchrte damals zum Verlust des Welterbetitels.<\/p>\n<p>Kunst und Kultur, Kitsch und Klischee<\/p>\n<p data-manual=\"paragraph\" data-schema-org-speakable=\"true\" class=\"css-1ylqqlw\">Soweit soll es bei den bayerischen K\u00f6nigsschl\u00f6ssern nicht kommen. \u201eWir wollen unser kulturelles Erbe bewahren und f\u00fcr kommende Generationen erhalten\u201c, sagt S\u00f6der.\u00a0In Linderhof und umfassend in Neuschwanstein ist ja erst teuer renoviert worden. Die Schl\u00f6sser, das erkennt die Unesco ausdr\u00fccklich an, sind in bestem Zustand. 43 Millionen Euro hat der Freistaat seit 1994 etwa ins Allg\u00e4uer M\u00e4rchenschloss investiert, 22 Millionen Euro davon allein in den vergangenen acht Jahren f\u00fcr die Restaurierung der Prunkr\u00e4ume. Mitarbeiter von 50 Firmen waren in insgesamt 250 000 Arbeitsstunden damit besch\u00e4ftigt, 2300 verschiedene Gegenst\u00e4nde, Holzbauteile sowie Fenster und T\u00fcren zu sanieren.<\/p>\n<p data-manual=\"paragraph\" data-schema-org-speakable=\"true\" class=\"css-1ylqqlw\">Neuschwanstein, sagt S\u00f6der, sei \u201edas gro\u00dfe Wahrzeichen Bayerns\u201c, mit Kunst und Kultur, aber auch mit etwas Kitsch und Klischee. K\u00f6nig Ludwig II. schuf sich einen von den Opern Richard Wagners inspirierten, romantischen Sehnsuchtsort\u00a0\u2013 mit den neuesten technischen Annehmlichkeiten wie flie\u00dfendem Wasser oder automatischen Drehspie\u00dfen in der K\u00fcche.<\/p>\n<p><img decoding=\"async\" alt=\"Schloss Herrenchiemsee mit dem Fortuna-Brunnen auf der Herreninsel im Chiemsee.\" data-manual=\"overline, headerImageCaption, headerImageSrc, headerImageSrcSet\" data-testid=\"responsive-image\" loading=\"lazy\"  src=\"https:\/\/www.europesays.com\/de\/wp-content\/uploads\/2025\/07\/bb1c858e-97a0-4cb8-a052-aa1be8f02d17.jpg\"  role=\"button\" tabindex=\"0\" class=\"css-y4bre2\"\/>Schloss Herrenchiemsee mit dem Fortuna-Brunnen auf der Herreninsel im Chiemsee. (Foto: Karl-Josef Hildenbrand\/dpa)<\/p>\n<p data-manual=\"paragraph\" data-schema-org-speakable=\"true\" class=\"css-1ylqqlw\">Die Schl\u00f6sser Herrenchiemsee und Linderhof zum Beispiel warten jeweils mit einem \u201eTischlein-deck-dich\u201c auf: einer Tafel, die sich eine Etage tiefer mit Speisen und Geschirr best\u00fccken und dann komplett ins Speisezimmer des K\u00f6nigs hinauf kurbeln lie\u00df, damit seine Majest\u00e4t nicht von servierenden Dienern behelligt werden musste. Beide Bauten sollten Abbilder von Schl\u00f6ssern des absolutistischen franz\u00f6sischen Sonnenk\u00f6nigs Ludwig XIV. sein \u2013 Herrenchiemsee von Versailles und Linderhof vom nicht mehr existierenden Lustschloss Marly.<\/p>\n<p><img decoding=\"async\" alt=\"Schloss Linderhof mit Parkanlage ist evrgleichsweise klein.\" data-manual=\"overline, headerImageCaption, headerImageSrc, headerImageSrcSet\" data-testid=\"responsive-image\" loading=\"lazy\"  src=\"https:\/\/www.europesays.com\/de\/wp-content\/uploads\/2025\/07\/62e3b08d-b015-4346-b6c7-b0be9f26557b.jpg\"  role=\"button\" tabindex=\"0\" class=\"css-y4bre2\"\/>Schloss Linderhof mit Parkanlage ist evrgleichsweise klein. (Foto: Sven Hoppe\/dpa)<\/p>\n<p data-manual=\"paragraph\" data-schema-org-speakable=\"true\" class=\"css-1ylqqlw\">Anders als Herrenchiemsee und auch Neuschwanstein ist das vergleichsweise kleine Linderhof zu Ludwigs Lebzeiten wenigstens einigerma\u00dfen fertig geworden, einschlie\u00dflich der ber\u00fchmten <a href=\"https:\/\/www.sueddeutsche.de\/bayern\/linderhof-wiedereroeffnung-venusgrotte-sanierung-li.3244809\" rel=\"nofollow noopener\" target=\"_blank\">Venusgrotte, die nach jahrelanger, aufwendiger Sanierung seit dem Fr\u00fchjahr wieder f\u00fcr Besucher zug\u00e4nglich ist<\/a>. Die opernselige Grotte verf\u00fcgte schon damals \u00fcber eine elektrische Effektbeleuchtung und einen Wellengenerator, die vom ersten Elektrizit\u00e4tswerk in Bayern gespeist wurden.<\/p>\n<p><img decoding=\"async\" alt=\"Auf 1866 Meter H\u00f6he steht das K\u00f6nigshaus am Schachen.\" data-manual=\"overline, headerImageCaption, headerImageSrc, headerImageSrcSet\" data-testid=\"responsive-image\" loading=\"lazy\"  src=\"https:\/\/www.europesays.com\/de\/wp-content\/uploads\/2025\/07\/fae32e68-c1f4-4280-a9ed-37a652ee137a.jpg\"  role=\"button\" tabindex=\"0\" class=\"css-y4bre2\"\/>Auf 1866 Meter H\u00f6he steht das K\u00f6nigshaus am Schachen. (Foto: Angelika Warmuth\/dpa)<\/p>\n<p data-manual=\"paragraph\" data-schema-org-speakable=\"true\" class=\"css-1ylqqlw\">Das K\u00f6nigshaus am Schachen auf 1866 Metern H\u00f6he im Wettersteingebirge wirkt da auf den ersten Blick schon fast bescheiden. Von au\u00dfen und auch im Erdgeschoss ist es wie eines jener \u201eSchweizerh\u00e4user\u201c gestaltet, die im 19. Jahrhundert als alpine Ferienh\u00e4user in Mode waren. Im ersten Stock jedoch entfaltet der sogenannte T\u00fcrkische Saal die altorientalische Pracht einer weiteren Fantasiewelt des einsamen Monarchen, der sich gerne und oft in die Bergwelt zur\u00fcckgezogen und am Schachen jedes Jahr\u00a0am 15. August seinen Namens- und Geburtstag gefeiert hat.<\/p>\n<p data-manual=\"paragraph\" data-schema-org-speakable=\"true\" class=\"css-1ylqqlw\">Welterbetitel hin oder her: Das K\u00f6nigshaus ist viel zu abgelegen, um richtige Touristenmassen anzuziehen. Keine 7000 Besucher wurden im vergangenen Jahr dort droben gez\u00e4hlt. Auch das weit hinten im Graswangtal gelegene Linderhof mit rund 350 000 G\u00e4sten und Herrenchiemsee mit seiner Insellage und rund 310 000 Besuchern stehen diesbez\u00fcglich deutlich im Schatten Neuschwansteins.<\/p>\n<p data-manual=\"paragraph\" data-schema-org-speakable=\"true\" class=\"css-1ylqqlw\">Ludwig II. selbst blieb in all seinen Schl\u00f6ssern ohnehin bevorzugt allein oder bestenfalls in imaginierter Gesellschaft. Er h\u00e4tte seine gesammelten Bauten am liebsten \u00fcberhaupt niemandem vererbt. Stattdessen hat er mit dem Gedanken gespielt, das alles nach seinem Tod sprengen und abrei\u00dfen zu lassen. Aber auf ihn hat am Ende niemand mehr geh\u00f6rt, am allerwenigsten sein eigener Regierungsapparat. Und sp\u00e4testens jetzt geh\u00f6rt das Erbe des ber\u00fchmtesten Bayernk\u00f6nigs der ganzen Welt.<\/p>\n","protected":false},"excerpt":{"rendered":"In einem Punkt hat die Unesco der deutschen Bewerbung eine klare Abfuhr erteilt. Der Titel war der Kommission&hellip;\n","protected":false},"author":2,"featured_media":264110,"comment_status":"","ping_status":"","sticky":false,"template":"","format":"standard","meta":{"footnotes":""},"categories":[5],"tags":[16733,772,79593,24208,13,79795,79794,20530,23730,14,15,2339,1181,12,79796,26166,79797,149,10,8,9,11,79798],"class_list":{"0":"post-264109","1":"post","2":"type-post","3":"status-publish","4":"format-standard","5":"has-post-thumbnail","7":"category-nachrichten","8":"tag-allgaeu","9":"tag-bayern","10":"tag-chiemsee","11":"tag-geschichte-bayerns","12":"tag-headlines","13":"tag-herrenchiemsee","14":"tag-koenig-ludwig-ii","15":"tag-kultur-in-bayern","16":"tag-leben-und-gesellschaft-in-bayern","17":"tag-nachrichten","18":"tag-news","19":"tag-oberbayern","20":"tag-politik-bayern","21":"tag-schlagzeilen","22":"tag-schloss-linderhof","23":"tag-schloss-neuschwanstein","24":"tag-schloesser-und-burgen","25":"tag-sueddeutsche-zeitung","26":"tag-top-news","27":"tag-top-meldungen","28":"tag-topmeldungen","29":"tag-topnews","30":"tag-unesco-weltkulturerbe"},"share_on_mastodon":{"url":"https:\/\/pubeurope.com\/@de\/114843915904807499","error":""},"_links":{"self":[{"href":"https:\/\/www.europesays.com\/de\/wp-json\/wp\/v2\/posts\/264109","targetHints":{"allow":["GET"]}}],"collection":[{"href":"https:\/\/www.europesays.com\/de\/wp-json\/wp\/v2\/posts"}],"about":[{"href":"https:\/\/www.europesays.com\/de\/wp-json\/wp\/v2\/types\/post"}],"author":[{"embeddable":true,"href":"https:\/\/www.europesays.com\/de\/wp-json\/wp\/v2\/users\/2"}],"replies":[{"embeddable":true,"href":"https:\/\/www.europesays.com\/de\/wp-json\/wp\/v2\/comments?post=264109"}],"version-history":[{"count":0,"href":"https:\/\/www.europesays.com\/de\/wp-json\/wp\/v2\/posts\/264109\/revisions"}],"wp:featuredmedia":[{"embeddable":true,"href":"https:\/\/www.europesays.com\/de\/wp-json\/wp\/v2\/media\/264110"}],"wp:attachment":[{"href":"https:\/\/www.europesays.com\/de\/wp-json\/wp\/v2\/media?parent=264109"}],"wp:term":[{"taxonomy":"category","embeddable":true,"href":"https:\/\/www.europesays.com\/de\/wp-json\/wp\/v2\/categories?post=264109"},{"taxonomy":"post_tag","embeddable":true,"href":"https:\/\/www.europesays.com\/de\/wp-json\/wp\/v2\/tags?post=264109"}],"curies":[{"name":"wp","href":"https:\/\/api.w.org\/{rel}","templated":true}]}}