{"id":264210,"date":"2025-07-13T04:58:14","date_gmt":"2025-07-13T04:58:14","guid":{"rendered":"https:\/\/www.europesays.com\/de\/264210\/"},"modified":"2025-07-13T04:58:14","modified_gmt":"2025-07-13T04:58:14","slug":"17-jaehriger-ohne-fuehrerschein-stirbt-bei-autounfall","status":"publish","type":"post","link":"https:\/\/www.europesays.com\/de\/264210\/","title":{"rendered":"17-J\u00e4hriger ohne F\u00fchrerschein stirbt bei Autounfall"},"content":{"rendered":"<p>Am fr\u00fchen Samstagmorgen hat sich in Wolfratshausen ein schwerer Unfall ereignet, bei dem ein 17-J\u00e4hriger ums Leben kam und ein 19-J\u00e4hriger leicht verletzt wurde.<\/p>\n<p>Wie die <a href=\"https:\/\/www.abendzeitung-muenchen.de\/organisation\/polizei\/\" target=\"_blank\" rel=\"noopener\">Polizei<\/a> berichtet, war der 17-J\u00e4hrige aus Wolfratshausen, der keinen F\u00fchrerschein besa\u00df, gegen 2.29 Uhr mit einem <a href=\"https:\/\/www.abendzeitung-muenchen.de\/organisation\/volkswagen-ag\/\" target=\"_blank\" rel=\"noopener\">VW<\/a> mit \u00fcberh\u00f6hter Geschwindigkeit auf der K\u00f6nigsdorfer Stra\u00dfe unterwegs. Mit im Auto sa\u00df ein 19-J\u00e4hriger aus M\u00fcnchen.<\/p>\n<p><img decoding=\"async\" src=\"https:\/\/www.abendzeitung-muenchen.de\/design\/images\/muc_silhouette_short.svg\"\/><\/p>\n<p>17-J\u00e4hriger baut Unfall und erliegt seinen Verletzungen<\/p>\n<p>Aus nicht n\u00e4her genannten Gr\u00fcnden kam der 17-J\u00e4hrige von der Fahrbahn ab und der VW prallte frontal gegen ein Hauseck, wobei der Teenager im Fahrzeug eingeklemmt wurde.<\/p>\n<p>Die alarmierte Streifenwagenbesatzung befreite den Fahrer mittels Sofortrettung aus dem Autowrack. Unter laufender Reanimation wurde der 17-J\u00e4hrige in ein Krankenhaus gebracht, wo er jedoch seinen Verletzungen erlag. Der 19-j\u00e4hrige Beifahrer zog sich bei dem Unfall leichte Verletzungen zu und kam ebenfalls in ein Krankenhaus.<\/p>\n<p>    <a href=\"https:\/\/www.abendzeitung-muenchen.de\/muenchen\/umland\/von-bremse-gerutscht-80-jaehriger-aus-muenchen-faehrt-cafe-gaeste-an-art-1068250\" data-mrf-recirculation=\"Artikel-Link\" target=\"_blank\" rel=\"noopener\"><img decoding=\"async\" loading=\"lazy\" src=\"https:\/\/www.europesays.com\/de\/wp-content\/uploads\/2025\/07\/1582119_unfall_mehrzumthema_1Esh8u_9VCZvm.jpg\" alt=\"Ein 80-j\u00e4hriger Autofahrer aus M\u00fcnchen hat in Haar einen au\u00dfergew\u00f6hnlichen Unfall verursacht. (Symbolbild)\" title=\"Ein 80-j\u00e4hriger Autofahrer aus M\u00fcnchen hat in Haar einen au\u00dfergew\u00f6hnlichen Unfall verursacht. (Symbolbild)\" width=\"696\" height=\"390\"\/><\/a><\/p>\n<p>        <a href=\"https:\/\/www.abendzeitung-muenchen.de\/muenchen\/umland\/von-bremse-gerutscht-80-jaehriger-aus-muenchen-faehrt-cafe-gaeste-an-art-1068250\" data-mrf-recirculation=\"Artikel-Link\" target=\"_blank\" rel=\"noopener\">Von Bremse gerutscht? 80-J\u00e4hriger aus M\u00fcnchen f\u00e4hrt Caf\u00e9-G\u00e4ste an        <\/a><\/p>\n<p>                X<\/p>\n<p>Sie haben den Artikel der Merkliste hinzugef\u00fcgt. <\/p>\n<p>                <a href=\"https:\/\/www.abendzeitung-muenchen.de\/meine-az\/merkliste\/\" title=\"Zur Merkliste\" target=\"_blank\" rel=\"noopener\"><br \/>\n                zur Merkliste<br \/>\n                <\/a>  <\/p>\n<p>Unfallfahrzeug war ein Leihwagen<\/p>\n<p>Am Pkw entstand Totalschaden in H\u00f6he von ca. 25.000 Euro. Das betroffene Hauseck wurde stark in Mitleidenschaft gezogen, die Statik des Hauses d\u00fcrfte jedoch nicht beeintr\u00e4chtigt worden sein. Der Schaden wird hier auf 20.000 Euro gesch\u00e4tzt.\u00a0<\/p>\n<p>Bei dem Unfallfahrzeug handelte es sich um einen Leihwagen. Wie der 17-J\u00e4hrige zu dem Pkw kam, ist derzeit nicht gekl\u00e4rt und m\u00fcsse noch ermittelt werden. Der genaue Unfallhergang soll nun von der Polizeiinspektion Wolfratshausen rekonstruiert werden.\u00a0<\/p>\n","protected":false},"excerpt":{"rendered":"Am fr\u00fchen Samstagmorgen hat sich in Wolfratshausen ein schwerer Unfall ereignet, bei dem ein 17-J\u00e4hriger ums Leben kam&hellip;\n","protected":false},"author":2,"featured_media":264211,"comment_status":"","ping_status":"","sticky":false,"template":"","format":"standard","meta":{"footnotes":""},"categories":[1827],"tags":[65171,772,29,35,30,1268,978,1284,79841],"class_list":{"0":"post-264210","1":"post","2":"type-post","3":"status-publish","4":"format-standard","5":"has-post-thumbnail","7":"category-muenchen","8":"tag-17-jaehriger","9":"tag-bayern","10":"tag-deutschland","11":"tag-fuehrerschein","12":"tag-germany","13":"tag-muenchen","14":"tag-tot","15":"tag-unfall","16":"tag-wolfratshausen"},"share_on_mastodon":{"url":"https:\/\/pubeurope.com\/@de\/114844159436516774","error":""},"_links":{"self":[{"href":"https:\/\/www.europesays.com\/de\/wp-json\/wp\/v2\/posts\/264210","targetHints":{"allow":["GET"]}}],"collection":[{"href":"https:\/\/www.europesays.com\/de\/wp-json\/wp\/v2\/posts"}],"about":[{"href":"https:\/\/www.europesays.com\/de\/wp-json\/wp\/v2\/types\/post"}],"author":[{"embeddable":true,"href":"https:\/\/www.europesays.com\/de\/wp-json\/wp\/v2\/users\/2"}],"replies":[{"embeddable":true,"href":"https:\/\/www.europesays.com\/de\/wp-json\/wp\/v2\/comments?post=264210"}],"version-history":[{"count":0,"href":"https:\/\/www.europesays.com\/de\/wp-json\/wp\/v2\/posts\/264210\/revisions"}],"wp:featuredmedia":[{"embeddable":true,"href":"https:\/\/www.europesays.com\/de\/wp-json\/wp\/v2\/media\/264211"}],"wp:attachment":[{"href":"https:\/\/www.europesays.com\/de\/wp-json\/wp\/v2\/media?parent=264210"}],"wp:term":[{"taxonomy":"category","embeddable":true,"href":"https:\/\/www.europesays.com\/de\/wp-json\/wp\/v2\/categories?post=264210"},{"taxonomy":"post_tag","embeddable":true,"href":"https:\/\/www.europesays.com\/de\/wp-json\/wp\/v2\/tags?post=264210"}],"curies":[{"name":"wp","href":"https:\/\/api.w.org\/{rel}","templated":true}]}}