{"id":264260,"date":"2025-07-13T05:29:18","date_gmt":"2025-07-13T05:29:18","guid":{"rendered":"https:\/\/www.europesays.com\/de\/264260\/"},"modified":"2025-07-13T05:29:18","modified_gmt":"2025-07-13T05:29:18","slug":"am-samstag-12-07-25-um-2010-uhr-kam-es-auf-der-kreuzung-ringstrasse-wildenbruchs","status":"publish","type":"post","link":"https:\/\/www.europesays.com\/de\/264260\/","title":{"rendered":"Am Samstag, 12.07.25 um 20:10 Uhr kam es auf der Kreuzung Ringstra\u00dfe \/ Wildenbruchs"},"content":{"rendered":"<p><a href=\"https:\/\/www.ad-hoc-news.de\/themen\/POL-GE\" class=\"keywords\" style=\"color:#9e0f15\" rel=\"nofollow noopener\" target=\"_blank\">POL-GE<\/a>, <a href=\"https:\/\/www.ad-hoc-news.de\/themen\/Unfall\" class=\"keywords\" style=\"color:#9e0f15\" rel=\"nofollow noopener\" target=\"_blank\">Unfall<\/a><br \/>\n12.07.2025 &#8211; 23:34:21<\/p>\n<p class=\"standfirst\">Unfall mit Polizeifahrzeug. Insgesamt wurden bei dem Unfall sieben Personen verletzt, vier Insassen des Cabriolets und drei Insassen des Polizeifahrzeuges. F\u00fcr die Unfallaufnahme musste der Kreuzungsbereich f\u00fcr mehrere Stunden gesperrt werden. Ein Unfallaufnahmeteam der Polizei Dortmund unterst\u00fctzte vor Ort. Die Ermittlungen zur Unfallursache dauern an.<\/p>\n<p>Nachfragen f\u00fcr Journalistinnen und Journalisten:<\/p>\n<p>Polizei Gelsenkirchen<br \/>Leitstelle<br \/>Gayko, EPHK <br \/>Telefon: 0209\/365 2160<br \/>E-Mail: <a href=\"https:\/\/www.ad-hoc-news.de\/polizeimeldungen\/gelsenkirchen-am-samstag-12-07-25-um-20-10-uhr-kam-es-auf-der-kreuzung\/mailto: leitstelle.gelsenkirchen@polizei.nrw.de\" rel=\"nofollow noopener\" target=\"_blank\"> leitstelle.gelsenkirchen@polizei.nrw.de<\/a><br \/><a target=\"_blank\" rel=\"noopener nofollow\" href=\"https:\/\/gelsenkirchen.polizei.nrw\/\">https:\/\/gelsenkirchen.polizei.nrw\/<\/a><\/p>\n<p class=\"origin\">Original-Content von: Polizei Gelsenkirchen \u00fcbermittelt durch news aktuell<\/p>\n<p>http:\/\/ots.de\/5cb3c5<\/p>\n","protected":false},"excerpt":{"rendered":"POL-GE, Unfall 12.07.2025 &#8211; 23:34:21 Unfall mit Polizeifahrzeug. Insgesamt wurden bei dem Unfall sieben Personen verletzt, vier Insassen&hellip;\n","protected":false},"author":2,"featured_media":264261,"comment_status":"","ping_status":"","sticky":false,"template":"","format":"standard","meta":{"footnotes":""},"categories":[1848],"tags":[3364,29,548,663,3934,3658,79850,30,13,18491,14,15,1209,76403,29182,79848,12,9717,1284,79849,9426],"class_list":{"0":"post-264260","1":"post","2":"type-post","3":"status-publish","4":"format-standard","5":"has-post-thumbnail","7":"category-gelsenkirchen","8":"tag-de","9":"tag-deutschland","10":"tag-eu","11":"tag-europa","12":"tag-europe","13":"tag-gelsenkirchen","14":"tag-gelsenkirchen-altstadt","15":"tag-germany","16":"tag-headlines","17":"tag-kreuzung","18":"tag-nachrichten","19":"tag-news","20":"tag-nordrhein-westfalen","21":"tag-pol-ge","22":"tag-polizeifahrzeug","23":"tag-ringstrasse","24":"tag-schlagzeilen","25":"tag-uhr","26":"tag-unfall","27":"tag-wildenbruchstrasse","28":"tag-zusammenstoss"},"share_on_mastodon":{"url":"https:\/\/pubeurope.com\/@de\/114844281322949946","error":""},"_links":{"self":[{"href":"https:\/\/www.europesays.com\/de\/wp-json\/wp\/v2\/posts\/264260","targetHints":{"allow":["GET"]}}],"collection":[{"href":"https:\/\/www.europesays.com\/de\/wp-json\/wp\/v2\/posts"}],"about":[{"href":"https:\/\/www.europesays.com\/de\/wp-json\/wp\/v2\/types\/post"}],"author":[{"embeddable":true,"href":"https:\/\/www.europesays.com\/de\/wp-json\/wp\/v2\/users\/2"}],"replies":[{"embeddable":true,"href":"https:\/\/www.europesays.com\/de\/wp-json\/wp\/v2\/comments?post=264260"}],"version-history":[{"count":0,"href":"https:\/\/www.europesays.com\/de\/wp-json\/wp\/v2\/posts\/264260\/revisions"}],"wp:featuredmedia":[{"embeddable":true,"href":"https:\/\/www.europesays.com\/de\/wp-json\/wp\/v2\/media\/264261"}],"wp:attachment":[{"href":"https:\/\/www.europesays.com\/de\/wp-json\/wp\/v2\/media?parent=264260"}],"wp:term":[{"taxonomy":"category","embeddable":true,"href":"https:\/\/www.europesays.com\/de\/wp-json\/wp\/v2\/categories?post=264260"},{"taxonomy":"post_tag","embeddable":true,"href":"https:\/\/www.europesays.com\/de\/wp-json\/wp\/v2\/tags?post=264260"}],"curies":[{"name":"wp","href":"https:\/\/api.w.org\/{rel}","templated":true}]}}