{"id":264317,"date":"2025-07-13T06:05:12","date_gmt":"2025-07-13T06:05:12","guid":{"rendered":"https:\/\/www.europesays.com\/de\/264317\/"},"modified":"2025-07-13T06:05:12","modified_gmt":"2025-07-13T06:05:12","slug":"rockband-pankow-spielt-allerletztes-konzert-der-karriere","status":"publish","type":"post","link":"https:\/\/www.europesays.com\/de\/264317\/","title":{"rendered":"Rockband Pankow spielt allerletztes Konzert der Karriere"},"content":{"rendered":"<p>Abschiedstour seit Januar <\/p>\n<p>Die letzte Show der Bandgeschichte: Pankow tritt in Dresden auf<\/p>\n<p>Aktualisiert am 13.07.2025 &#8211; 07:38 UhrLesedauer: 1 Min.<\/p>\n<p><a href=\"#focus-0\" class=\"transition-colors duration-200 focus-within:text-magenta block text-current relative\" data-sctrack=\"FocusGalleryImage.Reference\"><img fetchpriority=\"high\" data-testid=\"Opener.Image\" style=\"--lqipURL:url('https:\/\/images.t-online.de\/2025\/07\/lUaWVdzLyjwr\/0x0:4000x2250\/fit-in\/150x0\/filters:blur(25)\/die-band-pankow-nun-steht-der-gig-in-dresden-bevor.jpg')\"   loading=\"eager\" src=\"https:\/\/www.europesays.com\/de\/wp-content\/uploads\/2025\/07\/die-band-pankow-nun-steht-der-gig-in-dresden-bevor.jpg\" alt=\"Die Band Pankow: Nun steht der Gig in Dresden bevor.\" title=\"Die Band Pankow: Nun steht der Gig in Dresden bevor.\" width=\"4000\" height=\"2250\" class=\"bg-[url:var(--lqipURL)] bg-cover bg-center flex h-full w-full max-w-full\" decoding=\"async\"\/><img style=\"--width:32;--height:32\" loading=\"lazy\" src=\"https:\/\/www.t-online.de\/s\/paper\/_next\/static\/media\/zoom-in.f7dae02f.svg\" alt=\"Vergr\u00f6\u00dfern des Bildes\" title=\"Vergr\u00f6\u00dfern des Bildes\" class=\"block h-[calc(var(--height)_\/_16_*_1rem)] w-[calc(var(--width)_\/_16_*_1rem)] max-w-none absolute bottom-8 right-8 rounded-4 bg-snow p-8\" decoding=\"async\"\/><\/a><\/p>\n<p>Die Band Pankow: Nun steht der Gig in Dresden bevor. (Quelle: IMAGO\/Sabine Gudath)<\/p>\n<p class=\"font-bold text-18 leading-17\">&#8222;The Last Waltz&#8220; f\u00fcr Pankow: Nach 44 Jahren h\u00f6rt die Rockband endg\u00fcltig auf. Sie geh\u00f6rte in den 1980er Jahren zu den einflussreichsten Formationen der ostdeutschen Rockszene.<\/p>\n<p class=\"text-18 leading-17\">Mit der Rockband Pankow verl\u00e4sst am Sonntag (20 Uhr) in <a class=\"transition-colors duration-200 cursor-pointer text-inherit no-underline text-salemsfur md:hover:text-magenta md:hover:border-magenta md:focus:text-magenta border-current border-b border-solid break-words\" href=\"https:\/\/www.t-online.de\/region\/dresden\/\" data-sctrack=\"BodyAnchor\" rel=\"nofollow noopener\" target=\"_blank\">Dresden<\/a> eine der einflussreichsten ostdeutschen Formationen die B\u00fchne. Die Abschiedstour der 1981 gegr\u00fcndeten Band hatte Mitte Januar in <a class=\"transition-colors duration-200 cursor-pointer text-inherit no-underline text-salemsfur md:hover:text-magenta md:hover:border-magenta md:focus:text-magenta border-current border-b border-solid break-words\" href=\"https:\/\/www.t-online.de\/themen\/cottbus\/\" data-sctrack=\"BodyAnchor\" rel=\"nofollow noopener\" target=\"_blank\">Cottbus<\/a> begonnen und f\u00fchrte durch alle Bundesl\u00e4nder im Osten Deutschlands. &#8222;Wir wollen die Trennung feiern (&#8230;) und bewusst mit Geist dabei sein beim Ende&#8220;, hatte S\u00e4nger Andr\u00e9 Herzberg die Tour im vergangenen Jahr angek\u00fcndigt.<\/p>\n<p class=\"text-18 leading-17\">Mit ihrer Musik mischten die M\u00e4nner um Herzberg den DDR-Kulturbetrieb in den 1980er Jahren ordentlich auf. Sie besangen Figuren wie &#8222;Paule Panke&#8220; oder die liebeshungrige &#8222;Inge Pawelczik&#8220; und beleuchteten kritisch das Leben im Arbeiter- und Bauernstaat. Mit dem Song &#8222;Langeweile&#8220; lieferte Pankow Anfang 1989 den Abgesang auf die DDR.<\/p>\n<p class=\"text-18 leading-17\">Nach der Wende hatte die Band schon einmal ihren Abschied verk\u00fcndet. Doch nach mehrj\u00e4hriger Pause kehrten die Musiker 2004 wieder zur\u00fcck. Jetzt soll endg\u00fcltig Schluss sein. Die Show ist restlos ausverkauft.<\/p>\n","protected":false},"excerpt":{"rendered":"Abschiedstour seit Januar Die letzte Show der Bandgeschichte: Pankow tritt in Dresden auf Aktualisiert am 13.07.2025 &#8211; 07:38&hellip;\n","protected":false},"author":2,"featured_media":264318,"comment_status":"","ping_status":"","sticky":false,"template":"","format":"standard","meta":{"footnotes":""},"categories":[1835],"tags":[41591,79862,8432,3364,29,2386,30,79863,530,9647,79865,859,79864],"class_list":{"0":"post-264317","1":"post","2":"type-post","3":"status-publish","4":"format-standard","5":"has-post-thumbnail","7":"category-dresden","8":"tag-abschiedstour","9":"tag-bandgeschichte","10":"tag-cottbus","11":"tag-de","12":"tag-deutschland","13":"tag-dresden","14":"tag-germany","15":"tag-herzberg","16":"tag-pankow","17":"tag-rockband","18":"tag-rockszene","19":"tag-sachsen","20":"tag-the-last-waltz"},"share_on_mastodon":{"url":"https:\/\/pubeurope.com\/@de\/114844422981833886","error":""},"_links":{"self":[{"href":"https:\/\/www.europesays.com\/de\/wp-json\/wp\/v2\/posts\/264317","targetHints":{"allow":["GET"]}}],"collection":[{"href":"https:\/\/www.europesays.com\/de\/wp-json\/wp\/v2\/posts"}],"about":[{"href":"https:\/\/www.europesays.com\/de\/wp-json\/wp\/v2\/types\/post"}],"author":[{"embeddable":true,"href":"https:\/\/www.europesays.com\/de\/wp-json\/wp\/v2\/users\/2"}],"replies":[{"embeddable":true,"href":"https:\/\/www.europesays.com\/de\/wp-json\/wp\/v2\/comments?post=264317"}],"version-history":[{"count":0,"href":"https:\/\/www.europesays.com\/de\/wp-json\/wp\/v2\/posts\/264317\/revisions"}],"wp:featuredmedia":[{"embeddable":true,"href":"https:\/\/www.europesays.com\/de\/wp-json\/wp\/v2\/media\/264318"}],"wp:attachment":[{"href":"https:\/\/www.europesays.com\/de\/wp-json\/wp\/v2\/media?parent=264317"}],"wp:term":[{"taxonomy":"category","embeddable":true,"href":"https:\/\/www.europesays.com\/de\/wp-json\/wp\/v2\/categories?post=264317"},{"taxonomy":"post_tag","embeddable":true,"href":"https:\/\/www.europesays.com\/de\/wp-json\/wp\/v2\/tags?post=264317"}],"curies":[{"name":"wp","href":"https:\/\/api.w.org\/{rel}","templated":true}]}}