{"id":264321,"date":"2025-07-13T06:07:10","date_gmt":"2025-07-13T06:07:10","guid":{"rendered":"https:\/\/www.europesays.com\/de\/264321\/"},"modified":"2025-07-13T06:07:10","modified_gmt":"2025-07-13T06:07:10","slug":"nach-der-breminale-bedraengt-tiktok-video-einer-bremerin-geht-viral","status":"publish","type":"post","link":"https:\/\/www.europesays.com\/de\/264321\/","title":{"rendered":"Nach der Breminale bedr\u00e4ngt: TikTok-Video einer Bremerin geht viral"},"content":{"rendered":"<p class=\"article-toplinewrapper\">\n<p>Standdatum: 12. Juli 2025.<\/p>\n<p>Autorinnen und Autoren:<br \/>\nAnna Berkhout<\/p>\n<p class=\"article-intro\">Mehr als 2,3 Millionen Menschen sehen das Video der 20-J\u00e4hrigen. Auf dem Heimweg wird sie von einem Fremden verfolgt. Sie filmt mit, auch um zu warnen. <\/p>\n<p>Ein ganz normaler Abend auf der Breminale sollte es am Donnerstag f\u00fcr Lotta Sch\u00e4fer werden. Der Deich ist voll. Sie will nach Mitternacht zur\u00fcck nach Horn fahren. In einer Seitenstra\u00dfe sucht die junge Frau einen E-Roller. Doch pl\u00f6tzlich spricht ein Mann sie an, l\u00e4uft penetrant neben ihr her. <\/p>\n<p>Er l\u00e4sst nicht locker: fragt, warum sie schon nach Hause wolle, ob sie Angst habe. Eine unangenehme Situation \u2013 sie z\u00fcckt das Handy und filmt alles mit. <\/p>\n<p><a href=\"https:\/\/www.butenunbinnen.de\/bilder\/tiktok-handy-frau-verfolgt-bremen-viral-100~_v-512x288_c-1752383925352.jpg\" data-gallery-entry-for=\"belaestigung-breminale-bremen-100\" data-size=\"1920x1080\" class=\"text-link\" target=\"_blank\" rel=\"noopener\"><\/p>\n<p><img decoding=\"async\" class=\"image -image-with-fallback -image-rounded  lazyload\" src=\"data:image\/gif;base64,R0lGODlhEAAJAIAAAP\/\/\/\/\/\/\/yH5BAEKAAEALAAAAAAQAAkAAAIKjI+py+0Po5yUFQA7\"   alt=\"Ein Handy, wo eine Frau ein Tiktok Video anschaut.\" title=\"Bild: Radio Bremen\" data-image-owner=\"Radio Bremen\" data-image-title=\"Ein Handy, wo eine Frau ein Tiktok Video anschaut.\" data-image-src=\"https:\/\/www.butenunbinnen.de\/bilder\/tiktok-handy-frau-verfolgt-bremen-viral-100~_v-512x288_c-1752383925352.jpg\" data-image-rights-src=\"\/bilder\/tiktok-handy-frau-verfolgt-bremen-viral-100~_v-640x360_c-1752383925352.jpg\"\/><\/p>\n<p><\/a><\/p>\n<p>Mit dem Video auf TikTok will die Bremerin andere warnen. <\/p>\n<p>Bild: Radio Bremen<\/p>\n<p>Der Mann fragt nach, ob sie gerade mitfilmen w\u00fcrde und warum. &#8222;Zur Sicherheit&#8220;, antwortet Lotta Sch\u00e4fer. Schlie\u00dflich l\u00e4sst der Fremde von ihr ab und geht. <\/p>\n<p>Sp\u00e4ter stellt die 20-J\u00e4hrige alles ins Netz. Dass dieses Video mehr als 2,3 Millionen Menschen erreicht, h\u00e4tte sie nicht gedacht. Das Smartphone sei ihr Schutz gewesen, sagt die Bremerin.<\/p>\n<blockquote class=\"citation -citation-type-simple\">\n<p class=\"citation-text\">Ich wollte damit zeigen, was einer jungen Frau passieren kann.<\/p>\n<p>Lotta Sch\u00e4fer<\/p>\n<\/blockquote>\n<p>Wer so etwas erlebt, findet zum Beispiel Hilfe beim Awareness Team der Breminale. Frauen, die sich unsicher f\u00fchlen, bekommen auch eine Begleitung f\u00fcr den Nachhause-Weg. <\/p>\n<p>Wenn es voll auf der Breminale wird, ist ein zehnk\u00f6pfiges Team unterwegs. Auch Jelte Mertens unterst\u00fctzt auf der Breminale bei F\u00e4llen von Diskriminierung und Panik-Attacken. Dass Lotta Sch\u00e4fer \u00f6ffentlich \u00fcber ihre Erfahrung spricht, findet sie wichtig. &#8222;Es ist die Lebensrealit\u00e4t von Frauen, dass sie auf dem Nachhauseweg oft nicht sicher sind&#8220;, sagt sie.<\/p>\n<p>Auch an Wochenenden und vor Feiertagen sind speziell geschulte Helfer und Helferinnen im Bremer Viertel im Einsatz. Menschen, die sexuell bel\u00e4stigt oder diskriminiert werden, sollen so direkt gesch\u00fctzt werden.\u00a0Die Teams sind zwischen 22 Uhr abends und 4 Uhr morgens unterwegs.<\/p>\n<p>Sicher durch Bremens Nachtleben<\/p>\n<p>&#8222;Kennst du Mika?&#8220; ist ein weiteres Projekt, das die Partynacht in Bremen sicherer machen soll und Hilfe bei sexualisierter Gewalt im \u00f6ffentlichen Raum bietet. Das Projekt funktioniert \u00fcber die Codewort-Frage &#8222;Kennst du Mika?&#8220;, mit der Betroffene zum Beispiel dem Theken-Personal mitteilen k\u00f6nnen, dass sie einen \u00dcbergriff erlebt haben oder akut bedr\u00e4ngt werden. Initiiert wurde es 2021 von &#8222;notruf Bremen&#8220;, einer Beratungsstelle f\u00fcr Betroffene sexualisierter Gewalt.<\/p>\n<p>Information zum Thema<br \/>\nHilfe bei sexualisierter Gewalt<\/p>\n<p>An diese externen Beratungsstellen und Einrichtungen k\u00f6nnen Betroffene sich wenden, wenn sie sexualisierte Gewalt erleben.<\/p>\n<p><strong>notruf Bremen<\/strong>:<br \/>Telefon: 0421\/15181<br \/>Website: <a target=\"blank\" rel=\"noopener noreferrer\" href=\"http:\/\/www.notrufbremen.de\/\" class=\"text-link\">notrufbremen.de<\/a><br \/><strong>Hilfetelefon &#8222;Gewalt gegen Frauen&#8220;:<br \/><\/strong>Telefon: 08000\/116016<br \/>Website:<strong> <\/strong><a target=\"blank\" rel=\"noopener noreferrer\" href=\"http:\/\/www.hilfetelefon.de\/\" class=\"text-link\">hilfetelefon.de<\/a><br \/><strong>Frauenberatungsstelle der Diakonie Bremerhaven<\/strong>:<br \/>Telefon: 0471\/83001<br \/>Website: <a target=\"blank\" rel=\"noopener noreferrer\" href=\"https:\/\/diakonie-bhv.de\/frauenberatungsstelle.html\" class=\"text-link\">diakonie-bhv.de<\/a><br \/><strong>Polizei Bremen:<br \/><\/strong>Telefon: 0421\/3623832 (direkte Ansprechpartner)<br \/><strong>Polizei Bremerhaven:<br \/><\/strong>Telefon:<strong> <\/strong>0471\/9534444 (direkte Ansprechpartner)<\/p>\n<p>Ende der Information zum Thema<\/p>\n<p class=\"article-legal-agencies\"><strong>Quelle<\/strong>:<br \/>\nbuten un binnen.\n<\/p>\n<p class=\"article-legal-broadcast-reference\"><strong>Dieses Thema im Programm:<\/strong><br \/>\nbuten un binnen, 12. Juli 2025, 19.30 Uhr<\/p>\n","protected":false},"excerpt":{"rendered":"Standdatum: 12. Juli 2025. Autorinnen und Autoren: Anna Berkhout Mehr als 2,3 Millionen Menschen sehen das Video der&hellip;\n","protected":false},"author":2,"featured_media":264322,"comment_status":"","ping_status":"","sticky":false,"template":"","format":"standard","meta":{"footnotes":""},"categories":[1824],"tags":[2420,3364,29,30,4397],"class_list":{"0":"post-264321","1":"post","2":"type-post","3":"status-publish","4":"format-standard","5":"has-post-thumbnail","7":"category-bremen","8":"tag-bremen","9":"tag-de","10":"tag-deutschland","11":"tag-germany","12":"tag-x"},"share_on_mastodon":{"url":"https:\/\/pubeurope.com\/@de\/114844430700671504","error":""},"_links":{"self":[{"href":"https:\/\/www.europesays.com\/de\/wp-json\/wp\/v2\/posts\/264321","targetHints":{"allow":["GET"]}}],"collection":[{"href":"https:\/\/www.europesays.com\/de\/wp-json\/wp\/v2\/posts"}],"about":[{"href":"https:\/\/www.europesays.com\/de\/wp-json\/wp\/v2\/types\/post"}],"author":[{"embeddable":true,"href":"https:\/\/www.europesays.com\/de\/wp-json\/wp\/v2\/users\/2"}],"replies":[{"embeddable":true,"href":"https:\/\/www.europesays.com\/de\/wp-json\/wp\/v2\/comments?post=264321"}],"version-history":[{"count":0,"href":"https:\/\/www.europesays.com\/de\/wp-json\/wp\/v2\/posts\/264321\/revisions"}],"wp:featuredmedia":[{"embeddable":true,"href":"https:\/\/www.europesays.com\/de\/wp-json\/wp\/v2\/media\/264322"}],"wp:attachment":[{"href":"https:\/\/www.europesays.com\/de\/wp-json\/wp\/v2\/media?parent=264321"}],"wp:term":[{"taxonomy":"category","embeddable":true,"href":"https:\/\/www.europesays.com\/de\/wp-json\/wp\/v2\/categories?post=264321"},{"taxonomy":"post_tag","embeddable":true,"href":"https:\/\/www.europesays.com\/de\/wp-json\/wp\/v2\/tags?post=264321"}],"curies":[{"name":"wp","href":"https:\/\/api.w.org\/{rel}","templated":true}]}}