{"id":264426,"date":"2025-07-13T07:09:17","date_gmt":"2025-07-13T07:09:17","guid":{"rendered":"https:\/\/www.europesays.com\/de\/264426\/"},"modified":"2025-07-13T07:09:17","modified_gmt":"2025-07-13T07:09:17","slug":"russischer-angriffskrieg-bis-russland-resigniert","status":"publish","type":"post","link":"https:\/\/www.europesays.com\/de\/264426\/","title":{"rendered":"Russischer Angriffskrieg: &#8222;Bis Russland resigniert&#8220;"},"content":{"rendered":"<p>\n                        Der Politikwissenschaftler Herfried M\u00fcnkler \u00fcber Putins Krieg gegen die Ukraine, die R\u00fcckkehr imperialer Politik und Europas Rolle in der neuen Weltordnung.\n                    <\/p>\n<p>            Schlie\u00dfen<\/p>\n<p>            <strong class=\"z-box__title\"><br \/>\n                    Artikel aus ZEIT Geschichte<br \/>\n                <\/strong><br \/>\n            Erschienen in<br \/>\n                ZEIT Geschichte Nr.\u00a04\/2025<\/p>\n<p>    <a class=\"z-text-button\" href=\"#comments\" title=\"Kommentare anzeigen\" data-ct-row=\"comments\" data-ct-column=\"false\"><\/p>\n<p>            9<br \/>\n            Kommentare<br \/>\n        <\/a><br \/>\n    Zusammenfassen<\/p>\n<p>                Schlie\u00dfen<br \/>\n                Artikelzusammenfassung<\/p>\n<p>Herfried M\u00fcnkler kritisiert das &#8222;Manifest&#8220; einiger SPD-Politiker, das eine Ann\u00e4herung an Putin fordert, als inhaltsloses Gerede politisch unwichtiger Personen. Er warnt vor einer Zusammenarbeit mit Russland und betont die revisionistischen Ambitionen Putins. M\u00fcnkler sieht die Gefahr eines russischen Angriffs auf Nato-Gebiet, insbesondere auf die baltischen Staaten. Er analysiert die R\u00fcckkehr imperialer Politik durch Putin und Trump und pl\u00e4diert f\u00fcr eine st\u00e4rkere EU als Gegengewicht zu anderen Imperien. M\u00fcnkler bef\u00fcrwortet sogar die Einf\u00fchrung europ\u00e4ischer Atomwaffen als Abschreckungskomponente gegen\u00fcber Russland.<\/p>\n<p>                Dies ist ein experimentelles Tool. Die Resultate k\u00f6nnen unvollst\u00e4ndig, veraltet oder sogar falsch sein.<\/p>\n<p class=\"summy__feedback-paragraph\">Fanden Sie die Zusammenfassung hilfreich? <\/p>\n<p>                        Gef\u00e4llt mir<\/p>\n<p>                        Gef\u00e4llt mir<\/p>\n<p>                        Gef\u00e4llt mir nicht<\/p>\n<p>                        Gef\u00e4llt mir nicht<\/p>\n<p>                        Send<\/p>\n<p>            <img decoding=\"async\" class=\"article__media-item\" src=\"https:\/\/www.europesays.com\/de\/wp-content\/uploads\/2025\/07\/1752390557_381_wide__1000x562.jpeg\" alt=\"Russischer Angriffskrieg: Verzweifelte Verteidigung Awdijiwkas im M\u00e4rz 2023: Ein Haus wird von Granaten getroffen, ein ukrainischer Soldat geht in Deckung. Knapp ein Jahr sp\u00e4ter nehmen russische Truppen die Stadt in der Oblast Donezk ein.\"\/><\/p>\n<p>                    Verzweifelte Verteidigung Awdijiwkas im M\u00e4rz 2023: Ein Haus wird von Granaten getroffen, ein ukrainischer Soldat geht in Deckung. Knapp ein Jahr sp\u00e4ter nehmen russische Truppen die Stadt in der Oblast Donezk ein.<br \/>\n            \u00a9\u00a0AP\/\u200bdpa<\/p>\n<p>    <a class=\"volume-teaser__link\" href=\"https:\/\/abo.zeit.de\/zg-testen\/?icode=01w0296k0365Angdisint2301&amp;utm_medium=display&amp;utm_source=zon_magazin_artikel&amp;utm_campaign=zggratis&amp;utm_content=&amp;wt_zmc=disint.int.zabo.zon_magazin_artikel.zggratis....x\" title=\"Zur Ausgabe ZEIT Geschichte Nr.\u00a004\/2025\" target=\"_blank\" rel=\"noopener\"><\/p>\n<p>                <img loading=\"lazy\" decoding=\"async\" class=\"volume-teaser__media-item volume-teaser__media-item--portrait\"  src=\"https:\/\/www.europesays.com\/de\/wp-content\/uploads\/2025\/07\/1752390557_50_original__98x119.png\" alt=\"\" width=\"98\" height=\"120\"\/><\/p>\n<p>        Dieser Artikel stammt aus ZEIT Geschichte Nr. 04\/2025. Hier k\u00f6nnen Sie die gesamte Ausgabe lesen.<\/p>\n<p>            Ausgabe entdecken<\/p>\n<p>    <\/a><\/p>\n<p class=\"paragraph\">Herfried M\u00fcnkler ist\u00a0emeritierter Professor f\u00fcr\u00a0Theorie der<br \/>\nPolitik an der Berliner Humboldt-Universit\u00e4t. Er ist einer der einflussreichsten\u00a0Politologen Deutschlands und Autor zahlreicher Bestseller.\n<\/p>\n<p class=\"paragraph\"><strong>ZEIT Geschichte: <\/strong>Einige SPD-Politiker haben im Juni <a href=\"https:\/\/www.zeit.de\/politik\/deutschland\/2025-06\/spd-manifest-krieg-russland-lars-klingbeil\" class=\"\" target=\"_blank\" rel=\"noopener\">in einem &#8222;Manifest&#8220; eine Kehrtwende in der deutschen Au\u00dfen- und Sicherheitspolitik gefordert<\/a>, eine Abkehr von der Aufr\u00fcstung und eine Wiederann\u00e4herung an Putin. Von &#8222;Zusammenarbeit mit Russland&#8220; ist dort die Rede. Sie sind SPD-Mitglied\u00a0&#8230;\n<\/p>\n<p class=\"paragraph\"><strong>Herfried M\u00fcnkler: <\/strong>&#8230; nach wie vor\u00a0&#8230;<\/p>\n","protected":false},"excerpt":{"rendered":"Der Politikwissenschaftler Herfried M\u00fcnkler \u00fcber Putins Krieg gegen die Ukraine, die R\u00fcckkehr imperialer Politik und Europas Rolle in&hellip;\n","protected":false},"author":2,"featured_media":264427,"comment_status":"","ping_status":"","sticky":false,"template":"","format":"standard","meta":{"footnotes":""},"categories":[4013],"tags":[331,332,106,663,13,4776,1435,14,15,4043,4044,850,22880,307,12,64,591],"class_list":{"0":"post-264426","1":"post","2":"type-post","3":"status-publish","4":"format-standard","5":"has-post-thumbnail","7":"category-russland","8":"tag-aktuelle-nachrichten","9":"tag-aktuelle-news","10":"tag-donald-trump","11":"tag-europa","12":"tag-headlines","13":"tag-herfried-muenkler","14":"tag-krieg-in-der-ukraine","15":"tag-nachrichten","16":"tag-news","17":"tag-russia","18":"tag-russian-federation","19":"tag-russische-foederation","20":"tag-russischer-angriffskrieg","21":"tag-russland","22":"tag-schlagzeilen","23":"tag-usa","24":"tag-wissen"},"share_on_mastodon":{"url":"https:\/\/pubeurope.com\/@de\/114844675018618129","error":""},"_links":{"self":[{"href":"https:\/\/www.europesays.com\/de\/wp-json\/wp\/v2\/posts\/264426","targetHints":{"allow":["GET"]}}],"collection":[{"href":"https:\/\/www.europesays.com\/de\/wp-json\/wp\/v2\/posts"}],"about":[{"href":"https:\/\/www.europesays.com\/de\/wp-json\/wp\/v2\/types\/post"}],"author":[{"embeddable":true,"href":"https:\/\/www.europesays.com\/de\/wp-json\/wp\/v2\/users\/2"}],"replies":[{"embeddable":true,"href":"https:\/\/www.europesays.com\/de\/wp-json\/wp\/v2\/comments?post=264426"}],"version-history":[{"count":0,"href":"https:\/\/www.europesays.com\/de\/wp-json\/wp\/v2\/posts\/264426\/revisions"}],"wp:featuredmedia":[{"embeddable":true,"href":"https:\/\/www.europesays.com\/de\/wp-json\/wp\/v2\/media\/264427"}],"wp:attachment":[{"href":"https:\/\/www.europesays.com\/de\/wp-json\/wp\/v2\/media?parent=264426"}],"wp:term":[{"taxonomy":"category","embeddable":true,"href":"https:\/\/www.europesays.com\/de\/wp-json\/wp\/v2\/categories?post=264426"},{"taxonomy":"post_tag","embeddable":true,"href":"https:\/\/www.europesays.com\/de\/wp-json\/wp\/v2\/tags?post=264426"}],"curies":[{"name":"wp","href":"https:\/\/api.w.org\/{rel}","templated":true}]}}