{"id":264434,"date":"2025-07-13T07:14:16","date_gmt":"2025-07-13T07:14:16","guid":{"rendered":"https:\/\/www.europesays.com\/de\/264434\/"},"modified":"2025-07-13T07:14:16","modified_gmt":"2025-07-13T07:14:16","slug":"einigung-ueber-zukunft-von-neukaledonien","status":"publish","type":"post","link":"https:\/\/www.europesays.com\/de\/264434\/","title":{"rendered":"Einigung \u00fcber Zukunft von Neukaledonien"},"content":{"rendered":"<p class=\"p1 sm:p1-medium items-start pb-[20px]\" data-selector=\"body-paragraph\" data-external-selector=\"body-elements-paragraph\" data-v-af81c750=\"\" data-v-439309db=\"\">Ein Jahr nach schweren Unruhen in Neukaledonien ist bei Verhandlungen \u00fcber die Zukunft des franz\u00f6sischen \u00dcberseegebiets im S\u00fcdpazifik eine Einigung erzielt worden. Vertreter Frankreichs und der politischen Lager Neukaledoniens unterzeichneten am Samstag in Bougival westlich von Paris ein Abkommen, das Beteiligte und der franz\u00f6sische Pr\u00e4sident <a class=\"rtr-entity\" data-rtr-entity=\"Emmanuel Macron\" data-rtr-id=\"5b642fafe7aefa9008bc1144cf1d21a8323d5a7f\" data-rtr-score=\"78.2025819265144\" data-rtr-etype=\"person\" href=\"https:\/\/www.faz.net\/aktuell\/politik\/thema\/emmanuel-macron\" title=\"Emmanuel Macron\" rel=\"nofollow noopener\" target=\"_blank\">Emmanuel Macron<\/a> als \u201ehistorisch\u201c bezeichneten. Neukaledonien soll demnach ein eigener Staat werden und gleichzeitig weiter zu Frankreich geh\u00f6ren.<\/p>\n<p class=\"p1 sm:p1-medium items-start pb-[20px]\" data-selector=\"body-paragraph\" data-external-selector=\"body-elements-paragraph\" data-v-af81c750=\"\" data-v-439309db=\"\">\u201eEin Staat Neukaledonien innerhalb der Republik: Das ist eine Wette auf Vertrauen\u201c, erkl\u00e4rte Macron. Nach zwei Abkommen und drei Referenden schlage Neukaledonien mit der \u201ehistorischen Vereinbarung\u201c nun \u201eein neues Kapitel seiner Zukunft in friedlichen Beziehungen mit Frankreich auf\u201c.<\/p>\n<p class=\"p1 sm:p1-medium items-start pb-[20px]\" data-selector=\"body-paragraph\" data-external-selector=\"body-elements-paragraph\" data-v-af81c750=\"\" data-v-439309db=\"\">Im Mai vergangenen Jahres hatte es in dem franz\u00f6sischen \u00dcberseegebiet massive <a class=\"rtr-entity\" data-rtr-entity=\"Unruhen\" data-rtr-id=\"73f433f46061b216726f5c3aab86fef57530ab09\" data-rtr-score=\"18.96040218470705\" data-rtr-etype=\"keyword\" href=\"https:\/\/www.faz.net\/aktuell\/politik\/thema\/aufstand\" title=\"Unruhen\" rel=\"nofollow noopener\" target=\"_blank\">Unruhen<\/a> gegeben. Insgesamt wurden 14 Menschen get\u00f6tet. Ausl\u00f6ser war eine geplante Wahlrechtsreform, nach der Festlandfranzosen, die sich in Neukaledonien niederlassen, fr\u00fcher als bisher an Wahlen teilnehmen sollten. Die Kanaken, die mehr als 40 Prozent der Bev\u00f6lkerung ausmachen, bef\u00fcrchteten eine Verringerung ihres Einflusses.<\/p>\n<p class=\"p1 sm:p1-medium items-start pb-[20px]\" data-selector=\"body-paragraph\" data-external-selector=\"body-elements-paragraph\" data-v-af81c750=\"\" data-v-439309db=\"\">Macron hatte daraufhin Verhandlungen zwischen den politischen Lagern vorgeschlagen, die eine Unabh\u00e4ngigkeit der Inselgruppe oder den Verbleib bei Frankreich fordern. Vertreter aus Politik, Wirtschaft und Zivilgesellschaft verhandelten zehn Tage lang bei Paris und verk\u00fcndeten dann am Samstag die Unterzeichnung eines \u201ehistorischen Abkommens\u201c.<\/p>\n<p class=\"p1 sm:p1-medium items-start pb-[20px]\" data-selector=\"body-paragraph\" data-external-selector=\"body-elements-paragraph\" data-v-af81c750=\"\" data-v-439309db=\"\">Manuel Valls, Minister f\u00fcr \u00dcberseegebiete, sprach von einem \u201eintelligenten Kompromiss\u201c, der die Verbindungen zwischen Frankreich und Neukaledonien aufrechterhalte, der Inselgruppe zugleich jedoch mehr Souver\u00e4nit\u00e4t einr\u00e4ume. Premierminister Fran\u00e7ois Bayrou sprach von einem Abkommen von \u201ehistorischer Dimension\u201c.<\/p>\n<p>Frankreichs Parlament muss Abkommen noch zustimmen<\/p>\n<p class=\"p1 sm:p1-medium items-start pb-[20px]\" data-selector=\"body-paragraph\" data-external-selector=\"body-elements-paragraph\" data-v-af81c750=\"\" data-v-439309db=\"\">Neukaledonien soll dem 13-seitigen Abkommen zufolge als \u201eStaat Neukaledonien\u201c in der franz\u00f6sischen Verfassung verankert und auch international anerkannt werden. Es soll auch eine neukaledonische Staatsangeh\u00f6rigkeit geben \u2013 gleichzeitig aber die M\u00f6glichkeit, die franz\u00f6sische Staatsangeh\u00f6rigkeit zu behalten. Au\u00dferdem wird ein \u201ewirtschaftlicher und finanzieller Wiederaufbaupakt\u201c in Aussicht gestellt.<\/p>\n<p class=\"p1 sm:p1-medium items-start pb-[20px]\" data-selector=\"body-paragraph\" data-external-selector=\"body-elements-paragraph\" data-v-af81c750=\"\" data-v-439309db=\"\">Dem Abkommen muss noch das franz\u00f6sische Parlament zustimmen, vorgesehen ist eine Sitzung beider Kammern noch in diesem Jahr. 2026 soll es den Neukaledoniern dann in einem Referendum vorgelegt werden.<\/p>\n","protected":false},"excerpt":{"rendered":"Ein Jahr nach schweren Unruhen in Neukaledonien ist bei Verhandlungen \u00fcber die Zukunft des franz\u00f6sischen \u00dcberseegebiets im S\u00fcdpazifik&hellip;\n","protected":false},"author":2,"featured_media":264435,"comment_status":"","ping_status":"","sticky":false,"template":"","format":"standard","meta":{"footnotes":""},"categories":[3974],"tags":[331,332,548,663,3934,3980,156,13,14,15,12],"class_list":{"0":"post-264434","1":"post","2":"type-post","3":"status-publish","4":"format-standard","5":"has-post-thumbnail","7":"category-frankreich","8":"tag-aktuelle-nachrichten","9":"tag-aktuelle-news","10":"tag-eu","11":"tag-europa","12":"tag-europe","13":"tag-france","14":"tag-frankreich","15":"tag-headlines","16":"tag-nachrichten","17":"tag-news","18":"tag-schlagzeilen"},"share_on_mastodon":{"url":"https:\/\/pubeurope.com\/@de\/114844694102483871","error":""},"_links":{"self":[{"href":"https:\/\/www.europesays.com\/de\/wp-json\/wp\/v2\/posts\/264434","targetHints":{"allow":["GET"]}}],"collection":[{"href":"https:\/\/www.europesays.com\/de\/wp-json\/wp\/v2\/posts"}],"about":[{"href":"https:\/\/www.europesays.com\/de\/wp-json\/wp\/v2\/types\/post"}],"author":[{"embeddable":true,"href":"https:\/\/www.europesays.com\/de\/wp-json\/wp\/v2\/users\/2"}],"replies":[{"embeddable":true,"href":"https:\/\/www.europesays.com\/de\/wp-json\/wp\/v2\/comments?post=264434"}],"version-history":[{"count":0,"href":"https:\/\/www.europesays.com\/de\/wp-json\/wp\/v2\/posts\/264434\/revisions"}],"wp:featuredmedia":[{"embeddable":true,"href":"https:\/\/www.europesays.com\/de\/wp-json\/wp\/v2\/media\/264435"}],"wp:attachment":[{"href":"https:\/\/www.europesays.com\/de\/wp-json\/wp\/v2\/media?parent=264434"}],"wp:term":[{"taxonomy":"category","embeddable":true,"href":"https:\/\/www.europesays.com\/de\/wp-json\/wp\/v2\/categories?post=264434"},{"taxonomy":"post_tag","embeddable":true,"href":"https:\/\/www.europesays.com\/de\/wp-json\/wp\/v2\/tags?post=264434"}],"curies":[{"name":"wp","href":"https:\/\/api.w.org\/{rel}","templated":true}]}}