{"id":264509,"date":"2025-07-13T07:59:10","date_gmt":"2025-07-13T07:59:10","guid":{"rendered":"https:\/\/www.europesays.com\/de\/264509\/"},"modified":"2025-07-13T07:59:10","modified_gmt":"2025-07-13T07:59:10","slug":"kinder-uni-wie-das-perfekte-buch-aussieht-bayreuth","status":"publish","type":"post","link":"https:\/\/www.europesays.com\/de\/264509\/","title":{"rendered":"Kinder-Uni: Wie das perfekte Buch aussieht &#8211; Bayreuth"},"content":{"rendered":"<p> In der dritten Runde der Kinder-Uni 2025 geht es an Mittwoch, 16. Juli, ab 17.15 Uhr im Audimax um die Frage: \u201eWie zauberst du das perfekte Buch?\u201c Dazu wei\u00df Professorin Tina Hartmann einiges zu erz\u00e4hlen, denn sie ist Literatur-Wissenschaftlerin. Im obligatorischen Interview fragten sie die Kinderreporter. \u201eWie muss ein perfektes Buch beschaffen sein?\u201c, wollte Leo wissen. Hartmann: \u201eEs sollte in erster Linie interessant sein. Das kann durch eine spannende oder au\u00dfergew\u00f6hnliche Geschichte geschehen, oder indem es sehr genau beschreibt.\u201c Die Literaturwissenschaft interessiert sich besonders f\u00fcr B\u00fccher, die alles anders machen als alle B\u00fccher zuvor. Dabei findet die Professorin E-Reader \u201etoll\u201c, wie sie dem jungen Morgan gestand. \u201eWenn ich aber intensiv mit einem Text arbeite, verwende ich ein gedrucktes Buch. Damit ist es einfacher, Passagen wiederzufinden und den \u00dcberblick zu behalten.\u201c Isabella fragte: \u201eWas gibt es eigentlich f\u00fcr verschiedene B\u00fccher?\u201c<\/p>\n","protected":false},"excerpt":{"rendered":"In der dritten Runde der Kinder-Uni 2025 geht es an Mittwoch, 16. Juli, ab 17.15 Uhr im Audimax&hellip;\n","protected":false},"author":2,"featured_media":264510,"comment_status":"","ping_status":"","sticky":false,"template":"","format":"standard","meta":{"footnotes":""},"categories":[1774],"tags":[5899,1784,1785,29,214,30,69024,215],"class_list":{"0":"post-264509","1":"post","2":"type-post","3":"status-publish","4":"format-standard","5":"has-post-thumbnail","7":"category-buecher","8":"tag-bayreuth","9":"tag-books","10":"tag-buecher","11":"tag-deutschland","12":"tag-entertainment","13":"tag-germany","14":"tag-themabildung","15":"tag-unterhaltung"},"share_on_mastodon":{"url":"https:\/\/pubeurope.com\/@de\/114844871087476131","error":""},"_links":{"self":[{"href":"https:\/\/www.europesays.com\/de\/wp-json\/wp\/v2\/posts\/264509","targetHints":{"allow":["GET"]}}],"collection":[{"href":"https:\/\/www.europesays.com\/de\/wp-json\/wp\/v2\/posts"}],"about":[{"href":"https:\/\/www.europesays.com\/de\/wp-json\/wp\/v2\/types\/post"}],"author":[{"embeddable":true,"href":"https:\/\/www.europesays.com\/de\/wp-json\/wp\/v2\/users\/2"}],"replies":[{"embeddable":true,"href":"https:\/\/www.europesays.com\/de\/wp-json\/wp\/v2\/comments?post=264509"}],"version-history":[{"count":0,"href":"https:\/\/www.europesays.com\/de\/wp-json\/wp\/v2\/posts\/264509\/revisions"}],"wp:featuredmedia":[{"embeddable":true,"href":"https:\/\/www.europesays.com\/de\/wp-json\/wp\/v2\/media\/264510"}],"wp:attachment":[{"href":"https:\/\/www.europesays.com\/de\/wp-json\/wp\/v2\/media?parent=264509"}],"wp:term":[{"taxonomy":"category","embeddable":true,"href":"https:\/\/www.europesays.com\/de\/wp-json\/wp\/v2\/categories?post=264509"},{"taxonomy":"post_tag","embeddable":true,"href":"https:\/\/www.europesays.com\/de\/wp-json\/wp\/v2\/tags?post=264509"}],"curies":[{"name":"wp","href":"https:\/\/api.w.org\/{rel}","templated":true}]}}