{"id":264515,"date":"2025-07-13T08:02:10","date_gmt":"2025-07-13T08:02:10","guid":{"rendered":"https:\/\/www.europesays.com\/de\/264515\/"},"modified":"2025-07-13T08:02:10","modified_gmt":"2025-07-13T08:02:10","slug":"jetzt-erst-recht-bei-netflix-streamen-dieser-175-millionen-dollar-blockbuster-ist-viel-besser-als-sein-ruf-kino-news","status":"publish","type":"post","link":"https:\/\/www.europesays.com\/de\/264515\/","title":{"rendered":"Jetzt erst recht bei Netflix streamen: Dieser 175-Millionen-Dollar-Blockbuster ist viel besser als sein Ruf! &#8211; Kino News"},"content":{"rendered":"<p>Einige DC-Filme der letzten Jahre haben ganz sch\u00f6n auf den Deckel bekommen und das nicht immer verdient. Denn FILMSTARTS-Redakteur Julius Vietzen findet: \u201eSuicide Squad\u201c ist zwar kein Meisterwerk, aber auch kein Totalausfall. Noch 5 Tage bei Netflix!<\/p>\n<p class=\"bo-p\">\u201e<a href=\"https:\/\/www.filmstarts.de\/kritiken\/144185.html\" class=\"bo-link\" rel=\"nofollow noopener\" target=\"_blank\">Suicide Squad<\/a>\u201c von 2016 ist ein gutes Beispiel daf\u00fcr, wie weit eine starke Werbekampagne einen Film tragen kann: 746 Millionen Dollar spielte der 175 Millionen Dollar teure DC-Blockbuster ein, obwohl die Kritiken zum Film gr\u00f6\u00dftenteils durchwachsen bis mies waren. Schlie\u00dflich sind nur 26 Prozent der 390 Kritiken auf Rotten Tomatoes positiv und auch der Metascore von 40 Punkten ist nicht gerade \u00fcberragend.<\/p>\n<p class=\"bo-p\">Aber ist \u201eSuicide Squad\u201c wirklich so nah am Totalausfall wie das Kritikenecho verhei\u00dft? Ich finde nicht. <b>Wer dem Film (noch einmal) eine Chance geben will, kann ihn<\/b> <b>aktuell noch im Abo bei Netflix schauen <\/b><b>\u2013  allerdings nur noch bis inklusive 18. Juli 2025. Ihr m\u00fcsst euch also ranhalten.<\/b> Alternativ findet ihr \u201eSuicide Squad\u201c auch im Abo bei Amazon Prime Video:<\/p>\n<p>            &#8222;Suicide Squad&#8220; bei Amazon Prime Video streamen*<\/p>\n<p>Warum &#8222;Suicide Squad&#8220; besser als sein Ruf ist<\/p>\n<p class=\"bo-p\">Klar, es knirscht und rumpelt hier an allen Ecken und Enden (<b>wobei immerhin der elf Minuten l\u00e4ngere Extended Cut etwas runder ist*<\/b>). Klar, die Charakterentwicklung von Harley Quinn und Co. bleibt haupts\u00e4chlich Behauptung. Und klar, Enchantress (<a href=\"https:\/\/www.filmstarts.de\/personen\/612492.html\" class=\"bo-link\" rel=\"nofollow noopener\" target=\"_blank\">Cara Delevigne<\/a>) und ihr Bruder Incubus (<a href=\"https:\/\/www.filmstarts.de\/personen\/220756.html\" class=\"bo-link\" rel=\"nofollow noopener\" target=\"_blank\">Alain Chanoine<\/a>) sind keine tollen B\u00f6sewichte.<\/p>\n<p class=\"bo-p\">Dass man einen Film \u00fcber das Selbstmordkommando in fast jeder Hinsicht besser umsetzen kann, hat \u201eGuardians Of The Galaxy\u201c-Regisseur\u00a0<a href=\"https:\/\/www.filmstarts.de\/personen\/550218.html\" class=\"bo-link\" rel=\"nofollow noopener\" target=\"_blank\">James Gunn<\/a> erst 2021 mit \u201e<a href=\"https:\/\/www.filmstarts.de\/kritiken\/245535.html\" class=\"bo-link\" rel=\"nofollow noopener\" target=\"_blank\">The Suicide Squad<\/a>\u201c (Achtung, Verwechslungsgefahr beim Titel!) bewiesen. Doch <b>als gro\u00dfer Superheldenfan hatte ich auch mit \u201eSuicide Squad\u201c durchaus meinen Spa\u00df \u2013 und das kommt nicht von ungef\u00e4hr.<\/b><\/p>\n<p class=\"bo-p\"><b>Da w\u00e4ren zum Beispiel die Figuren und die Besetzung:<\/b>\u00a0<a href=\"https:\/\/www.filmstarts.de\/personen\/403573.html\" class=\"bo-link\" rel=\"nofollow noopener\" target=\"_blank\">Margot Robbie<\/a> stiehlt als Harley Quinn allen anderen die Show und war nicht umsonst noch in zwei anderen DCEU-Filmen in dieser Rolle zu sehen.\u00a0<a href=\"https:\/\/www.filmstarts.de\/personen\/19358.html\" class=\"bo-link\" rel=\"nofollow noopener\" target=\"_blank\">Will Smith<\/a> bringt als Scharfsch\u00fctze Deadshot sein ganzes Charisma zum Tragen. Und Nebenfiguren wie Boomerang (<a href=\"https:\/\/www.filmstarts.de\/personen\/418933.html\" class=\"bo-link\" rel=\"nofollow noopener\" target=\"_blank\">Jai Courtney<\/a>) kriegen zwar nicht viel zu tun, sorgen aber immerhin f\u00fcr einige gelungene Gags (Stichwort: rosa Pl\u00fcscheinhorn).<\/p>\n<p class=\"bo-p\">Und auch wenn \u201eSuicide Squad\u201c wohl nicht mehr viel damit gemeinsam hat, was Regisseur\u00a0<a href=\"https:\/\/www.filmstarts.de\/personen\/41198.html\" class=\"bo-link\" rel=\"nofollow noopener\" target=\"_blank\">David Ayer<\/a> mal vorschwebte (<a href=\"https:\/\/www.filmstarts.de\/nachrichten\/18531774.html\" class=\"bo-link\" rel=\"nofollow noopener\" target=\"_blank\">weswegen die Fans auch schon #ReleaseTheAyerCut forderten<\/a>), <b>merkt man zumindest in einigen Szenen, dass hier durchaus ein talentierter Filmemacher auf dem Regiestuhl sa\u00df \u2013 von der Vorstellung der Figuren mit eingeblendeten Steckbriefen bis hin hin zur ersten gro\u00dfen Actionszene<\/b>, in der vor allem Deadshot zeigen kann, was er alles drauf hat, und haufenweise gesichtslose Schergen \u00fcber den Haufen ballert.<\/p>\n<p class=\"bo-p\"><b>Und bei allen unbestreitbaren dramaturgischen Problemen des Films muss ich sagen, dass mich zumindest eine Szene wirklich kalt erwischt hat:<\/b> n\u00e4mlich der Twist, wen das Suicide Squad da im Film eigentlich retten soll und warum. Genaueres verrate ich hier nat\u00fcrlich nicht, darum nur so viel:<\/p>\n<p class=\"bo-p\">\u201eDie von\u00a0<a href=\"https:\/\/www.filmstarts.de\/personen\/46797.html\" class=\"bo-link\" rel=\"nofollow noopener\" target=\"_blank\">Viola Davis<\/a> verk\u00f6rperte Amanda Waller entpuppt sich als der ruchloseste Badass-Charakter, den das DC-Kinouniversum je gesehen hat. Gegen sie wirken alle Mitglieder des Suicide Squad wie kleine ungezogene Lausebengel\u201c, schreibt FILMSTARTS-Chefredakteur Christoph Petersen in seiner Kritik zu \u201eSuicide Squad\u201c. Und da kann ich ihm nur vollkommen recht geben.<\/p>\n<p class=\"bo-p\">Habt ihr eigentlich schon mitbekommen, dass das DC-Universum mit \u201e<a href=\"https:\/\/www.filmstarts.de\/kritiken\/229669.html\" class=\"bo-link\" rel=\"nofollow noopener\" target=\"_blank\">Superman<\/a>\u201c, der seit diesem Wochenende in den deutschen Kinos l\u00e4uft, neu gestartet wurde? Wir haben Regisseur James Gunn zum Interview getroffen und ihn nach seinen Pl\u00e4nen gefragt:<\/p>\n<p>    <a class=\"cms-see-also\" data-title=\"Auch interessant\" href=\"https:\/\/www.filmstarts.de\/nachrichten\/1000153425.html\" rel=\"nofollow noopener\" target=\"_blank\">&#8222;Auf einmal taucht dieser Typ auf, der seine Unterhose au\u00dfen tr\u00e4gt&#8220;: &#8222;Superman&#8220;-Regisseur James Gunn im FILMSTARTS-Interview<\/a><\/p>\n<p class=\"bo-p\">Hinweis: Dies ist eine Wiederver\u00f6ffentlichung eines bereits auf FILMSTARTS erschienenen Artikels.<\/p>\n<p class=\"bo-p\">*Bei diesen Links handelt es sich um sogenannte Affiliate-Links. Bei einem Kauf \u00fcber diese Links oder beim Abschluss eines Abos erhalten wir eine Provision. Auf den Preis hat das keinerlei Auswirkung.<\/p>\n","protected":false},"excerpt":{"rendered":"Einige DC-Filme der letzten Jahre haben ganz sch\u00f6n auf den Deckel bekommen und das nicht immer verdient. Denn&hellip;\n","protected":false},"author":2,"featured_media":264516,"comment_status":"","ping_status":"","sticky":false,"template":"","format":"standard","meta":{"footnotes":""},"categories":[1771],"tags":[1778,29,214,30,95,1777,215],"class_list":{"0":"post-264515","1":"post","2":"type-post","3":"status-publish","4":"format-standard","5":"has-post-thumbnail","7":"category-kino","8":"tag-cinema","9":"tag-deutschland","10":"tag-entertainment","11":"tag-germany","12":"tag-kino","13":"tag-movie","14":"tag-unterhaltung"},"share_on_mastodon":{"url":"https:\/\/pubeurope.com\/@de\/114844883179593855","error":""},"_links":{"self":[{"href":"https:\/\/www.europesays.com\/de\/wp-json\/wp\/v2\/posts\/264515","targetHints":{"allow":["GET"]}}],"collection":[{"href":"https:\/\/www.europesays.com\/de\/wp-json\/wp\/v2\/posts"}],"about":[{"href":"https:\/\/www.europesays.com\/de\/wp-json\/wp\/v2\/types\/post"}],"author":[{"embeddable":true,"href":"https:\/\/www.europesays.com\/de\/wp-json\/wp\/v2\/users\/2"}],"replies":[{"embeddable":true,"href":"https:\/\/www.europesays.com\/de\/wp-json\/wp\/v2\/comments?post=264515"}],"version-history":[{"count":0,"href":"https:\/\/www.europesays.com\/de\/wp-json\/wp\/v2\/posts\/264515\/revisions"}],"wp:featuredmedia":[{"embeddable":true,"href":"https:\/\/www.europesays.com\/de\/wp-json\/wp\/v2\/media\/264516"}],"wp:attachment":[{"href":"https:\/\/www.europesays.com\/de\/wp-json\/wp\/v2\/media?parent=264515"}],"wp:term":[{"taxonomy":"category","embeddable":true,"href":"https:\/\/www.europesays.com\/de\/wp-json\/wp\/v2\/categories?post=264515"},{"taxonomy":"post_tag","embeddable":true,"href":"https:\/\/www.europesays.com\/de\/wp-json\/wp\/v2\/tags?post=264515"}],"curies":[{"name":"wp","href":"https:\/\/api.w.org\/{rel}","templated":true}]}}