{"id":264521,"date":"2025-07-13T08:05:11","date_gmt":"2025-07-13T08:05:11","guid":{"rendered":"https:\/\/www.europesays.com\/de\/264521\/"},"modified":"2025-07-13T08:05:11","modified_gmt":"2025-07-13T08:05:11","slug":"seltener-auftritt-mit-sohn-amadeus","status":"publish","type":"post","link":"https:\/\/www.europesays.com\/de\/264521\/","title":{"rendered":"Seltener Auftritt mit Sohn Amadeus"},"content":{"rendered":"<p>Er \u00fcberragt seine Mutter <\/p>\n<p>Lilly Becker: Sohn Amadeus posiert mit ihr auf Event<\/p>\n<p>13.07.2025 &#8211; 09:33 UhrLesedauer: 2 Min.<\/p>\n<p><a href=\"#focus-0\" class=\"transition-colors duration-200 focus-within:text-magenta block text-current relative\" data-sctrack=\"FocusGalleryImage.Reference\"><img fetchpriority=\"high\" data-testid=\"Opener.Image\" style=\"--lqipURL:url('https:\/\/images.t-online.de\/2025\/07\/TyzW7etb6hIX\/640x527:2456x1381\/fit-in\/150x0\/filters:blur(25)\/lilly-becker-sie-war-mit-boris-becker-verheiratet.jpg')\"   loading=\"eager\" src=\"https:\/\/www.europesays.com\/de\/wp-content\/uploads\/2025\/07\/lilly-becker-sie-war-mit-boris-becker-verheiratet.jpg\" alt=\"Lilly Becker: Sie war mit Boris Becker verheiratet.\" title=\"Lilly Becker: Sie war mit Boris Becker verheiratet.\" width=\"2456\" height=\"1381\" class=\"bg-[url:var(--lqipURL)] bg-cover bg-center flex h-full w-full max-w-full\" decoding=\"async\"\/><img style=\"--width:32;--height:32\" loading=\"lazy\" src=\"https:\/\/www.t-online.de\/s\/paper\/_next\/static\/media\/zoom-in.f7dae02f.svg\" alt=\"Vergr\u00f6\u00dfern des Bildes\" title=\"Vergr\u00f6\u00dfern des Bildes\" class=\"block h-[calc(var(--height)_\/_16_*_1rem)] w-[calc(var(--width)_\/_16_*_1rem)] max-w-none absolute bottom-8 right-8 rounded-4 bg-snow p-8\" decoding=\"async\"\/><\/a><\/p>\n<p>Lilly Becker: Sie war mit Boris Becker verheiratet. (Quelle: IMAGO\/Eibner-Pressefoto\/Justin Deronde)<\/p>\n<p class=\"font-bold text-18 leading-17\">Bei einem Event zeigte sich Lilly Becker am Wochenende mit ihrem Sohn Amadeus. Den 15-J\u00e4hrigen bekommt die \u00d6ffentlichkeit nur selten zu Gesicht.<\/p>\n<p class=\"text-18 leading-17\"><a class=\"transition-colors duration-200 cursor-pointer text-inherit no-underline text-salemsfur md:hover:text-magenta md:hover:border-magenta md:focus:text-magenta border-current border-b border-solid break-words\" href=\"https:\/\/www.t-online.de\/themen\/lilly-becker\/\" data-sctrack=\"BodyAnchor\" target=\"_blank\" rel=\"noopener\">Lilly Becker<\/a> besuchte am Wochenende eine Veranstaltung im Europapark. Begleitet wurde sie dabei von ihrem Sohn Amadeus. Ein Foto, das die 49-J\u00e4hrige auf ihrem Instagram-Kanal gepostet hat, zeigt Mutter und Kind. Lilly Becker strahlt ihren Sohn an und schlingt die Arme um seinen Oberk\u00f6rper, w\u00e4hrend der 15-J\u00e4hrige verkniffen in die Kamera schaut. Er \u00fcberragt seine Mutter mittlerweile um ein gutes St\u00fcck.<\/p>\n<p class=\"text-18 leading-17\">Lilly Becker erkl\u00e4rt, ihr Sohn habe keine Lust, dass sie Fotos von ihnen beiden mache. &#8222;Aber Zeit ist alles, was wir haben, und ich schaffe mit meinem gr\u00f6\u00dften Erfolg Erinnerungen&#8220;, schreibt sie zu dem Schnappschuss.<\/p>\n<p class=\"text-18 leading-17\">Es ist ein seltener Auftritt von Lilly Becker und ihrem Sohn. Lilly Becker taucht regelm\u00e4\u00dfig im Rampenlicht auf, nahm in diesem Jahr unter anderem an der Reality-TV-Show &#8222;Ich bin ein Star \u2013 Holt mich hier raus!&#8220; teil. Ihren Sohn h\u00e4lt sie aber normalerweise im Hintergrund.<\/p>\n<p class=\"text-18 leading-17\">Amadeus stammt aus Lilly Beckers fr\u00fcheren Beziehung mit Tennisstar <a class=\"transition-colors duration-200 cursor-pointer text-inherit no-underline text-salemsfur md:hover:text-magenta md:hover:border-magenta md:focus:text-magenta border-current border-b border-solid break-words\" href=\"https:\/\/www.t-online.de\/themen\/boris-becker\/\" data-sctrack=\"BodyAnchor\" target=\"_blank\" rel=\"noopener\">Boris Becker<\/a>. Die beiden waren von 2009 bis 2018 verheiratet. 2005 hatten sich Lilly Becker \u2013 damals noch Sharlely Kerssenberg \u2013 und der ehemalige Profisportler kennengelernt, nach zwei Jahren kam es zu einer vor\u00fcbergehenden Trennung. Es folgte eine \u00f6ffentliche Verlobung im Fernsehen und eine Hochzeit in der Schweiz. Anschlie\u00dfend kam ihr gemeinsamer Sohn auf die Welt.<\/p>\n<p class=\"text-18 leading-17\">F\u00fcr Lilly Becker ist es das einzige Kind. Boris Becker hat weitere drei Kinder aus vorangegangenen Beziehungen. Zudem erwartet er derzeit seinen f\u00fcnften Nachwuchs. Seine Partnerin Lilian de Carvalho Monteiro, die er im vergangenen Jahr geheiratet hat, ist schwanger. Das gab das Paar vor wenigen Wochen bekannt.<\/p>\n","protected":false},"excerpt":{"rendered":"Er \u00fcberragt seine Mutter Lilly Becker: Sohn Amadeus posiert mit ihr auf Event 13.07.2025 &#8211; 09:33 UhrLesedauer: 2&hellip;\n","protected":false},"author":2,"featured_media":264522,"comment_status":"","ping_status":"","sticky":false,"template":"","format":"standard","meta":{"footnotes":""},"categories":[155],"tags":[5790,29,214,79898,30,152,1460,20058,215],"class_list":{"0":"post-264521","1":"post","2":"type-post","3":"status-publish","4":"format-standard","5":"has-post-thumbnail","7":"category-unterhaltung","8":"tag-boris-becker","9":"tag-deutschland","10":"tag-entertainment","11":"tag-europapark","12":"tag-germany","13":"tag-instagram","14":"tag-kind","15":"tag-lilly-becker","16":"tag-unterhaltung"},"share_on_mastodon":{"url":"https:\/\/pubeurope.com\/@de\/114844894898919620","error":""},"_links":{"self":[{"href":"https:\/\/www.europesays.com\/de\/wp-json\/wp\/v2\/posts\/264521","targetHints":{"allow":["GET"]}}],"collection":[{"href":"https:\/\/www.europesays.com\/de\/wp-json\/wp\/v2\/posts"}],"about":[{"href":"https:\/\/www.europesays.com\/de\/wp-json\/wp\/v2\/types\/post"}],"author":[{"embeddable":true,"href":"https:\/\/www.europesays.com\/de\/wp-json\/wp\/v2\/users\/2"}],"replies":[{"embeddable":true,"href":"https:\/\/www.europesays.com\/de\/wp-json\/wp\/v2\/comments?post=264521"}],"version-history":[{"count":0,"href":"https:\/\/www.europesays.com\/de\/wp-json\/wp\/v2\/posts\/264521\/revisions"}],"wp:featuredmedia":[{"embeddable":true,"href":"https:\/\/www.europesays.com\/de\/wp-json\/wp\/v2\/media\/264522"}],"wp:attachment":[{"href":"https:\/\/www.europesays.com\/de\/wp-json\/wp\/v2\/media?parent=264521"}],"wp:term":[{"taxonomy":"category","embeddable":true,"href":"https:\/\/www.europesays.com\/de\/wp-json\/wp\/v2\/categories?post=264521"},{"taxonomy":"post_tag","embeddable":true,"href":"https:\/\/www.europesays.com\/de\/wp-json\/wp\/v2\/tags?post=264521"}],"curies":[{"name":"wp","href":"https:\/\/api.w.org\/{rel}","templated":true}]}}