{"id":264525,"date":"2025-07-13T08:07:12","date_gmt":"2025-07-13T08:07:12","guid":{"rendered":"https:\/\/www.europesays.com\/de\/264525\/"},"modified":"2025-07-13T08:07:12","modified_gmt":"2025-07-13T08:07:12","slug":"lebensmittel-hersteller-ist-insolvent-mit-folgen-fuer-rewe-und-edeka-2","status":"publish","type":"post","link":"https:\/\/www.europesays.com\/de\/264525\/","title":{"rendered":"Lebensmittel-Hersteller ist insolvent \u2013 mit Folgen f\u00fcr Rewe und Edeka"},"content":{"rendered":"<ol class=\"id-DonaldBreadcrumb lp_west_breadcrumb id-DonaldBreadcrumb--default\" data-k5a-pos=\"west_breadcrumb\">\n<li class=\"id-Breadcrumb-item\"><a href=\"https:\/\/www.ruhr24.de\/\" class=\"id-Breadcrumb-link\" data-id-ec=\"{\" shn=\"\" textlink=\"\" data-k5a-pos=\"1_ruhr24\" rel=\"nofollow noopener\" target=\"_blank\">ruhr24<\/a><\/li>\n<li class=\"id-Breadcrumb-item\"><a href=\"https:\/\/www.ruhr24.de\/service\/\" class=\"id-Breadcrumb-link\" data-id-ec=\"{\" shn=\"\" textlink=\"\" data-k5a-pos=\"2_service\" rel=\"nofollow noopener\" target=\"_blank\">Service<\/a><\/li>\n<\/ol>\n<p class=\"id-Story-timestamp id-Story-timestamp--default\">Stand: 13.07.2025, 06:09 Uhr<\/p>\n<p class=\"id-Story-authors id-Story-authors--default\">Von: <a class=\"id-Story-authors-link lp_west_author\" href=\"https:\/\/www.ruhr24.de\/autor\/magnus-hoppe-epaiysi3r.html\" title=\"Zur Autorenseite von Magnus Hoppe\" data-id-ec=\"{\" shn=\"\" author-link=\"\" hoppe=\"\" data-k5a-pos=\"west_author\" rel=\"nofollow noopener\" target=\"_blank\">Magnus Hoppe<\/a><\/p>\n<p class=\"id-Story-interactionBar id-Story-interactionBar--default\">DruckenTeilen<\/p>\n<p><img decoding=\"async\" class=\"id-RatioPlaceholder-element wv_story_el_image\" src=\"https:\/\/www.europesays.com\/de\/wp-content\/uploads\/2025\/04\/36266685-edeka-und-rewe-logo-21viGJk4Lrfe.jpg\" loading=\"eager\" fetchpriority=\"high\"   height=\"619\" width=\"1100\" alt=\"Edeka- und Rewe-Logo.\"\/>Droht den Supermarkt-Riesen Edeka und Rewe das Aus eines Produktes? \u00a9\u00a0heiko119\/Panthermedia\/Imago; Revierfoto\/Imago; Collage: RUHR24<\/p>\n<p class=\"id-StoryElement-leadText\">F\u00fcr Kunden von Edeka und Rewe k\u00f6nnten frische Garnelen aus nachhaltiger Produktion bald zur Mangelware werden. Ein Hersteller hat ein Insolvenzverfahren am Hals.<\/p>\n<p class=\"id-StoryElement-paragraph\">Dortmund \u2013 Der norddeutsche Garnelenproduzent HanseGarnelen hat Insolvenz angemeldet. Das Unternehmen aus Gl\u00fcckstadt, was nordwestlich von Hamburg liegt, beliefert derzeit \u00fcber 50 Rewe-M\u00e4rkte in mehreren Bundesl\u00e4ndern sowie einige Edeka-Filialen in Norddeutschland. Der R\u00fcckzug eines Hauptinvestors zwang das Unternehmen zu diesem Schritt. Was bedeutet das nun f\u00fcr Supermarkt-Kunden?<\/p>\n<p>Lebensmittel-Hersteller ist insolvent: Rewe und Edeka betroffen<\/p>\n<p class=\"id-StoryElement-paragraph\">Die Gesch\u00e4ftsf\u00fchrung von HanseGarnelen versicherte, dass die Produktion an allen drei Standorten zun\u00e4chst fortgesetzt wird. Betroffen sind laut NDR-Bericht die Zuchtbetriebe in Gl\u00fcckstadt (Schleswig-Holstein), Grevesm\u00fchlen (Mecklenburg-Vorpommern) und Gronau (Niedersachsen).<\/p>\n<p class=\"id-StoryElement-paragraph\">Auch die 22 Besch\u00e4ftigten k\u00f6nnen vorerst aufatmen. L\u00f6hne und Geh\u00e4lter sind durch Insolvenzgeld f\u00fcr die kommenden Monate gesichert. Warum der Hauptinvestor seine Unterst\u00fctzung zur\u00fcckzog, wollte die Gesch\u00e4ftsf\u00fchrung nicht bekannt geben. <\/p>\n<p>Insolvenz von HanseGarnelen k\u00f6nnte Rewe und Edeka treffen: Wo gibt es die Garnelen zu kaufen?<\/p>\n<p class=\"id-StoryElement-paragraph\">Kurzum: F\u00fcr Supermarkt-Kunden bleibt voraussichtlich erstmal alles beim Alten. Die Garnelen sollten vorerst weiterhin bei Rewe und in vereinzelten Edeka-Filialen erh\u00e4ltlich sein. Aufgrund einer aktuellen <a href=\"https:\/\/www.ruhr24.de\/service\/hohenloher-fruchtsaefte-apfel-orange-ernteausfaelle-insolvent-saft-pleite-rewe-kunden-93785032.html\" class=\"id-import-Link\" data-id-ec=\"{&quot;sht&quot;:&quot;Container&quot;,&quot;shn&quot;:&quot;Story&quot;,&quot;p&quot;:{&quot;containerType&quot;:&quot;Paragraph&quot;,&quot;displayType&quot;:&quot;Paragraph InlineLink&quot;,&quot;type&quot;:&quot;INLINE_LINK&quot;,&quot;value&quot;:&quot;Insolvenz eines Getr&#xE4;nkeherstellers m&#xFC;ssen Rewe-Kunden hingegen mit Lieferengp&#xE4;ssen rechnen&quot;,&quot;variant&quot;:&quot;standardLink&quot;,&quot;sponsored&quot;:false,&quot;linkHref&quot;:&quot;https:\/\/www.ruhr24.de\/service\/hohenloher-fruchtsaefte-apfel-orange-ernteausfaelle-insolvent-saft-pleite-rewe-kunden-93785032.html&quot;,&quot;storyElementPosition&quot;:16,&quot;storyElementCount&quot;:28}}\" rel=\"nofollow noopener\" target=\"_blank\">Insolvenz eines Getr\u00e4nkeherstellers m\u00fcssen Rewe-Kunden hingegen mit Lieferengp\u00e4ssen rechnen<\/a>.<\/p>\n<p class=\"id-StoryElement-paragraph\">Rewe vertreibt die Garnelen in \u00fcber 50 M\u00e4rkten in den Bundesl\u00e4ndern Schleswig-Holstein, Hamburg, Bremen, Niedersachsen und Teilen Nordrhein-Westfalens unter dem Namen \u201eGeniale Garnelen\u201c. Die Probierpackung enth\u00e4lt 120 Gramm, die Vorratspackung 210 Gramm schockgefrostete Garnelen. In norddeutschen Edeka-Filialen gibt es frische Garnelen des Unternehmens immer wieder saisonal im Angebot. Wie genau sehen jetzt die Pl\u00e4ne von HanseGarnelen aus, damit das Angebot aufrechterhalten bleibt?<\/p>\n<p>Mehr Supermarkt-Themen<\/p>\n<p class=\"id-StoryElement-factBox-paragraph\"><a href=\"https:\/\/www.ruhr24.de\/service\/rueckrufe-warnungen\/pesto-glasscherben-koro-produkt-zurueckgeben-online-supermarkt-rossmann-rewe-verde-rosso-93831310.html\" class=\"id-import-Link\" data-id-ec=\"{&quot;sht&quot;:&quot;Container&quot;,&quot;shn&quot;:&quot;Story&quot;,&quot;p&quot;:{&quot;containerType&quot;:&quot;FactBox&quot;,&quot;displayType&quot;:&quot;FactBox InlineLink&quot;,&quot;type&quot;:&quot;INLINE_LINK&quot;,&quot;value&quot;:&quot;Pesto-R&#xFC;ckruf trifft Rossmann und Rewe &#x2013; Produkt sofort zur&#xFC;ckbringen&quot;,&quot;variant&quot;:&quot;standardLink&quot;,&quot;sponsored&quot;:false,&quot;linkHref&quot;:&quot;https:\/\/www.ruhr24.de\/service\/rueckrufe-warnungen\/pesto-glasscherben-koro-produkt-zurueckgeben-online-supermarkt-rossmann-rewe-verde-rosso-93831310.html&quot;,&quot;storyElementPosition&quot;:19,&quot;storyElementCount&quot;:28}}\" rel=\"nofollow noopener\" target=\"_blank\">Pesto-R\u00fcckruf trifft Rossmann und Rewe \u2013 Produkt sofort zur\u00fcckbringen<\/a><\/p>\n<p class=\"id-StoryElement-factBox-paragraph\"><a href=\"https:\/\/www.ruhr24.de\/service\/supermarkt-taeuschung-produkte-qualitaet-zutaten-schlecht-verbraucherzentrale-ja-rewe-knorr-kaufland-93829669.html\" class=\"id-import-Link\" data-id-ec=\"{&quot;sht&quot;:&quot;Container&quot;,&quot;shn&quot;:&quot;Story&quot;,&quot;p&quot;:{&quot;containerType&quot;:&quot;FactBox&quot;,&quot;displayType&quot;:&quot;FactBox InlineLink&quot;,&quot;type&quot;:&quot;INLINE_LINK&quot;,&quot;value&quot;:&quot;T&#xE4;uschung im Supermarkt aufgedeckt &#x2013; 6 Produkte pl&#xF6;tzlich schlechter&quot;,&quot;variant&quot;:&quot;standardLink&quot;,&quot;sponsored&quot;:false,&quot;linkHref&quot;:&quot;https:\/\/www.ruhr24.de\/service\/supermarkt-taeuschung-produkte-qualitaet-zutaten-schlecht-verbraucherzentrale-ja-rewe-knorr-kaufland-93829669.html&quot;,&quot;storyElementPosition&quot;:19,&quot;storyElementCount&quot;:28}}\" rel=\"nofollow noopener\" target=\"_blank\">T\u00e4uschung im Supermarkt aufgedeckt \u2013 6 Produkte pl\u00f6tzlich schlechter<\/a><\/p>\n<p class=\"id-StoryElement-factBox-paragraph\"><a href=\"https:\/\/www.ruhr24.de\/service\/rueckrufe-warnungen\/rueckruf-kosmetik-produkt-entsorgen-qvc-asam-beauty-vitamin-c-ampulle-serum-kunden-93830870.html\" class=\"id-import-Link\" data-id-ec=\"{&quot;sht&quot;:&quot;Container&quot;,&quot;shn&quot;:&quot;Story&quot;,&quot;p&quot;:{&quot;containerType&quot;:&quot;FactBox&quot;,&quot;displayType&quot;:&quot;FactBox InlineLink&quot;,&quot;type&quot;:&quot;INLINE_LINK&quot;,&quot;value&quot;:&quot;N&#xE4;chster Kosmetik-R&#xFC;ckruf: Produkt unbedingt sofort entsorgen&quot;,&quot;variant&quot;:&quot;standardLink&quot;,&quot;sponsored&quot;:false,&quot;linkHref&quot;:&quot;https:\/\/www.ruhr24.de\/service\/rueckrufe-warnungen\/rueckruf-kosmetik-produkt-entsorgen-qvc-asam-beauty-vitamin-c-ampulle-serum-kunden-93830870.html&quot;,&quot;storyElementPosition&quot;:19,&quot;storyElementCount&quot;:28}}\" rel=\"nofollow noopener\" target=\"_blank\">N\u00e4chster Kosmetik-R\u00fcckruf: Produkt unbedingt sofort entsorgen<\/a><\/p>\n<p>Insolvenz k\u00f6nnte Rewe und Edeka treffen: So soll es f\u00fcr HanseGarnelen weitergehen<\/p>\n<p class=\"id-StoryElement-paragraph\">Der Insolvenzverwalter von HanseGarnelen habe eine Unternehmensberatung beauftragt, einen neuen Investor zu finden, berichtet der NDR. Dieser solle idealerweise aus der Lebensmittelbranche kommen und alle drei Standorte \u00fcbernehmen. Erste Gespr\u00e4che mit m\u00f6glichen Kandidaten seien bereits f\u00fcr die kommende Woche geplant. <\/p>\n<p class=\"id-StoryElement-paragraph\">Ob die Superm\u00e4rkte Rewe und Edeka auch langfristig mit den Garnelen des norddeutschen Unternehmens beliefert werden, h\u00e4nge laut NDR ma\u00dfgeblich vom Erfolg dieser Verhandlungen ab. HanseGarnelen hat f\u00fcr die Gespr\u00e4che zumindest noch einige Tr\u00fcmpfe in der Hand. Denn der Lebensmittel-Produzent macht einiges anders als die Konkurrenz.<\/p>\n<p>Garnelenproduzent ist insolvent: Lieferant von Edeka und Rewe betreibt Europas gr\u00f6\u00dfte Kreislaufanlage<\/p>\n<p class=\"id-StoryElement-paragraph\">HanseGarnelen betreibt nach eigenen Angaben in Gl\u00fcckstadt die gr\u00f6\u00dfte Kreislaufanlage Europas und die drittgr\u00f6\u00dfte weltweit. Das Unternehmen positioniert sich als Vorreiter einer nachhaltigen Aquakultur. Die HanseGarnelen unterscheiden sich von herk\u00f6mmlichen Importprodukten durch mehrere Faktoren:<\/p>\n<ul class=\"id-StoryElement-list id-StoryElement-list--unordered\">\n<li class=\"id-StoryElement-list-item\">Zucht in geschlossenen Kreislaufsystemen<\/li>\n<li class=\"id-StoryElement-list-item\">Wasserreinigung durch Bakterien statt Chemikalien<\/li>\n<li class=\"id-StoryElement-list-item\">Keine k\u00fcnstlichen Zus\u00e4tze oder Antibiotika<\/li>\n<li class=\"id-StoryElement-list-item\">Kurze Transportwege durch regionale Produktion<\/li>\n<li class=\"id-StoryElement-list-item\">Nachhaltige Aufzucht ohne Umweltbelastung<\/li>\n<\/ul>\n<p><img decoding=\"async\" class=\"id-RatioPlaceholder-element wv_story_el_image\" src=\"https:\/\/www.europesays.com\/de\/wp-content\/uploads\/2025\/07\/38891366-leuchtturm-in-glueckstadt-2eJw9gny19fe.jpg\" loading=\"lazy\"   height=\"619\" width=\"1100\" alt=\"Leuchtturm in Gl&#xFC;ckstadt.\"\/>In Gl\u00fcckstadt, direkt an der Elbe, produziert HanseGarnelen frische Garnelen f\u00fcr die Superm\u00e4rkte Rewe und Edeka \u2013 zumindest noch. \u00a9\u00a0imagebroker\/Imago<\/p>\n<p class=\"id-StoryElement-paragraph\">Das Unternehmen investierte zuletzt einen zweistelligen Millionenbetrag in die Anlage in Gl\u00fcckstadt, die erst im vergangenen Jahr in Betrieb genommen wurde. Ziel war eine Jahresproduktion von 100 Tonnen Garnelen. Im Herbst sollte die Anlage ihre volle Kapazit\u00e4t erreichen. <\/p>\n","protected":false},"excerpt":{"rendered":"ruhr24 Service Stand: 13.07.2025, 06:09 Uhr Von: Magnus Hoppe DruckenTeilen Droht den Supermarkt-Riesen Edeka und Rewe das Aus&hellip;\n","protected":false},"author":2,"featured_media":263814,"comment_status":"","ping_status":"","sticky":false,"template":"","format":"standard","meta":{"footnotes":""},"categories":[134],"tags":[175,170,169,29,30,171,174,173,172],"class_list":{"0":"post-264525","1":"post","2":"type-post","3":"status-publish","4":"format-standard","5":"has-post-thumbnail","7":"category-unternehmen-maerkte","8":"tag-business","9":"tag-companies","10":"tag-companies-markets","11":"tag-deutschland","12":"tag-germany","13":"tag-markets","14":"tag-maerkte","15":"tag-unternehmen","16":"tag-unternehmen-maerkte"},"share_on_mastodon":{"url":"https:\/\/pubeurope.com\/@de\/114844902744401946","error":""},"_links":{"self":[{"href":"https:\/\/www.europesays.com\/de\/wp-json\/wp\/v2\/posts\/264525","targetHints":{"allow":["GET"]}}],"collection":[{"href":"https:\/\/www.europesays.com\/de\/wp-json\/wp\/v2\/posts"}],"about":[{"href":"https:\/\/www.europesays.com\/de\/wp-json\/wp\/v2\/types\/post"}],"author":[{"embeddable":true,"href":"https:\/\/www.europesays.com\/de\/wp-json\/wp\/v2\/users\/2"}],"replies":[{"embeddable":true,"href":"https:\/\/www.europesays.com\/de\/wp-json\/wp\/v2\/comments?post=264525"}],"version-history":[{"count":0,"href":"https:\/\/www.europesays.com\/de\/wp-json\/wp\/v2\/posts\/264525\/revisions"}],"wp:featuredmedia":[{"embeddable":true,"href":"https:\/\/www.europesays.com\/de\/wp-json\/wp\/v2\/media\/263814"}],"wp:attachment":[{"href":"https:\/\/www.europesays.com\/de\/wp-json\/wp\/v2\/media?parent=264525"}],"wp:term":[{"taxonomy":"category","embeddable":true,"href":"https:\/\/www.europesays.com\/de\/wp-json\/wp\/v2\/categories?post=264525"},{"taxonomy":"post_tag","embeddable":true,"href":"https:\/\/www.europesays.com\/de\/wp-json\/wp\/v2\/tags?post=264525"}],"curies":[{"name":"wp","href":"https:\/\/api.w.org\/{rel}","templated":true}]}}