{"id":264623,"date":"2025-07-13T09:03:13","date_gmt":"2025-07-13T09:03:13","guid":{"rendered":"https:\/\/www.europesays.com\/de\/264623\/"},"modified":"2025-07-13T09:03:13","modified_gmt":"2025-07-13T09:03:13","slug":"hitzeschutz-in-der-stadt-dieser-stuttgarter-platz-hat-jetzt-ein-sonnensegel","status":"publish","type":"post","link":"https:\/\/www.europesays.com\/de\/264623\/","title":{"rendered":"Hitzeschutz in der Stadt: Dieser Stuttgarter Platz hat jetzt ein Sonnensegel"},"content":{"rendered":"<p>\t\t\t\t\t\t\t\t\t\t\t\t\t\t\t\t\t\t\t\t\t\t\t\t\t\t\t\t      \t\t            \t\t             \t\t\t\t   \t\t\t\t\t   <img decoding=\"async\" id=\"article-image\" fetchpriority=\"high\" alt=\"Hitzeschutz in der Stadt: Dieser Stuttgarter Platz hat jetzt ein Sonnensegel\" title=\"Hitzeschutz in der Stadt: Dieser Stuttgarter Platz hat jetzt ein Sonnensegel\" src=\"https:\/\/www.europesays.com\/de\/wp-content\/uploads\/2025\/07\/media.media.8eff76d9-a34a-4660-90e7-e7448bf0788b.16x9_700.jpg\" data-linkto=\"https:\/\/www.stuttgarter-nachrichten.de\/javascript:void(0);\"\/>\t\t\t\t\t\t\t\t\t\t\t\t\t\t\t\t\t\t\t\t\t\t\t\tDer S\u00fcdheimer Platz hat nun einen besonderen Sonnenschutz.\u00a0Foto: Lichtgut\/Leif Piechowski\t\t\t<\/p>\n<p>Die erste Hitzewelle hat Stuttgart 2025 bereits erlebt. Die Stadt hat f\u00fcr den Sommer drei knapp 30 Schirme aufgestellt \u2013 und an einem Ort sogar ein aufwendiges Sonnensegel installiert.<\/p>\n<p>Man k\u00f6nnte sagen: Dieser Sonnenschutz war von langer Hand geplant. Damit sich die Quartierbewohner auch im Sommer bei <a href=\"https:\/\/www.stuttgarter-nachrichten.de\/thema\/Hitze\" title=\"Hitze\" class=\"art_thema\" target=\"_blank\" rel=\"noopener\">Hitze<\/a> noch auf dem S\u00fcdheimer Platz aufhalten k\u00f6nnen, ist dort vor Kurzem ein Sonnensegel aufgespannt worden. <\/p>\n<p>Man k\u00f6nnte auch sagen: endlich, denn das Geld hatte der Gemeinderat bereits Ende 2023 bewilligt. <a href=\"https:\/\/www.stuttgarter-nachrichten.de\/inhalt.suedheimer-platz-in-stuttgart-wirft-das-sonnensegel-noch-in-diesem-sommer-schatten.3df5d5c5-1918-496a-9d33-0348fbcb6443.html\" target=\"_blank\" rel=\"noopener\">Im vergangenen Jahr stockte das Projekt<\/a> f\u00fcr mehr Schatten allerdings. Die Kosten f\u00fcr die Konstruktion liegen laut Stadtsprecher Harald Knitter bei 110\u200a000 Euro. <\/p>\n<p>Hitzeaktionsplan f\u00fcr <a href=\"https:\/\/www.stuttgarter-nachrichten.de\/thema\/Stuttgart\" title=\"Stuttgart\" class=\"art_thema\" target=\"_blank\" rel=\"noopener\">Stuttgart<\/a> <\/p>\n<p>\u201eDer Sonnenschutz ist Teil des <a href=\"https:\/\/www.stuttgarter-nachrichten.de\/inhalt.hitze-stuttgart-evakuierung-trinkwasser-notunterkunft-aktionsplan.174c57ba-307b-47b3-a98d-eeedc3fd225b.html\" target=\"_blank\" rel=\"noopener\">Hitzeaktionsplans der Stadt<\/a>\u201c, erkl\u00e4rt der Sprecher. Und so gesehen ist das Segel vom S\u00fcdheimer Platz wirklich \u00fcberp\u00fcnktlich: Der Hitzeaktionsplan f\u00fcr Stuttgart ist quasi druckfrisch. Abgesehen von der aufwendigen Konstruktion im S\u00fcden hat die Stadt laut Knitter erneut Sonnenschirme und Sitzw\u00fcrfel auf verschiedenen Pl\u00e4tzen in Stuttgart verteilt. <\/p>\n<p>  <img decoding=\"async\" loading=\"lazy\" src=\"https:\/\/www.europesays.com\/de\/wp-content\/uploads\/2025\/07\/media.media.42c10810-e75a-4e10-a944-233d8bf3e83a.original1024.media.jpeg\"\/>     Erkl\u00e4rende Worte zum Segel am S\u00fcdheimer Platz    Foto: Lichtgut\/Leif Piechowski    <\/p>\n<p>Im Herbst soll das neue Segel am S\u00fcdheimer Platz \u00fcbrigens wieder abgebaut werden, \u201eda sein Bestimmungszweck als Sonnen- und Hitzeschutz dann erf\u00fcllt ist\u201c, erkl\u00e4rt Knitter. <\/p>\n<p>Insgesamt st\u00fcnden in Stuttgart f\u00fcr den Hitzeschutz 1,5 Millionen Euro f\u00fcr dieses Jahr zur Verf\u00fcgung. Allerdings k\u00f6nne dieser Topf nicht ausgesch\u00f6pft werden, so Knitter, \u201eweil die sich verschlechternde Finanzlage eine globale Minderausgabe f\u00fcr alle Bereiche der Stadtverwaltung erfordert\u201c.<\/p>\n","protected":false},"excerpt":{"rendered":"Der S\u00fcdheimer Platz hat nun einen besonderen Sonnenschutz.\u00a0Foto: Lichtgut\/Leif Piechowski Die erste Hitzewelle hat Stuttgart 2025 bereits erlebt.&hellip;\n","protected":false},"author":2,"featured_media":264624,"comment_status":"","ping_status":"","sticky":false,"template":"","format":"standard","meta":{"footnotes":""},"categories":[1830],"tags":[1634,3364,29,30,11607,23288,4747,79907,73453,1441],"class_list":{"0":"post-264623","1":"post","2":"type-post","3":"status-publish","4":"format-standard","5":"has-post-thumbnail","7":"category-stuttgart","8":"tag-baden-wuerttemberg","9":"tag-de","10":"tag-deutschland","11":"tag-germany","12":"tag-hitze","13":"tag-schirm","14":"tag-sonne","15":"tag-sonnenschirm","16":"tag-sonnensegel","17":"tag-stuttgart"},"share_on_mastodon":{"url":"https:\/\/pubeurope.com\/@de\/114845122944580204","error":""},"_links":{"self":[{"href":"https:\/\/www.europesays.com\/de\/wp-json\/wp\/v2\/posts\/264623","targetHints":{"allow":["GET"]}}],"collection":[{"href":"https:\/\/www.europesays.com\/de\/wp-json\/wp\/v2\/posts"}],"about":[{"href":"https:\/\/www.europesays.com\/de\/wp-json\/wp\/v2\/types\/post"}],"author":[{"embeddable":true,"href":"https:\/\/www.europesays.com\/de\/wp-json\/wp\/v2\/users\/2"}],"replies":[{"embeddable":true,"href":"https:\/\/www.europesays.com\/de\/wp-json\/wp\/v2\/comments?post=264623"}],"version-history":[{"count":0,"href":"https:\/\/www.europesays.com\/de\/wp-json\/wp\/v2\/posts\/264623\/revisions"}],"wp:featuredmedia":[{"embeddable":true,"href":"https:\/\/www.europesays.com\/de\/wp-json\/wp\/v2\/media\/264624"}],"wp:attachment":[{"href":"https:\/\/www.europesays.com\/de\/wp-json\/wp\/v2\/media?parent=264623"}],"wp:term":[{"taxonomy":"category","embeddable":true,"href":"https:\/\/www.europesays.com\/de\/wp-json\/wp\/v2\/categories?post=264623"},{"taxonomy":"post_tag","embeddable":true,"href":"https:\/\/www.europesays.com\/de\/wp-json\/wp\/v2\/tags?post=264623"}],"curies":[{"name":"wp","href":"https:\/\/api.w.org\/{rel}","templated":true}]}}