{"id":264638,"date":"2025-07-13T09:11:11","date_gmt":"2025-07-13T09:11:11","guid":{"rendered":"https:\/\/www.europesays.com\/de\/264638\/"},"modified":"2025-07-13T09:11:11","modified_gmt":"2025-07-13T09:11:11","slug":"christina-block-feierte-silvester-als-ihre-kinder-entfuehrt-wurden-regional","status":"publish","type":"post","link":"https:\/\/www.europesays.com\/de\/264638\/","title":{"rendered":"Christina Block feierte Silvester, als ihre Kinder entf\u00fchrt wurden | Regional"},"content":{"rendered":"<p><b>TV-Moderator Gerhard Delling (66) und Steakhaus-Erbin Christina Block (51) feierten am Silvester-Abend 2023 scheinbar ausgelassen im Hamburger F\u00fcnf-Sterne-Hotel \u201eGrand Elys\u00e9e\u201c, wie exklusive Aufnahmen zeigen, die BILD vorliegen.<\/b><\/p>\n<p>Doch um 23.19 Uhr verschwindet das Paar pl\u00f6tzlich! Zuvor las Block eine Nachricht auf ihrem Handy, eine Person fl\u00fcsterte ihr etwas ins Ohr. Nur 56 Minuten nach diesen Aufnahmen werden in D\u00e4nemark die zwei Block-Kinder entf\u00fchrt und gewaltsam nach Deutschland gebracht.<\/p>\n<p><b>Lesen Sie mit BILDplus, wie ein Augenzeuge den Abend dokumentierte und was bei Flusskrebsen und Champagner im Luxus-Hotel passierte, w\u00e4hrend die israelischen Entf\u00fchrer in D\u00e4nemark zuschlugen. Das Minuten-Protokoll!<\/b><\/p>\n","protected":false},"excerpt":{"rendered":"TV-Moderator Gerhard Delling (66) und Steakhaus-Erbin Christina Block (51) feierten am Silvester-Abend 2023 scheinbar ausgelassen im Hamburger F\u00fcnf-Sterne-Hotel&hellip;\n","protected":false},"author":2,"featured_media":264639,"comment_status":"","ping_status":"","sticky":false,"template":"","format":"standard","meta":{"footnotes":""},"categories":[1826],"tags":[7038,1160,7039,29,2798,122,30,692,411,121,45],"class_list":{"0":"post-264638","1":"post","2":"type-post","3":"status-publish","4":"format-standard","5":"has-post-thumbnail","7":"category-hamburg","8":"tag-block-house","9":"tag-daenemark","10":"tag-delling-gerhard","11":"tag-deutschland","12":"tag-entfuehrung","13":"tag-fahndungen","14":"tag-germany","15":"tag-hamburg","16":"tag-israel","17":"tag-polizei","18":"tag-texttospeech"},"share_on_mastodon":{"url":"https:\/\/pubeurope.com\/@de\/114845154190400107","error":""},"_links":{"self":[{"href":"https:\/\/www.europesays.com\/de\/wp-json\/wp\/v2\/posts\/264638","targetHints":{"allow":["GET"]}}],"collection":[{"href":"https:\/\/www.europesays.com\/de\/wp-json\/wp\/v2\/posts"}],"about":[{"href":"https:\/\/www.europesays.com\/de\/wp-json\/wp\/v2\/types\/post"}],"author":[{"embeddable":true,"href":"https:\/\/www.europesays.com\/de\/wp-json\/wp\/v2\/users\/2"}],"replies":[{"embeddable":true,"href":"https:\/\/www.europesays.com\/de\/wp-json\/wp\/v2\/comments?post=264638"}],"version-history":[{"count":0,"href":"https:\/\/www.europesays.com\/de\/wp-json\/wp\/v2\/posts\/264638\/revisions"}],"wp:featuredmedia":[{"embeddable":true,"href":"https:\/\/www.europesays.com\/de\/wp-json\/wp\/v2\/media\/264639"}],"wp:attachment":[{"href":"https:\/\/www.europesays.com\/de\/wp-json\/wp\/v2\/media?parent=264638"}],"wp:term":[{"taxonomy":"category","embeddable":true,"href":"https:\/\/www.europesays.com\/de\/wp-json\/wp\/v2\/categories?post=264638"},{"taxonomy":"post_tag","embeddable":true,"href":"https:\/\/www.europesays.com\/de\/wp-json\/wp\/v2\/tags?post=264638"}],"curies":[{"name":"wp","href":"https:\/\/api.w.org\/{rel}","templated":true}]}}