{"id":264714,"date":"2025-07-13T09:53:10","date_gmt":"2025-07-13T09:53:10","guid":{"rendered":"https:\/\/www.europesays.com\/de\/264714\/"},"modified":"2025-07-13T09:53:10","modified_gmt":"2025-07-13T09:53:10","slug":"erhan-masovic-nach-lungenkollaps-im-krankenhaus","status":"publish","type":"post","link":"https:\/\/www.europesays.com\/de\/264714\/","title":{"rendered":"Erhan Masovic nach Lungenkollaps im Krankenhaus"},"content":{"rendered":"<p>Erhan Masovic nach Schock-Verletzung im KrankenhausBochum-Profi erleidet Lungenkollaps &#8211; OP!<img alt=\"Erhan Masovic\" loading=\"lazy\" width=\"940\" height=\"529\" decoding=\"async\" data-nimg=\"1\" class=\"Image_image__SdgLQ Picture_image__vGN9W\" style=\"color:transparent\"   src=\"https:\/\/www.europesays.com\/de\/wp-content\/uploads\/2025\/07\/erhan-masovic.webp.webp\"\/><\/p>\n<p>Der Bochumer Abwehrspieler Erhan Masovic liegt nach einem Lungenkollaps im Krankenhaus.<\/p>\n<p>dpa<\/p>\n<p>13. Juli 2025 um 11:35 Uhr<\/p>\n<p class=\"Typography_text-default__wldUd Typography_align-left__koBUM AnnotatedMarkup_paragraph__IUT9l\"><strong>Gro\u00dfe Sorge um Erhan Masovic!<\/strong><br \/>Der Innenverteidiger des Bundesliga-Absteigers VfL Bochum hat nach einem Zweikampf einen Lungenkollaps erlitten. Er wurde bereits operiert, muss aber vorerst weiter im Krankenhaus bleiben.<\/p>\n<p>Masovics Lungenkollaps \u201eschockiert\u201d den VfL Bochum<\/p>\n<p class=\"Typography_text-default__wldUd Typography_align-left__koBUM AnnotatedMarkup_paragraph__IUT9l\">Verletzungs-Schock beim VfL Bochum! Der Bundesliga-Absteiger muss vorerst auf seinen Abwehrspieler Erhan Masovic verzichten. Der Grund ist besorgniserregend: Der 26-J\u00e4hrige hat einen Lungenkollaps erlitten.<\/p>\n<p class=\"Typography_text-default__wldUd Typography_align-left__koBUM AnnotatedMarkup_paragraph__IUT9l\">\u201e<strong>Die Diagnose hat uns \u00fcberrascht und schockiert.<\/strong> Bei so einer Verletzung steht alles andere erstmal hinten an. Erhan erh\u00e4lt die bestm\u00f6gliche medizinische Versorgung\u201d, sagte Gesch\u00e4ftsf\u00fchrer Dirk Dufner. Zudem teilte der Verein mit, dass Masovic bereits operiert wurde. Auf der Homepage hie\u00df es: \u201e\u00dcber eine kleine Operation wurde mittels Thorax-Drainage die Lunge wieder funktionsf\u00e4hig gemacht.\u201d<\/p>\n<p class=\"Typography_text-default__wldUd Typography_align-left__koBUM AnnotatedMarkup_paragraph__IUT9l\"><strong>Lese-Tipp: <\/strong><a href=\"https:\/\/www.rtl.de\/sport\/fussball\/arminia-bielefeld-gegen-fortuna-duesseldorf-tv-oder-stream-2-bundesliga-topspiel-live-bei-rtl-sehen-id5239816.html\" target=\"_self\" rel=\"noopener\">Topspiel der 2. Bundesliga: Arminia Bielefeld gegen Fortuna D\u00fcsseldorf LIVE bei RTL<\/a><\/p>\n<p class=\"Typography_text-default__wldUd Typography_align-left__koBUM AnnotatedMarkup_paragraph__IUT9l\">Der Abwehrspieler war offenbar im Training am Freitag mit einem Mitspieler zusammengesto\u00dfen. Danach brach die Mannschaft per Flugzeug ins Trainingslager auf, mit Masovic an Bord. Freitagnacht habe er dann im Mannschaftshotel in Bad Aibling \u00fcber Schmerzen geklagt. \u201eEr hat sich schlecht gef\u00fchlt, Samstagmorgen war es nicht besser, deshalb haben wir ihn ins Krankenhaus gebracht und dort liegt er jetzt mit einem Schlauch in der Lunge\u201d, zitiert die Westdeutsche Allgemeine Zeitung Bochums Trainer Dieter Hecking.<\/p>\n<p>Video-Tipp: Achtung, Fu\u00dfball-Fans! Das ist das RTL-Topteam zum 2. Bundesliga-Topspiel<\/p>\n<p>00:56 min<\/p>\n<p>Moderatoren-Trio und zwei Ex-Profis als Experten<\/p>\n<p>Achtung, Fu\u00dfball-Fans! Das ist das RTL-Topteam zum 2. Bundesliga-Topspiel<\/p>\n<p>Anzeige:<\/p>\n<p>Empfehlungen unserer Partner<\/p>\n<p>Masovic-Verletzung erinnert an Drama um Philipp Hofmann<\/p>\n<p class=\"Typography_text-default__wldUd Typography_align-left__koBUM AnnotatedMarkup_paragraph__IUT9l\">Nach der Verletzung von Masovic werden beim Ruhrpottklub b\u00f6se Erinnerungen wach. Erst Anfang Mai hatte der Bochumer St\u00fcrmer Philipp Hofmann im Bundesliga-Ausw\u00e4rtsspiel beim 1. FC Heidenheim einen Rippenbruch und einen daraus resultierenden Lungenkollaps erlitten. <a href=\"https:\/\/www.rtl.de\/sport\/bundesliga-lungenkollaps-nach-crash-bochum-star-philipp-hofmann-notoperiert-id4340839.html\" target=\"_self\" rel=\"noopener\">Die Verletzung sei \u201edurchaus lebensbedrohlich\u201d gewesen, teilte der Klub kurz darauf mit<\/a>. Hofmann habe jedoch \u201eGl\u00fcck im Ungl\u00fcck\u201d gehabt.<\/p>\n<p class=\"Typography_text-default__wldUd Typography_align-left__koBUM AnnotatedMarkup_paragraph__IUT9l\"><strong>Lese-Tipp:<\/strong> <a href=\"https:\/\/www.rtl.de\/sport\/fussball\/kasper-hoegh-von-bodoe-glimt-trifft-viermal-in-nur-37-minuten-doch-kein-tor-zaehlt-id6401738.html\" target=\"_self\" rel=\"noopener\">St\u00fcrmer trifft viermal in nur 37 Minuten &#8211; doch kein Tor z\u00e4hlt<\/a><\/p>\n<p class=\"Typography_text-default__wldUd Typography_align-left__koBUM AnnotatedMarkup_paragraph__IUT9l\">\u00c4hnlich wie bei Hofmann sei es der Umsicht der medizinischen Abteilung des VfL zu verdanken, dass nichts Schlimmeres passiert ist, erkl\u00e4rte der VfL. Aktuell befindet sich der Abwehrspieler noch \u201ezur Beobachtung\u201d im Krankenhaus. <strong>Er werde dort so lange bleiben, \u201ebis er transportf\u00e4hig ist\u201d. <\/strong>(pol)<\/p>\n","protected":false},"excerpt":{"rendered":"Erhan Masovic nach Schock-Verletzung im KrankenhausBochum-Profi erleidet Lungenkollaps &#8211; OP! Der Bochumer Abwehrspieler Erhan Masovic liegt nach einem&hellip;\n","protected":false},"author":2,"featured_media":264715,"comment_status":"","ping_status":"","sticky":false,"template":"","format":"standard","meta":{"footnotes":""},"categories":[1839],"tags":[621,7507,299,468,3364,1260,29,1264,19369,79729,5855,347,19367,19368,19366,485,30,10260,1209,265,8173],"class_list":{"0":"post-264714","1":"post","2":"type-post","3":"status-publish","4":"format-standard","5":"has-post-thumbnail","7":"category-bochum","8":"tag-2-bundesliga","9":"tag-bochum","10":"tag-bundesliga","11":"tag-champions-league","12":"tag-de","13":"tag-deutsche-nationalmannschaft","14":"tag-deutschland","15":"tag-dfb-pokal","16":"tag-ems_sport_fussball","17":"tag-erhan-masovic","18":"tag-europa-league","19":"tag-fussball","20":"tag-fussball-em","21":"tag-fussball-ergebnisse","22":"tag-fussball-wm","23":"tag-fussball-bundesliga","24":"tag-germany","25":"tag-nations-league","26":"tag-nordrhein-westfalen","27":"tag-sport","28":"tag-vfl-bochum"},"share_on_mastodon":{"url":"https:\/\/pubeurope.com\/@de\/114845319432169121","error":""},"_links":{"self":[{"href":"https:\/\/www.europesays.com\/de\/wp-json\/wp\/v2\/posts\/264714","targetHints":{"allow":["GET"]}}],"collection":[{"href":"https:\/\/www.europesays.com\/de\/wp-json\/wp\/v2\/posts"}],"about":[{"href":"https:\/\/www.europesays.com\/de\/wp-json\/wp\/v2\/types\/post"}],"author":[{"embeddable":true,"href":"https:\/\/www.europesays.com\/de\/wp-json\/wp\/v2\/users\/2"}],"replies":[{"embeddable":true,"href":"https:\/\/www.europesays.com\/de\/wp-json\/wp\/v2\/comments?post=264714"}],"version-history":[{"count":0,"href":"https:\/\/www.europesays.com\/de\/wp-json\/wp\/v2\/posts\/264714\/revisions"}],"wp:featuredmedia":[{"embeddable":true,"href":"https:\/\/www.europesays.com\/de\/wp-json\/wp\/v2\/media\/264715"}],"wp:attachment":[{"href":"https:\/\/www.europesays.com\/de\/wp-json\/wp\/v2\/media?parent=264714"}],"wp:term":[{"taxonomy":"category","embeddable":true,"href":"https:\/\/www.europesays.com\/de\/wp-json\/wp\/v2\/categories?post=264714"},{"taxonomy":"post_tag","embeddable":true,"href":"https:\/\/www.europesays.com\/de\/wp-json\/wp\/v2\/tags?post=264714"}],"curies":[{"name":"wp","href":"https:\/\/api.w.org\/{rel}","templated":true}]}}