{"id":264771,"date":"2025-07-13T10:24:10","date_gmt":"2025-07-13T10:24:10","guid":{"rendered":"https:\/\/www.europesays.com\/de\/264771\/"},"modified":"2025-07-13T10:24:10","modified_gmt":"2025-07-13T10:24:10","slug":"vandalismus-in-stuttgart-ost-mehrere-autos-zerkratzt-polizei-sucht-zeugen","status":"publish","type":"post","link":"https:\/\/www.europesays.com\/de\/264771\/","title":{"rendered":"Vandalismus in Stuttgart-Ost: Mehrere Autos zerkratzt \u2013 Polizei sucht Zeugen"},"content":{"rendered":"<p>Bislang unbekannte T\u00e4ter haben in den vergangenen Tagen mehrere Autos, die in der Hackstra\u00dfe in <a href=\"https:\/\/www.stuttgarter-zeitung.de\/thema\/Stuttgart-Ost\" title=\"Stuttgart-Ost\" class=\"art_thema\" target=\"_blank\" rel=\"noopener\">Stuttgart-Ost<\/a> geparkt waren, mutwillig besch\u00e4digt. Die <a href=\"https:\/\/www.stuttgarter-zeitung.de\/thema\/Polizei\" title=\"Polizei\" class=\"art_thema\" target=\"_blank\" rel=\"noopener\">Polizei<\/a> sucht Zeugen.<\/p>\n<p>Wie die Beamten mitteilen, zerkratzten die Unbekannten im Zeitraum zwischen Donnerstagabend und Samstagmittag offenbar mit einem spitzen Gegenstand die Beifahrerseite an insgesamt 16 Fahrzeugen. Der dabei entstandene Schaden wird auf mehrere Tausend Euro gesch\u00e4tzt.<\/p>\n<p>Die Polizei kann nicht ausschlie\u00dfen, dass noch weitere Fahrzeuge besch\u00e4digt wurden und sucht nun nach weiteren betroffenen Fahrzeugbesitzern sowie nach Zeugen, die Hinweise zu den Sachbesch\u00e4digungen geben k\u00f6nnen. Hinweise k\u00f6nnen unter der Telefonnummer 0711\/8990-3500 an das Polizeirevier 5 in der Ostendstra\u00dfe gegeben werden.<\/p>\n","protected":false},"excerpt":{"rendered":"Bislang unbekannte T\u00e4ter haben in den vergangenen Tagen mehrere Autos, die in der Hackstra\u00dfe in Stuttgart-Ost geparkt waren,&hellip;\n","protected":false},"author":2,"featured_media":264772,"comment_status":"","ping_status":"","sticky":false,"template":"","format":"standard","meta":{"footnotes":""},"categories":[1830],"tags":[1634,3364,29,30,121,8248,1441,15389,9026],"class_list":{"0":"post-264771","1":"post","2":"type-post","3":"status-publish","4":"format-standard","5":"has-post-thumbnail","7":"category-stuttgart","8":"tag-baden-wuerttemberg","9":"tag-de","10":"tag-deutschland","11":"tag-germany","12":"tag-polizei","13":"tag-polizeibericht-stuttgart","14":"tag-stuttgart","15":"tag-stuttgart-ost","16":"tag-vandalismus"},"share_on_mastodon":{"url":"https:\/\/pubeurope.com\/@de\/114845441302797931","error":""},"_links":{"self":[{"href":"https:\/\/www.europesays.com\/de\/wp-json\/wp\/v2\/posts\/264771","targetHints":{"allow":["GET"]}}],"collection":[{"href":"https:\/\/www.europesays.com\/de\/wp-json\/wp\/v2\/posts"}],"about":[{"href":"https:\/\/www.europesays.com\/de\/wp-json\/wp\/v2\/types\/post"}],"author":[{"embeddable":true,"href":"https:\/\/www.europesays.com\/de\/wp-json\/wp\/v2\/users\/2"}],"replies":[{"embeddable":true,"href":"https:\/\/www.europesays.com\/de\/wp-json\/wp\/v2\/comments?post=264771"}],"version-history":[{"count":0,"href":"https:\/\/www.europesays.com\/de\/wp-json\/wp\/v2\/posts\/264771\/revisions"}],"wp:featuredmedia":[{"embeddable":true,"href":"https:\/\/www.europesays.com\/de\/wp-json\/wp\/v2\/media\/264772"}],"wp:attachment":[{"href":"https:\/\/www.europesays.com\/de\/wp-json\/wp\/v2\/media?parent=264771"}],"wp:term":[{"taxonomy":"category","embeddable":true,"href":"https:\/\/www.europesays.com\/de\/wp-json\/wp\/v2\/categories?post=264771"},{"taxonomy":"post_tag","embeddable":true,"href":"https:\/\/www.europesays.com\/de\/wp-json\/wp\/v2\/tags?post=264771"}],"curies":[{"name":"wp","href":"https:\/\/api.w.org\/{rel}","templated":true}]}}