{"id":264818,"date":"2025-07-13T10:50:11","date_gmt":"2025-07-13T10:50:11","guid":{"rendered":"https:\/\/www.europesays.com\/de\/264818\/"},"modified":"2025-07-13T10:50:11","modified_gmt":"2025-07-13T10:50:11","slug":"discounter-lachs-auf-keinen-fall-essen","status":"publish","type":"post","link":"https:\/\/www.europesays.com\/de\/264818\/","title":{"rendered":"Discounter-Lachs auf keinen Fall essen"},"content":{"rendered":"<ol class=\"id-DonaldBreadcrumb lp_west_breadcrumb id-DonaldBreadcrumb--default\" data-k5a-pos=\"west_breadcrumb\">\n<li class=\"id-Breadcrumb-item\"><a href=\"https:\/\/www.ruhr24.de\/\" class=\"id-Breadcrumb-link\" data-id-ec=\"{\" shn=\"\" textlink=\"\" data-k5a-pos=\"1_ruhr24\" rel=\"nofollow noopener\" target=\"_blank\">ruhr24<\/a><\/li>\n<li class=\"id-Breadcrumb-item\"><a href=\"https:\/\/www.ruhr24.de\/service\/\" class=\"id-Breadcrumb-link\" data-id-ec=\"{\" shn=\"\" textlink=\"\" data-k5a-pos=\"2_service\" rel=\"nofollow noopener\" target=\"_blank\">Service<\/a><\/li>\n<li class=\"id-Breadcrumb-item\"><a href=\"https:\/\/www.ruhr24.de\/service\/rueckrufe-warnungen\/\" class=\"id-Breadcrumb-link\" data-id-ec=\"{\" shn=\"\" textlink=\"\" data-k5a-pos=\"3_rueckrufeWarnungen\" rel=\"nofollow noopener\" target=\"_blank\">R\u00fcckrufe\/Warnungen<\/a><\/li>\n<\/ol>\n<p class=\"id-Story-timestamp id-Story-timestamp--default\">Stand: 12.07.2025, 10:18 Uhr<\/p>\n<p class=\"id-Story-authors id-Story-authors--default\">Von: <a class=\"id-Story-authors-link lp_west_author\" href=\"https:\/\/www.ruhr24.de\/autor\/magnus-hoppe-epaiysi3r.html\" title=\"Zur Autorenseite von Magnus Hoppe\" data-id-ec=\"{\" shn=\"\" author-link=\"\" hoppe=\"\" data-k5a-pos=\"west_author\" rel=\"nofollow noopener\" target=\"_blank\">Magnus Hoppe<\/a><\/p>\n<p class=\"id-Story-interactionBar id-Story-interactionBar--default\">DruckenTeilen<\/p>\n<p><img decoding=\"async\" class=\"id-RatioPlaceholder-element wv_story_el_image\" src=\"https:\/\/www.europesays.com\/de\/wp-content\/uploads\/2025\/07\/38903331-eingang-einer-aldi-filiale-2setELHkzVfe.jpg\" loading=\"eager\" fetchpriority=\"high\"   height=\"619\" width=\"1100\" alt=\"Eingang einer Aldi-Filiale.\"\/>\u00dcber 100 Filialen von Aldi sind derzeit von einem Produkt-R\u00fcckruf betroffen. \u00a9\u00a0mix1\/Imago<\/p>\n<p class=\"id-StoryElement-leadText\">Aldi schl\u00e4gt Alarm: Ein Lachs-Artikel kann schwere Krankheiten ausl\u00f6sen. Vor allem Schwangere, Kinder und \u00c4ltere sollten sich vor dem R\u00fcckruf-Produkt h\u00fcten.<\/p>\n<p class=\"id-StoryElement-paragraph\">Dortmund \u2013 Der Discounter Aldi Nord kl\u00e4rt \u00fcber einen gro\u00dfen R\u00fcckruf eines Fischs aus dem eigenen Sortiment auf. Der Grund? Gef\u00e4hrliche Bakterien. Bei einer Untersuchung fanden Experten Listerien in einer Packung. Diese Erreger sind besonders f\u00fcr einige Personengruppen gef\u00e4hrlich. Was Aldi-Kunden nun beachten sollten.<\/p>\n<p>Akuter Aldi-R\u00fcckruf: Discounter-Lachs auf keinen Fall essen<\/p>\n<p class=\"id-StoryElement-paragraph\">\u201eLachsspezialit\u00e4ten\u201c der Sorte \u201eGraved Lachs\u201c in der 150-Gramm-Packung sind von dem R\u00fcckruf betroffen. In Zusammenarbeit mit dem Lieferanten, der Guba-Trade GmbH, habe der Discounter das Produkt bereits vorsorglich aus dem Verkauf genommen. Aldi Nord warnt seine Kunden zudem vor dem Verzehr des Fischs (eine <a href=\"https:\/\/www.ruhr24.de\/service\/rueckrufe-warnungen\/aktuell-liste-lebensmittel-produkte-supermarkt-discounter-edeka-rewe-aldi-action-rossmann-kosmetik-93371346.html\" class=\"id-import-Link\" data-id-ec=\"{&quot;sht&quot;:&quot;Container&quot;,&quot;shn&quot;:&quot;Story&quot;,&quot;p&quot;:{&quot;containerType&quot;:&quot;Paragraph&quot;,&quot;displayType&quot;:&quot;Paragraph InlineLink&quot;,&quot;type&quot;:&quot;INLINE_LINK&quot;,&quot;value&quot;:&quot;Liste mit weiteren aktuellen R&#xFC;ckrufen&quot;,&quot;variant&quot;:&quot;standardLink&quot;,&quot;sponsored&quot;:false,&quot;linkHref&quot;:&quot;https:\/\/www.ruhr24.de\/service\/rueckrufe-warnungen\/aktuell-liste-lebensmittel-produkte-supermarkt-discounter-edeka-rewe-aldi-action-rossmann-kosmetik-93371346.html&quot;,&quot;storyElementPosition&quot;:12,&quot;storyElementCount&quot;:25}}\" rel=\"nofollow noopener\" target=\"_blank\">Liste mit weiteren aktuellen R\u00fcckrufen<\/a> gibt es bei RUHR24).<\/p>\n<p class=\"id-StoryElement-paragraph\">Die Gefahr durch Listerien ist durchaus ernst zu nehmen. Die Bakterien l\u00f6sen grippe\u00e4hnliche Symptome aus. Fieber und Durchfall sind h\u00e4ufige Folgen. Schwangere, Kleinkinder und \u00c4ltere sind besonders gef\u00e4hrdet. Eine Infektion kann in schlimmen F\u00e4llen sogar zu Fr\u00fch- oder Fehlgeburten f\u00fchren, wie das Bundesinstitut f\u00fcr Risikobewertung (BfR) mitteilt.<\/p>\n<p>Akuter Aldi-R\u00fcckruf: Liste zeigt Informationen zu verunreinigtem Lachs<\/p>\n<p class=\"id-StoryElement-paragraph\">Damit sich Kunden nicht der Gefahr einer Listeriose aussetzen, folgen hier einmal alle Informationen zum Lachs-R\u00fcckruf bei Aldi auf einen Blick:<\/p>\n<ul class=\"id-StoryElement-list id-StoryElement-list--unordered\">\n<li class=\"id-StoryElement-list-item\"><strong>Betroffenes Produkt: <\/strong>Lachsspezialit\u00e4ten &#8211; Sorte Graved Lachs<\/li>\n<li class=\"id-StoryElement-list-item\"><strong>Inhalt:<\/strong> 150 Gramm<\/li>\n<li class=\"id-StoryElement-list-item\"><strong>Verbrauchsdatum:<\/strong> 14. Juli 2025<\/li>\n<li class=\"id-StoryElement-list-item\"><strong>Hersteller:<\/strong> Guba-Trade GmbH<\/li>\n<li class=\"id-StoryElement-list-item\"><strong>Verkauf \u00fcber:<\/strong> Aldi-Nord Filialen der Gesellschaft Seevetal<\/li>\n<li class=\"id-StoryElement-list-item\"><strong>Betroffene Bundesl\u00e4nder:<\/strong> Bremen, Hamburg, Mecklenburg-Vorpommern, Niedersachsen und Schleswig-Holstein<\/li>\n<\/ul>\n<p><img decoding=\"async\" class=\"id-RatioPlaceholder-element wv_story_el_image\" src=\"https:\/\/www.europesays.com\/de\/wp-content\/uploads\/2025\/07\/38901967-zurueckgerufener-aldi-lachs-2rVHMI0Cnvfe.jpg\" loading=\"lazy\"   height=\"619\" width=\"1100\" alt=\"Zur&#xFC;ckgerufener Aldi-Lachs.\"\/>\u201eGraved Lachs\u201c des Discounters Aldi ist derzeit von einem R\u00fcckruf betroffen. \u00a9\u00a0Depositphotos\/Imago<\/p>\n<p class=\"id-StoryElement-paragraph\">Der Discounter betont, dass andere Mindesthaltbarkeitsdaten nicht betroffen seien. Auch andere Sorten des Lachses w\u00e4ren sicher. Au\u00dferdem wichtig: Lediglich Filialen in der Aldi Nord Gesellschaft Seevetal handelten den Lachs laut Mitteilung des Discounters.<\/p>\n<p class=\"id-StoryElement-paragraph\">Zu der Gesellschaft geh\u00f6ren 110 Filialen in den Bundesl\u00e4ndern Bremen, Hamburg, Mecklenburg-Vorpommern, Niedersachsen und Schleswig-Holstein. \u00dcber die <a href=\"https:\/\/www.aldi-nord.de\/filialen-und-oeffnungszeiten.html\" target=\"_blank\" class=\"id-import-Link id-pageApi-Link--externalDomain\" data-id-ec=\"{&quot;sht&quot;:&quot;Container&quot;,&quot;shn&quot;:&quot;Story&quot;,&quot;p&quot;:{&quot;containerType&quot;:&quot;Paragraph&quot;,&quot;displayType&quot;:&quot;Paragraph InlineLink&quot;,&quot;type&quot;:&quot;INLINE_LINK&quot;,&quot;value&quot;:&quot;Filialsuche von Aldi&quot;,&quot;variant&quot;:&quot;standardLink&quot;,&quot;sponsored&quot;:false,&quot;linkHref&quot;:&quot;https:\/\/www.aldi-nord.de\/filialen-und-oeffnungszeiten.html&quot;,&quot;storyElementPosition&quot;:21,&quot;storyElementCount&quot;:25}}\" rel=\"nofollow noopener\">Filialsuche von Aldi<\/a> k\u00f6nnen Kunden herausfinden, ob auch ihr Laden dazugeh\u00f6rt.<\/p>\n<p>Aldi-R\u00fcckruf: So erhalten Kunden ihr Geld f\u00fcr den Lachs wieder<\/p>\n<p class=\"id-StoryElement-paragraph\">Discounter-Kunden k\u00f6nnen das betroffene Produkt in jeder Aldi-Nord-Filiale zur\u00fcckgeben. Einen Kassenbon ben\u00f6tigen sie daf\u00fcr nicht. Der Discounter erstattet den Kaufpreis f\u00fcr den R\u00fcckruf-Lachs vollst\u00e4ndig. <\/p>\n<p class=\"id-StoryElement-paragraph\">Noch ein Hinweis: Selbst Kunden, die den Lachs durchgehend k\u00fchl lagerten, sollten den R\u00fcckruf ernst nehmen. Listerien vermehren sich auch bei K\u00fchlschranktemperaturen, warnt das BfR. Verunreinigten Fisch k\u00f6nnen Aldi-Kunden weder am Aussehen noch am Geruch erkennen.<\/p>\n","protected":false},"excerpt":{"rendered":"ruhr24 Service R\u00fcckrufe\/Warnungen Stand: 12.07.2025, 10:18 Uhr Von: Magnus Hoppe DruckenTeilen \u00dcber 100 Filialen von Aldi sind derzeit&hellip;\n","protected":false},"author":2,"featured_media":264819,"comment_status":"","ping_status":"","sticky":false,"template":"","format":"standard","meta":{"footnotes":""},"categories":[134],"tags":[175,170,169,29,30,171,174,173,172],"class_list":{"0":"post-264818","1":"post","2":"type-post","3":"status-publish","4":"format-standard","5":"has-post-thumbnail","7":"category-unternehmen-maerkte","8":"tag-business","9":"tag-companies","10":"tag-companies-markets","11":"tag-deutschland","12":"tag-germany","13":"tag-markets","14":"tag-maerkte","15":"tag-unternehmen","16":"tag-unternehmen-maerkte"},"share_on_mastodon":{"url":"https:\/\/pubeurope.com\/@de\/114845543917901317","error":""},"_links":{"self":[{"href":"https:\/\/www.europesays.com\/de\/wp-json\/wp\/v2\/posts\/264818","targetHints":{"allow":["GET"]}}],"collection":[{"href":"https:\/\/www.europesays.com\/de\/wp-json\/wp\/v2\/posts"}],"about":[{"href":"https:\/\/www.europesays.com\/de\/wp-json\/wp\/v2\/types\/post"}],"author":[{"embeddable":true,"href":"https:\/\/www.europesays.com\/de\/wp-json\/wp\/v2\/users\/2"}],"replies":[{"embeddable":true,"href":"https:\/\/www.europesays.com\/de\/wp-json\/wp\/v2\/comments?post=264818"}],"version-history":[{"count":0,"href":"https:\/\/www.europesays.com\/de\/wp-json\/wp\/v2\/posts\/264818\/revisions"}],"wp:featuredmedia":[{"embeddable":true,"href":"https:\/\/www.europesays.com\/de\/wp-json\/wp\/v2\/media\/264819"}],"wp:attachment":[{"href":"https:\/\/www.europesays.com\/de\/wp-json\/wp\/v2\/media?parent=264818"}],"wp:term":[{"taxonomy":"category","embeddable":true,"href":"https:\/\/www.europesays.com\/de\/wp-json\/wp\/v2\/categories?post=264818"},{"taxonomy":"post_tag","embeddable":true,"href":"https:\/\/www.europesays.com\/de\/wp-json\/wp\/v2\/tags?post=264818"}],"curies":[{"name":"wp","href":"https:\/\/api.w.org\/{rel}","templated":true}]}}