{"id":264918,"date":"2025-07-13T11:46:16","date_gmt":"2025-07-13T11:46:16","guid":{"rendered":"https:\/\/www.europesays.com\/de\/264918\/"},"modified":"2025-07-13T11:46:16","modified_gmt":"2025-07-13T11:46:16","slug":"zwischen-waiblingen-und-stuttgart-biker-gruppe-gefaehrdet-verkehrsteilnehmer-zeugen-gesucht","status":"publish","type":"post","link":"https:\/\/www.europesays.com\/de\/264918\/","title":{"rendered":"Zwischen Waiblingen und Stuttgart: Biker-Gruppe gef\u00e4hrdet Verkehrsteilnehmer \u2013 Zeugen gesucht"},"content":{"rendered":"<p>Eine f\u00fcnfk\u00f6pfige Gruppe <a href=\"https:\/\/www.stuttgarter-zeitung.de\/thema\/Motorradfahrer\" title=\"Motorradfahrer\" class=\"art_thema\" target=\"_blank\" rel=\"noopener\">Motorradfahrer<\/a> soll am Samstagnachmittag auf den Bundesstra\u00dfen B29 und B10 zwischen <a href=\"https:\/\/www.stuttgarter-zeitung.de\/thema\/Waiblingen\" title=\"Waiblingen\" class=\"art_thema\" target=\"_blank\" rel=\"noopener\">Waiblingen<\/a> und <a href=\"https:\/\/www.stuttgarter-zeitung.de\/thema\/Stuttgart\" title=\"Stuttgart\" class=\"art_thema\" target=\"_blank\" rel=\"noopener\">Stuttgart<\/a> durch riskante Fahrweise Verkehrsteilnehmer gef\u00e4hrdet haben. Die <a href=\"https:\/\/www.stuttgarter-zeitung.de\/thema\/Polizei\" title=\"Polizei\" class=\"art_thema\" target=\"_blank\" rel=\"noopener\">Polizei<\/a> konnte die Gruppe kontrollieren und sucht nun nach weiteren Gef\u00e4hrdeten sowie nach Zeugen.<\/p>\n<p>Wie die Beamten berichten, meldete sich eine Autofahrerin gegen 15.35 Uhr \u00fcber Notruf und gab an, sie sei auf der B29 und B14 in Richtung Stuttgart unterwegs. Dabei sei ihr eine f\u00fcnfk\u00f6pfige Gruppe Motorradfahrer aufgefallen, aus der zumindest ein Biker die Zeugin auf dem rechten Fahrstreifen auf dem Hinterrad \u00fcberholt haben soll. W\u00e4hrend dieses so genannten \u201eWheelies\u201c sei der Motorradfahrer auf die linke Spur gekommen, auf der die Zeugin unterwegs war. Um einen Unfall zu verhindern, musste sie in Richtung Mittelleitplanke ausweichen. Im weiteren Verlauf sollen zudem zwei Biker aus der Gruppe auf der B10 in riskanter Weise die Fahrstreifen gewechselt haben. <\/p>\n<p>Die f\u00fcnf Motorradfahrer konnten schlie\u00dflich von alarmierten Polizeibeamten an der Gaisburger Br\u00fccke in Stuttgart angehalten und kontrolliert werden. Zeugen und weitere Gef\u00e4hrdete werden gebeten, sich bei unter der Rufnummer 0711\/8990-3500 bei der Polizei zu melden.<\/p>\n","protected":false},"excerpt":{"rendered":"Eine f\u00fcnfk\u00f6pfige Gruppe Motorradfahrer soll am Samstagnachmittag auf den Bundesstra\u00dfen B29 und B10 zwischen Waiblingen und Stuttgart durch&hellip;\n","protected":false},"author":2,"featured_media":264919,"comment_status":"","ping_status":"","sticky":false,"template":"","format":"standard","meta":{"footnotes":""},"categories":[1830],"tags":[1634,3364,29,30,6389,121,8248,1441,15389,9887],"class_list":{"0":"post-264918","1":"post","2":"type-post","3":"status-publish","4":"format-standard","5":"has-post-thumbnail","7":"category-stuttgart","8":"tag-baden-wuerttemberg","9":"tag-de","10":"tag-deutschland","11":"tag-germany","12":"tag-motorradfahrer","13":"tag-polizei","14":"tag-polizeibericht-stuttgart","15":"tag-stuttgart","16":"tag-stuttgart-ost","17":"tag-waiblingen"},"share_on_mastodon":{"url":"https:\/\/pubeurope.com\/@de\/114845763859696166","error":""},"_links":{"self":[{"href":"https:\/\/www.europesays.com\/de\/wp-json\/wp\/v2\/posts\/264918","targetHints":{"allow":["GET"]}}],"collection":[{"href":"https:\/\/www.europesays.com\/de\/wp-json\/wp\/v2\/posts"}],"about":[{"href":"https:\/\/www.europesays.com\/de\/wp-json\/wp\/v2\/types\/post"}],"author":[{"embeddable":true,"href":"https:\/\/www.europesays.com\/de\/wp-json\/wp\/v2\/users\/2"}],"replies":[{"embeddable":true,"href":"https:\/\/www.europesays.com\/de\/wp-json\/wp\/v2\/comments?post=264918"}],"version-history":[{"count":0,"href":"https:\/\/www.europesays.com\/de\/wp-json\/wp\/v2\/posts\/264918\/revisions"}],"wp:featuredmedia":[{"embeddable":true,"href":"https:\/\/www.europesays.com\/de\/wp-json\/wp\/v2\/media\/264919"}],"wp:attachment":[{"href":"https:\/\/www.europesays.com\/de\/wp-json\/wp\/v2\/media?parent=264918"}],"wp:term":[{"taxonomy":"category","embeddable":true,"href":"https:\/\/www.europesays.com\/de\/wp-json\/wp\/v2\/categories?post=264918"},{"taxonomy":"post_tag","embeddable":true,"href":"https:\/\/www.europesays.com\/de\/wp-json\/wp\/v2\/tags?post=264918"}],"curies":[{"name":"wp","href":"https:\/\/api.w.org\/{rel}","templated":true}]}}