{"id":264951,"date":"2025-07-13T12:03:10","date_gmt":"2025-07-13T12:03:10","guid":{"rendered":"https:\/\/www.europesays.com\/de\/264951\/"},"modified":"2025-07-13T12:03:10","modified_gmt":"2025-07-13T12:03:10","slug":"mann-aus-pforzheim-fotografiert-spektakulaeres-im-suesswasser-und-stellt-in-wien-aus-pforzheim","status":"publish","type":"post","link":"https:\/\/www.europesays.com\/de\/264951\/","title":{"rendered":"Mann aus Pforzheim fotografiert Spektakul\u00e4res im S\u00fc\u00dfwasser &#8211; und stellt in Wien aus &#8211; Pforzheim"},"content":{"rendered":"<p>Pforzheim. Haie, Hechte, Huchen: Auf dem Regal seines winzigen B\u00fcros im Keller seines Hauses auf dem Sonnenhof hat Herbert Frei (80) einen Teil seines Bildarchivs sauber beschriftet und griffbereit. Der andere, digitale Teil befindet sich auf seinem Rechner, f\u00fcr den er einen eigenen Server besitzt. Rund 100.000 Fotos hat er bei \u00fcber 5000 Tauchg\u00e4ngen in den vergangenen 42 Jahren geschossen. Dabei hat sich der studierte Ingenieur und Sporttaucher auf S\u00fc\u00dfwasser- und Poolaufnahmen spezialisiert.<\/p>\n<p>Oft an seiner Seite: Seine Frau Helma (77), die ihm in \u00fcber 50 Jahren Ehe bei der Bildbearbeitung und dem Verfassen seiner 34 B\u00fcchern<\/p>\n","protected":false},"excerpt":{"rendered":"Pforzheim. Haie, Hechte, Huchen: Auf dem Regal seines winzigen B\u00fcros im Keller seines Hauses auf dem Sonnenhof hat&hellip;\n","protected":false},"author":2,"featured_media":264952,"comment_status":"","ping_status":"","sticky":false,"template":"","format":"standard","meta":{"footnotes":""},"categories":[1775],"tags":[1793,29,214,1885,30,1794,10469,28782,215],"class_list":{"0":"post-264951","1":"post","2":"type-post","3":"status-publish","4":"format-standard","5":"has-post-thumbnail","7":"category-kunst-und-design","8":"tag-art-and-design","9":"tag-deutschland","10":"tag-entertainment","11":"tag-fotografie","12":"tag-germany","13":"tag-kunst-und-design","14":"tag-pforzheim","15":"tag-tauchen","16":"tag-unterhaltung"},"share_on_mastodon":{"url":"https:\/\/pubeurope.com\/@de\/114845830610892114","error":""},"_links":{"self":[{"href":"https:\/\/www.europesays.com\/de\/wp-json\/wp\/v2\/posts\/264951","targetHints":{"allow":["GET"]}}],"collection":[{"href":"https:\/\/www.europesays.com\/de\/wp-json\/wp\/v2\/posts"}],"about":[{"href":"https:\/\/www.europesays.com\/de\/wp-json\/wp\/v2\/types\/post"}],"author":[{"embeddable":true,"href":"https:\/\/www.europesays.com\/de\/wp-json\/wp\/v2\/users\/2"}],"replies":[{"embeddable":true,"href":"https:\/\/www.europesays.com\/de\/wp-json\/wp\/v2\/comments?post=264951"}],"version-history":[{"count":0,"href":"https:\/\/www.europesays.com\/de\/wp-json\/wp\/v2\/posts\/264951\/revisions"}],"wp:featuredmedia":[{"embeddable":true,"href":"https:\/\/www.europesays.com\/de\/wp-json\/wp\/v2\/media\/264952"}],"wp:attachment":[{"href":"https:\/\/www.europesays.com\/de\/wp-json\/wp\/v2\/media?parent=264951"}],"wp:term":[{"taxonomy":"category","embeddable":true,"href":"https:\/\/www.europesays.com\/de\/wp-json\/wp\/v2\/categories?post=264951"},{"taxonomy":"post_tag","embeddable":true,"href":"https:\/\/www.europesays.com\/de\/wp-json\/wp\/v2\/tags?post=264951"}],"curies":[{"name":"wp","href":"https:\/\/api.w.org\/{rel}","templated":true}]}}